{"id":258139,"date":"2025-07-19T05:54:13","date_gmt":"2025-07-19T05:54:13","guid":{"rendered":"https:\/\/www.europesays.com\/fr\/258139\/"},"modified":"2025-07-19T05:54:13","modified_gmt":"2025-07-19T05:54:13","slug":"la-russie-sapprete-a-renouer-avec-son-passe-sous-staline","status":"publish","type":"post","link":"https:\/\/www.europesays.com\/fr\/258139\/","title":{"rendered":"La Russie s&rsquo;appr\u00eate \u00e0 renouer avec son pass\u00e9 sous Staline"},"content":{"rendered":"<p><img decoding=\"async\" src=\"https:\/\/www.europesays.com\/fr\/wp-content\/uploads\/2025\/07\/694387887160104.webp\" fetchpriority=\"high\" width=\"2000\" height=\"1280\" alt=\"La Russie n'a \u00abaucune r\u00e9ticence\u00bb \u00e0 renouer avec son pass\u00e9 sovi\u00e9tique.\" data-image-id=\"694387887160104\" class=\"watson-snippet__image bg-grey-10 block h-auto w-full \"\/><\/p>\n<p>L&rsquo;adoption d&rsquo;une nouvelle loi en Russie laisse pr\u00e9sager du pire quant aux droits humains.Image: Imago, montage watson<\/p>\n<p>D\u00e8s 2026, le FSB, service de s\u00e9curit\u00e9 int\u00e9rieure russe, devrait reprendre la gestion de plusieurs \u00e9tablissements p\u00e9nitentiaires. Une d\u00e9cision qui alimente les craintes de voir rena\u00eetre un Goulag moderne.<\/p>\n<p>Simon Cleven \/ t-online<\/p>\n<p>Plus de \u00abInternational\u00bb<\/p>\n<p>Un article de<\/p>\n<p><a href=\"https:\/\/www.t-online.de\/\" target=\"_blank\" aria-label=\"t-online\" class=\"block\" rel=\"nofollow noopener\"><img decoding=\"async\" src=\"https:\/\/www.europesays.com\/fr\/wp-content\/uploads\/2025\/04\/logo_tonline.png\" alt=\"t-online\" width=\"1920\" height=\"1080\" loading=\"lazy\" class=\"block h-auto w-full\"\/><\/a><\/p>\n<p class=\"watson-snippet__text my-6 text-[16px] lg:text-[18px] leading-normal md:w-3\/5\">Le FSB, h\u00e9ritier du KGB sovi\u00e9tique, s\u2019appr\u00eate \u00e0 reprendre le contr\u00f4le de sept centres de d\u00e9tention provisoire. La Douma d\u2019Etat a adopt\u00e9 le 8 juillet 2025 un projet de loi en ce sens. L\u2019approbation du Conseil de la F\u00e9d\u00e9ration et la signature de <a target=\"_blank\" rel=\"nofollow noopener\" href=\"https:\/\/www.watson.ch\/fr\/poutine\/\">Vladimir Poutine<\/a> ne sont plus qu\u2019une formalit\u00e9.<\/p>\n<p>Retour probable des goulags<\/p>\n<p class=\"watson-snippet__text my-6 text-[16px] lg:text-[18px] leading-normal md:w-3\/5\">Ces \u00e9tablissements devraient ainsi repasser, au 1er janvier, sous l\u2019autorit\u00e9 des services secrets russes, annulant de fait une r\u00e9forme pourtant cl\u00e9 dans le processus d\u2019adh\u00e9sion de la <a target=\"_blank\" rel=\"nofollow noopener\" href=\"https:\/\/www.watson.ch\/fr\/russie\/\">Russie<\/a> au Conseil de l\u2019Europe dans les ann\u00e9es 1990, apr\u00e8s l\u2019effondrement de l\u2019URSS.<\/p>\n<p class=\"watson-snippet__text my-6 text-[16px] lg:text-[18px] leading-normal md:w-3\/5\">Si certains observateurs qualifient d\u00e9j\u00e0 ces futures prisons du FSB de \u00abGoulag\u00bb, en r\u00e9f\u00e9rence aux camps de travail sovi\u00e9tiques, les d\u00e9put\u00e9s russes, eux, invoquent la guerre en Ukraine pour justifier cette mesure. Mais pourquoi le Kremlin d\u00e9cide-t-il de confier \u00e0 nouveau au FSB la gestion des prisons, et pourquoi maintenant?<\/p>\n<p>Un retour en arri\u00e8re sur la r\u00e9forme de 1996<\/p>\n<p class=\"watson-snippet__text my-6 text-[16px] lg:text-[18px] leading-normal md:w-3\/5\">Lors de son adh\u00e9sion au Conseil de l\u2019<a target=\"_blank\" rel=\"nofollow noopener\" href=\"https:\/\/www.watson.ch\/fr\/europe\/\">Europe<\/a> en 1996, la Russie de Boris Eltsine s\u2019est engag\u00e9e \u00e0 r\u00e9viser \u00abla loi sur les services f\u00e9d\u00e9raux de s\u00e9curit\u00e9 afin de la rendre conforme, dans l\u2019ann\u00e9e suivant l\u2019adh\u00e9sion, aux principes et standards du Conseil de l\u2019Europe\u00bb. L\u2019un des points essentiels \u00e9tait de retirer au FSB le droit de g\u00e9rer ses propres centres de d\u00e9tention.<\/p>\n<p class=\"watson-snippet__text my-6 text-[16px] lg:text-[18px] leading-normal md:w-3\/5\">Mais il a fallu attendre neuf ans pour que la mesure soit officiellement appliqu\u00e9e. En 2005, Vladimir Poutine, directeur du FSB entre 1998 et 1999, signait un d\u00e9cret transf\u00e9rant la gestion des prisons au minist\u00e8re de la <a target=\"_blank\" rel=\"nofollow noopener\" href=\"https:\/\/www.watson.ch\/fr\/justice\/\">Justice<\/a>.<\/p>\n<p class=\"watson-snippet__text my-6 text-[16px] lg:text-[18px] leading-normal md:w-3\/5\">Une r\u00e9forme qui s\u2019est r\u00e9v\u00e9l\u00e9e plus symbolique qu\u2019autre chose. Les journalistes d\u2019investigation Andre\u00ef Soldatov et Irina Borogan ont d\u00e9couvert que des agents du FSB avaient \u00e9t\u00e9 \u00abaffect\u00e9s temporairement\u00bb \u00e0 l\u2019administration p\u00e9nitentiaire, tout en restant sous la tutelle des services de s\u00e9curit\u00e9. Le FSB n\u2019a pas confirm\u00e9 ces informations, sans jamais les d\u00e9mentir non plus. Pour les deux journalistes, il s\u2019agissait d\u2019une \u00abop\u00e9ration classique de d\u00e9sinformation\u00bb.<\/p>\n<p>Lefortovo, la prison tristement c\u00e9l\u00e8bre<\/p>\n<p class=\"watson-snippet__text my-6 text-[16px] lg:text-[18px] leading-normal md:w-3\/5\">La <a target=\"_blank\" rel=\"nofollow noopener\" href=\"https:\/\/www.watson.ch\/fr\/prison\/\">prison<\/a> moscovite de Lefortovo, tristement c\u00e9l\u00e8bre \u00e0 l\u2019\u00e9poque sovi\u00e9tique pour ses tortures, n\u2019a jamais r\u00e9ellement \u00e9chapp\u00e9 au contr\u00f4le du FSB. Le service de renseignement y a conserv\u00e9 ses bureaux, \u00e0 deux pas de son si\u00e8ge. Parmi les d\u00e9tenus r\u00e9cents, l\u2019Am\u00e9ricain Evan Gershkovich, rel\u00e2ch\u00e9 en ao\u00fbt 2024 lors d\u2019un \u00e9change de prisonniers.<\/p>\n<p class=\"watson-snippet__text my-6 text-[16px] lg:text-[18px] leading-normal md:w-3\/5\">A cette prison s\u2019ajoutera d\u00e9sormais la maison d\u2019arr\u00eat de Matrosska\u00efa Tichina, \u00e0 Moscou \u00e9galement, ainsi que des \u00e9tablissements \u00e0 Saint-P\u00e9tersbourg, Rostov-sur-le-Don, Krasnodar, Tcheliabinsk et Vladikavkaz, tous d\u00e9j\u00e0 sous contr\u00f4le du KGB \u00e0 l\u2019\u00e9poque sovi\u00e9tique.<\/p>\n<p class=\"watson-snippet__text my-6 text-[16px] lg:text-[18px] leading-normal md:w-3\/5\">Pour les d\u00e9put\u00e9s russes, cette reprise en main se justifie par l\u2019\u00abactivit\u00e9 accrue des services de renseignement \u00e9trangers\u00bb et les \u00abmenaces terroristes grandissantes\u00bb li\u00e9es \u00e0 la guerre contre l\u2019Ukraine, commenc\u00e9e le 24 f\u00e9vrier 2022.<\/p>\n<p>Vers des pouvoirs \u00e9largis pour le FSB<\/p>\n<p class=\"watson-snippet__text my-6 text-[16px] lg:text-[18px] leading-normal md:w-3\/5\">Le d\u00e9put\u00e9 Vassili Piskarev, pr\u00e9sident de la commission de la s\u00e9curit\u00e9 et de la lutte contre la corruption, cit\u00e9 par le Moscow Times, a d\u00e9clar\u00e9:<\/p>\n<p>\u00abLa loi vise \u00e0 emp\u00eacher que des suspects dans des affaires de s\u00e9curit\u00e9 nationale n\u2019entrent en contact avec d\u2019autres d\u00e9tenus.\u00bb<\/p>\n<p class=\"watson-snippet__text my-6 text-[16px] lg:text-[18px] leading-normal md:w-3\/5\">Toujours selon lui:<\/p>\n<p>\u00abEn isolant ces personnes, les autorit\u00e9s pourront emp\u00eacher les tentatives des services secrets \u00e9trangers ou des groupes terroristes de les contacter ou de les impliquer dans des activit\u00e9s d\u00e9stabilisatrices.\u00bb<\/p>\n<p class=\"watson-snippet__text my-6 text-[16px] lg:text-[18px] leading-normal md:w-3\/5\">Mais cette premi\u00e8re loi n\u2019est qu\u2019un d\u00e9but. Deux autres projets sont \u00e0 l\u2019\u00e9tude. Le premier pr\u00e9voit la cr\u00e9ation d\u2019un syst\u00e8me de transport propre au FSB pour transf\u00e9rer les d\u00e9tenus par route, train sp\u00e9cial, bateau ou avion. Le second donnerait aux agents des pouvoirs disciplinaires \u00e0 l\u2019int\u00e9rieur des prisons, leur permettant d\u2019enqu\u00eater et de sanctionner les d\u00e9tenus jug\u00e9s perturbateurs.<\/p>\n<p>Une \u00e8re de r\u00e9pression violente en pr\u00e9paration<\/p>\n<p class=\"watson-snippet__text my-6 text-[16px] lg:text-[18px] leading-normal md:w-3\/5\">Pour Irina Borogan et Andre\u00ef Soldatov, cela ressemble \u00e0 une pr\u00e9paration \u00e0 des r\u00e9pressions d\u2019une ampleur in\u00e9dite. Dans une analyse pour le Center for European Policy Analysis (CEPA), ils \u00e9tablissent un parall\u00e8le avec l\u2019\u00e9poque stalinienne, lorsque le NKVD, l&rsquo;anc\u00eatre du KGB, contr\u00f4lait \u00e0 la fois les prisons et les moyens de transport, outil essentiel du syst\u00e8me r\u00e9pressif. Le FSB, constatent-ils, ne montre \u00abaucune r\u00e9ticence\u00bb \u00e0 renouer avec ce pass\u00e9.<\/p>\n<p class=\"watson-snippet__text my-6 text-[16px] lg:text-[18px] leading-normal md:w-3\/5\">Le d\u00e9fenseur des droits humains Alexandre Podrabinek partage cette inqui\u00e9tude. Dans un texte pour l\u2019ONG \u00abRights in Russia\u00bb, il rappelle les heures sombres du stalinisme. Le niveau de r\u00e9pression n\u2019a pas encore atteint celui de l\u2019\u00e9poque, estime-t-il, mais \u00able chemin est tout trac\u00e9\u00bb. Il redoute un retour des camps politiques et la mise en place de proc\u00e9dures sp\u00e9ciales pour les affaires dites \u00abpolitiques\u00bb. Podrabinek ajoute:<\/p>\n<p>\u00abPeut-\u00eatre n\u2019irons-nous pas jusqu\u2019aux commissions sp\u00e9ciales du NKVD et aux condamnations sur simple liste, mais les proc\u00e8s \u00e0 huis clos ou par visioconf\u00e9rence sont d\u00e9j\u00e0 une r\u00e9alit\u00e9. Tout comme les d\u00e9tentions provisoires et les peines de prison inflig\u00e9es aux avocats qui d\u00e9fendent des prisonniers politiques.\u00bb<\/p>\n<p>Toujours plus de prisonniers politiques<\/p>\n<p class=\"watson-snippet__text my-6 text-[16px] lg:text-[18px] leading-normal md:w-3\/5\">Le militant note que le nombre de prisonniers politiques en Russie a fortement augment\u00e9 ces derni\u00e8res ann\u00e9es, rendant cruciales les questions \u00ablogistiques\u00bb pour les services charg\u00e9s de la r\u00e9pression.<\/p>\n<p class=\"watson-snippet__text my-6 text-[16px] lg:text-[18px] leading-normal md:w-3\/5\">Historiquement, rappelle-t-il, les r\u00e8gles en vigueur dans les \u00e9tablissements contr\u00f4l\u00e9s par les services de s\u00e9curit\u00e9 ont toujours diff\u00e9r\u00e9 de celles des prisons ordinaires. Comme l&rsquo;explique Alexandre Podrabinek:<\/p>\n<p>\u00abDans un proc\u00e8s p\u00e9nal classique, il fallait au moins rassembler un minimum de preuves. Les services de s\u00e9curit\u00e9, eux, avaient pour mission suppl\u00e9mentaire de briser la volont\u00e9 des prisonniers politiques, de les d\u00e9moraliser, voire de les pousser \u00e0 des aveux forc\u00e9s ou \u00e0 exprimer des \u201cregrets\u201d publics.\u00bb<\/p>\n<p class=\"watson-snippet__text my-6 text-[16px] lg:text-[18px] leading-normal md:w-3\/5\">Et dans cette logique, l\u2019organisation de la d\u00e9tention a toute son importance.<\/p>\n<p>\u00abLa nouvelle loi offrira au FSB de nouveaux moyens d\u2019action\u00bb<\/p>\n<p class=\"watson-snippet__text my-6 text-[16px] lg:text-[18px] leading-normal md:w-3\/5\">Adapt\u00e9 de l\u2019allemand par Tanja Maeder<\/p>\n<p>Plus d&rsquo;articles concernant la Russie <\/p>\n<p>Alligator Alcatraz, la nouvelle prison hardcore de Trump en Floride<\/p>\n<p>1 \/ 12<\/p>\n<p>Alligator Alcatraz, la nouvelle prison hardcore de Trump en Floride<\/p>\n<p>Donald Trump a inaugur\u00e9 ce nouveau centre de d\u00e9tention pour migrants sans papiers le 1er juillet, en pr\u00e9sence du gouverneur de Floride Ron DeSantis.<\/p>\n<p>source: reuters \/ evelyn hockstein<\/p>\n<p><a href=\"\" target=\"_blank\" aria-label=\"partager sur Facebook\" class=\"watson-sharebar__panel__icons-fb mr-2\"><img decoding=\"async\" src=\"https:\/\/www.europesays.com\/fr\/wp-content\/uploads\/2025\/04\/facebook.png\" alt=\"partager sur Facebook\" width=\"20\" height=\"20\" loading=\"lazy\" class=\"h-5 w-auto lg:h-4\"\/><\/a><a href=\"\" target=\"_blank\" aria-label=\"partager sur X\" class=\"watson-sharebar__panel__icons-tw mr-2\"><img decoding=\"async\" src=\"https:\/\/www.watson.ch\/fr\/_watsui\/static\/img\/socialicons\/icon_filled_x.svg\" alt=\"partager sur X\" width=\"20\" height=\"20\" loading=\"lazy\" class=\"h-4 w-auto lg:h-3\"\/><\/a><\/p>\n<p>Ce soldat russe risque sa vie pour \u00eatre prisonnier<\/p>\n<p>Video: watson<\/p>\n<p>Ceci pourrait \u00e9galement vous int\u00e9resser:<\/p>\n<p>        <a href=\"https:\/\/www.watson.ch\/fr\/international\/syrie\/750361828-israel-et-la-syrie-s-accordent-sur-un-cessez-le-feu\" aria-label=\"L\u2019article\" class=\"watson-next-story__link absolute inset-0 z-10\" rel=\"nofollow noopener\" target=\"_blank\"><\/p>\n<p>Le gouvernement syrien et Isra\u00ebl se sont accord\u00e9s vendredi soir sur un cessez-le-feu sous l&rsquo;\u00e9gide des Etats-Unis, mais des affrontements opposent toujours des combattants tribaux et druzes dans le sud du pays.<\/p>\n<p>Le premier ministre isra\u00e9lien, Benjamin Netanyahu et le pr\u00e9sident int\u00e9rimaire syrien, Ahmad al-Chareh \u00abont accept\u00e9 un cessez-le-feu\u00bb, a annonc\u00e9 l&rsquo;\u00e9missaire am\u00e9ricain pour la Syrie, Tom Barrack. Il s&rsquo;est exprim\u00e9 deux jours apr\u00e8s des bombardements isra\u00e9liens sur Damas.<\/p>\n","protected":false},"excerpt":{"rendered":"L&rsquo;adoption d&rsquo;une nouvelle loi en Russie laisse pr\u00e9sager du pire quant aux droits humains.Image: Imago, montage watson D\u00e8s&hellip;\n","protected":false},"author":2,"featured_media":258140,"comment_status":"","ping_status":"","sticky":false,"template":"","format":"standard","meta":{"footnotes":""},"categories":[1591],"tags":[11,1887,12,1885,1886,132],"class_list":{"0":"post-258139","1":"post","2":"type-post","3":"status-publish","4":"format-standard","5":"has-post-thumbnail","7":"category-russie","8":"tag-actualites","9":"tag-federation-de-russie","10":"tag-news","11":"tag-russia","12":"tag-russian-federation","13":"tag-russie"},"share_on_mastodon":{"url":"https:\/\/pubeurope.com\/@fr\/114878353664063071","error":""},"_links":{"self":[{"href":"https:\/\/www.europesays.com\/fr\/wp-json\/wp\/v2\/posts\/258139","targetHints":{"allow":["GET"]}}],"collection":[{"href":"https:\/\/www.europesays.com\/fr\/wp-json\/wp\/v2\/posts"}],"about":[{"href":"https:\/\/www.europesays.com\/fr\/wp-json\/wp\/v2\/types\/post"}],"author":[{"embeddable":true,"href":"https:\/\/www.europesays.com\/fr\/wp-json\/wp\/v2\/users\/2"}],"replies":[{"embeddable":true,"href":"https:\/\/www.europesays.com\/fr\/wp-json\/wp\/v2\/comments?post=258139"}],"version-history":[{"count":0,"href":"https:\/\/www.europesays.com\/fr\/wp-json\/wp\/v2\/posts\/258139\/revisions"}],"wp:featuredmedia":[{"embeddable":true,"href":"https:\/\/www.europesays.com\/fr\/wp-json\/wp\/v2\/media\/258140"}],"wp:attachment":[{"href":"https:\/\/www.europesays.com\/fr\/wp-json\/wp\/v2\/media?parent=258139"}],"wp:term":[{"taxonomy":"category","embeddable":true,"href":"https:\/\/www.europesays.com\/fr\/wp-json\/wp\/v2\/categories?post=258139"},{"taxonomy":"post_tag","embeddable":true,"href":"https:\/\/www.europesays.com\/fr\/wp-json\/wp\/v2\/tags?post=258139"}],"curies":[{"name":"wp","href":"https:\/\/api.w.org\/{rel}","templated":true}]}}