{"id":258143,"date":"2025-07-19T05:56:12","date_gmt":"2025-07-19T05:56:12","guid":{"rendered":"https:\/\/www.europesays.com\/fr\/258143\/"},"modified":"2025-07-19T05:56:12","modified_gmt":"2025-07-19T05:56:12","slug":"les-etats-unis-rejettent-les-amendements-adoptes-par-loms","status":"publish","type":"post","link":"https:\/\/www.europesays.com\/fr\/258143\/","title":{"rendered":"les \u00c9tats-Unis rejettent les amendements adopt\u00e9s par l\u2019OMS"},"content":{"rendered":"<p class=\"article-p mdl\">L\u2019Am\u00e9rique ne se laissera pas dicter sa conduite en mati\u00e8re de sant\u00e9 publique\u2026 C\u2019est en substance le message envoy\u00e9 vendredi 18 juillet par l\u2019administration de Donald Trump. Le gouvernement am\u00e9ricain <strong>a annonc\u00e9 son rejet des amendements adopt\u00e9s en 2024<\/strong> par les pays membres de l\u2019Organisation mondiale de la sant\u00e9 (OMS), dans le but de mieux pr\u00e9venir et g\u00e9rer les pand\u00e9mies. En cause : une atteinte suppos\u00e9e \u00e0 la souverainet\u00e9 nationale.<\/p>\n<p class=\"article-p mdl\">En 2024, les pays membres de l&rsquo;OMS ont adopt\u00e9\u00a0<a class=\"link\" href=\"https:\/\/www.rtl.fr\/actu\/sante\/l-oms-approuve-un-accord-historique-sur-la-preparation-et-la-lutte-contre-les-futures-pandemies-7900494822\" target=\"_blank\" rel=\"nofollow noopener\">des amendements au R\u00e8glement sanitaire international (RSI)<\/a>, un cadre juridiquement contraignant pour r\u00e9pondre aux urgences de sant\u00e9 publique <strong>qui avait montr\u00e9 ses limites pendant le Covid<\/strong>. Le pr\u00e9sident am\u00e9ricain Donald Trump a d\u00e9cid\u00e9 d\u00e8s son retour au pouvoir en janvier de retirer les Etats-Unis de cette agence de l&rsquo;ONU. Mais, selon le d\u00e9partement d&rsquo;\u00c9tat, ces amendements sont toujours contraignants pour le pays.<\/p>\n<p class=\"article-p mdl\">Le ministre de la Sant\u00e9 Robert Kennedy Jr, connu pour ses positions vaccinosceptiques, et le secr\u00e9taire d&rsquo;\u00c9tat Marco Rubio affirment dans un communiqu\u00e9 que \u00ab\u00a0<strong>ces amendements risquent d&rsquo;entraver ind\u00fbment notre droit souverain \u00e0 \u00e9laborer notre politique sanitaire<\/strong>\u00ab\u00a0.\n<\/p>\n<p>            \u00ab\u00a0Urgence pand\u00e9mique\u00a0\u00bb et \u00ab\u00a0plus de solidarit\u00e9 et d&rsquo;\u00e9quit\u00e9\u00a0\u00bb, selon l&rsquo;OMS.<\/p>\n<p class=\"article-p mdl\">Ils avaient \u00e9t\u00e9 adopt\u00e9s apr\u00e8s que l&rsquo;organisation a \u00e9chou\u00e9 l&rsquo;ann\u00e9e derni\u00e8re \u00e0 conclure un accord mondial plus ambitieux dans la lutte contre les pand\u00e9mies. <strong>En 2025, cet accord avait finalement \u00e9t\u00e9 conclu, mais sans les \u00c9tats-Unis.<\/strong><\/p>\n<p class=\"article-p mdl\">\u00ab\u00a0Nous regrettons la d\u00e9cision des \u00c9tats-Unis de rejeter les amendements\u00a0\u00bb, a d\u00e9clar\u00e9 le chef de l&rsquo;OMS Tedros Adhanom Ghebreyesus dans un communiqu\u00e9 publi\u00e9 sur X. Il a soulign\u00e9 que les amendements \u00ab\u00a0<strong>sont clairs au sujet de la souverainet\u00e9 des \u00c9tats membres<\/strong>\u00ab\u00a0, ajoutant que l&rsquo;OMS ne pouvait pas\u00a0<a class=\"link\" href=\"https:\/\/www.rtl.fr\/actu\/sante\/covid-19-l-origine-du-virus-reste-un-mystere-toutes-les-hypotheses-restent-sur-la-table-dit-l-oms-7900519934\" target=\"_blank\" rel=\"nofollow noopener\">d\u00e9cider de confinements<\/a>\u00a0ou de mesures similaires.<\/p>\n<p class=\"article-p mdl\">Washington, sous la pr\u00e9sidence de Joe Biden, avait pris part aux n\u00e9gociations en 2024 mais n&rsquo;\u00e9tait pas parvenu \u00e0 trouver un consensus. <strong>Les \u00c9tats-Unis exigeaient en effet plus de protections<\/strong> concernant les droits de propri\u00e9t\u00e9 intellectuelle sur les\u00a0<a class=\"link\" href=\"https:\/\/www.rtl.fr\/actu\/sante\/mpox-l-oms-recommande-de-lancer-des-plans-de-vaccination-dans-les-zones-touchees-7900409557\" target=\"_blank\" rel=\"nofollow noopener\">vaccins am\u00e9ricains<\/a>. Le pr\u00e9d\u00e9cesseur de Marco Rubio, Antony Blinken, avait par la suite salu\u00e9 les amendements, les qualifiant de progr\u00e8s.\n<\/p>\n<p>    La r\u00e9daction vous recommande<\/p>\n<p class=\"s-newsletter__title\">\n                L\u2019actualit\u00e9 par la r\u00e9daction de RTL dans votre bo\u00eete mail.\n            <\/p>\n<p class=\"s-newsletter__subtitle\">\n                Gr\u00e2ce \u00e0 votre compte RTL abonnez-vous \u00e0 la newsletter RTL info pour suivre toute l&rsquo;actualit\u00e9 au quotidien\n            <\/p>\n<p>\n                                    Lire la suite\n                                <\/p>\n","protected":false},"excerpt":{"rendered":"L\u2019Am\u00e9rique ne se laissera pas dicter sa conduite en mati\u00e8re de sant\u00e9 publique\u2026 C\u2019est en substance le message&hellip;\n","protected":false},"author":2,"featured_media":258144,"comment_status":"","ping_status":"","sticky":false,"template":"","format":"standard","meta":{"footnotes":""},"categories":[1589],"tags":[11,4356,73,1866,107,2778,12,2570,71,1864,1865,1863,308],"class_list":{"0":"post-258143","1":"post","2":"type-post","3":"status-publish","4":"format-standard","5":"has-post-thumbnail","7":"category-etats-unis","8":"tag-actualites","9":"tag-coronavirus","10":"tag-etats-unis","11":"tag-etats-unis-damerique","12":"tag-fil-info","13":"tag-maladies","14":"tag-news","15":"tag-oms","16":"tag-sante","17":"tag-united-states","18":"tag-united-states-of-america","19":"tag-us","20":"tag-usa"},"share_on_mastodon":{"url":"https:\/\/pubeurope.com\/@fr\/114878361344874194","error":""},"_links":{"self":[{"href":"https:\/\/www.europesays.com\/fr\/wp-json\/wp\/v2\/posts\/258143","targetHints":{"allow":["GET"]}}],"collection":[{"href":"https:\/\/www.europesays.com\/fr\/wp-json\/wp\/v2\/posts"}],"about":[{"href":"https:\/\/www.europesays.com\/fr\/wp-json\/wp\/v2\/types\/post"}],"author":[{"embeddable":true,"href":"https:\/\/www.europesays.com\/fr\/wp-json\/wp\/v2\/users\/2"}],"replies":[{"embeddable":true,"href":"https:\/\/www.europesays.com\/fr\/wp-json\/wp\/v2\/comments?post=258143"}],"version-history":[{"count":0,"href":"https:\/\/www.europesays.com\/fr\/wp-json\/wp\/v2\/posts\/258143\/revisions"}],"wp:featuredmedia":[{"embeddable":true,"href":"https:\/\/www.europesays.com\/fr\/wp-json\/wp\/v2\/media\/258144"}],"wp:attachment":[{"href":"https:\/\/www.europesays.com\/fr\/wp-json\/wp\/v2\/media?parent=258143"}],"wp:term":[{"taxonomy":"category","embeddable":true,"href":"https:\/\/www.europesays.com\/fr\/wp-json\/wp\/v2\/categories?post=258143"},{"taxonomy":"post_tag","embeddable":true,"href":"https:\/\/www.europesays.com\/fr\/wp-json\/wp\/v2\/tags?post=258143"}],"curies":[{"name":"wp","href":"https:\/\/api.w.org\/{rel}","templated":true}]}}