{"id":258163,"date":"2025-07-19T06:06:16","date_gmt":"2025-07-19T06:06:16","guid":{"rendered":"https:\/\/www.europesays.com\/fr\/258163\/"},"modified":"2025-07-19T06:06:16","modified_gmt":"2025-07-19T06:06:16","slug":"officiel-antoine-dupont-mauvaise-nouvelle-pour-le-xv-de-france","status":"publish","type":"post","link":"https:\/\/www.europesays.com\/fr\/258163\/","title":{"rendered":"Officiel &#8211; Antoine Dupont : Mauvaise nouvelle pour le XV de France !"},"content":{"rendered":"<p>                    Guillaume de Saint Sauveur<br \/>\n                        &#8211;<\/p>\n<p>Journaliste<\/p>\n<p>Dipl\u00f4m\u00e9 d\u2019Ecole de Journalisme \u00e0 Paris. Sp\u00e9cialis\u00e9 football, et plus particuli\u00e8rement sur le mercato. Fan du PSG et du Stade Fran\u00e7ais.<\/p>\n<p class=\"heading\">Toujours en pleine r\u00e9\u00e9ducation alors qu&rsquo;il avait contract\u00e9 une s\u00e9rieuse blessure au genou droit en mars dernier avec le XV de France durant le Tournoi des 6 Nations, Antoine Dupont a fait le point sur son retour. Et le capitaine des Bleus ainsi que du Stade Toulousain annonce d&rsquo;ores et d\u00e9j\u00e0 qu&rsquo;il ne participera pas aux tests matchs du mois de novembre&#8230; <\/p>\n<p>Victime d&rsquo;une rupture des ligaments crois\u00e9s du genou droit en mars dernier alors qu&rsquo;il affrontait l&rsquo;Irlande avec le <strong>XV de France<\/strong> pour le compte du Tournoi des 6 Nations, <strong>Antoine<\/strong> <strong>Dupont<\/strong> ne retrouvera pas les terrains avant le mois de novembre prochain. Suffisant pour disputer la tourn\u00e9e d&rsquo;automne avec les Bleus ? Dans un entretien accord\u00e9 \u00e0 L&rsquo;EQUIPE, le demi de m\u00eal\u00e9e du <strong>Stade<\/strong> <strong>Toulousain<\/strong> officialise d\u00e9j\u00e0 son forfait pour les tests matchs du mois de novembre. <\/p>\n<p>                                            Dupont \u00e9voque son retour de blessure <\/p>\n<p>\u00ab Les prochaines \u00e9tapes de ma convalescence ? C&rsquo;est continuer le renforcement musculaire et la reprise de courses de plus en plus intens\u00e9ment, surtout au mois d&rsquo;ao\u00fbt. J&rsquo;aurai encore une petite semaine de coupure juste avant septembre. Puis je commencerai s\u00e9rieusement \u00e0 travailler les appuis fin septembre-d\u00e9but octobre. C&rsquo;est \u00e0 ce moment-l\u00e0, je l&rsquo;esp\u00e8re, que je reprendrais les entra\u00eenements collectifs avec mes partenaires \u00bb, indique dans un premier temps <a href=\"https:\/\/le10sport.com\/rugby\/antoine-dupont-gros-doute-pour-la-suite-de-sa-carriere-750870\" rel=\"nofollow noopener\" target=\"_blank\">Antoine Dupont<\/a>, avant d&rsquo;annoncer son forfait pour novembre avec le <strong>XV de France<\/strong>. <\/p>\n<p>                                            Pas de tests en novembre avec le XV de France<\/p>\n<p>\u00ab Une date pour mon retour ? C&rsquo;est continuer le renforcement musculaire et la reprise de courses de plus en plus intens\u00e9ment, surtout au mois d&rsquo;ao\u00fbt. J&rsquo;aurai encore une petite semaine de coupure juste avant septembre. Puis je commencerai s\u00e9rieusement \u00e0 travailler les appuis fin septembre-d\u00e9but octobre. C&rsquo;est \u00e0 ce moment-l\u00e0, je l&rsquo;esp\u00e8re, que je reprendrais les entra\u00eenements collectifs avec mes partenaires. Forfait pour les test de novembre avec le XV de France ? Oui. Je ne suis pas s\u00fbr que \u00e7a serait tr\u00e8s intelligent de se presser, m\u00eame si c&rsquo;est toujours dur de manquer des \u00e9ch\u00e9ances internationales. Il me reste encore quelques ann\u00e9es de carri\u00e8re, et des genoux, je n&rsquo;en ai que deux, dont un qui est d\u00e9j\u00e0 bien ab\u00eem\u00e9. Il faut donc que j&rsquo;en prenne soin \u00bb. <strong>Fabien<\/strong> <strong>Galthi\u00e9<\/strong> devrait donc, une fois de plus, composer sans <strong>Antoine<\/strong> <strong>Dupont<\/strong> pour ce rendez-vous. <\/p>\n","protected":false},"excerpt":{"rendered":"Guillaume de Saint Sauveur &#8211; Journaliste Dipl\u00f4m\u00e9 d\u2019Ecole de Journalisme \u00e0 Paris. Sp\u00e9cialis\u00e9 football, et plus particuli\u00e8rement sur&hellip;\n","protected":false},"author":2,"featured_media":258164,"comment_status":"","ping_status":"","sticky":false,"template":"","format":"standard","meta":{"footnotes":""},"categories":[1416],"tags":[1011,27,479,1468,60],"class_list":{"0":"post-258163","1":"post","2":"type-post","3":"status-publish","4":"format-standard","5":"has-post-thumbnail","7":"category-rugby","8":"tag-fr","9":"tag-france","10":"tag-rugby","11":"tag-rugby-football","12":"tag-sports"},"share_on_mastodon":{"url":"https:\/\/pubeurope.com\/@fr\/114878400792203996","error":""},"_links":{"self":[{"href":"https:\/\/www.europesays.com\/fr\/wp-json\/wp\/v2\/posts\/258163","targetHints":{"allow":["GET"]}}],"collection":[{"href":"https:\/\/www.europesays.com\/fr\/wp-json\/wp\/v2\/posts"}],"about":[{"href":"https:\/\/www.europesays.com\/fr\/wp-json\/wp\/v2\/types\/post"}],"author":[{"embeddable":true,"href":"https:\/\/www.europesays.com\/fr\/wp-json\/wp\/v2\/users\/2"}],"replies":[{"embeddable":true,"href":"https:\/\/www.europesays.com\/fr\/wp-json\/wp\/v2\/comments?post=258163"}],"version-history":[{"count":0,"href":"https:\/\/www.europesays.com\/fr\/wp-json\/wp\/v2\/posts\/258163\/revisions"}],"wp:featuredmedia":[{"embeddable":true,"href":"https:\/\/www.europesays.com\/fr\/wp-json\/wp\/v2\/media\/258164"}],"wp:attachment":[{"href":"https:\/\/www.europesays.com\/fr\/wp-json\/wp\/v2\/media?parent=258163"}],"wp:term":[{"taxonomy":"category","embeddable":true,"href":"https:\/\/www.europesays.com\/fr\/wp-json\/wp\/v2\/categories?post=258163"},{"taxonomy":"post_tag","embeddable":true,"href":"https:\/\/www.europesays.com\/fr\/wp-json\/wp\/v2\/tags?post=258163"}],"curies":[{"name":"wp","href":"https:\/\/api.w.org\/{rel}","templated":true}]}}