{"id":258165,"date":"2025-07-19T06:07:11","date_gmt":"2025-07-19T06:07:11","guid":{"rendered":"https:\/\/www.europesays.com\/fr\/258165\/"},"modified":"2025-07-19T06:07:11","modified_gmt":"2025-07-19T06:07:11","slug":"tennis-lois-boisson-soffre-une-nouvelle-demi-finale-a-hambourg","status":"publish","type":"post","link":"https:\/\/www.europesays.com\/fr\/258165\/","title":{"rendered":"Tennis\u00a0: Lo\u00efs Boisson s\u2019offre une nouvelle demi-finale \u00e0 Hambourg"},"content":{"rendered":"<p class=\"paragraph text_align_left lp-f-body-02\"><a href=\"https:\/\/www.leparisien.fr\/sports\/tennis\/lois-boisson\/\" target=\"_blank\" rel=\"noreferrer nofollow noopener\">Lo\u00efs Boisson<\/a>, r\u00e9v\u00e9lation du dernier Roland-Garros, a poursuivi sa tr\u00e8s belle semaine \u00e0 Hambourg en se hissant vendredi en demi-finale du tournoi WTA 250 sur terre battue.<\/p>\n<p class=\"paragraph text_align_left lp-f-body-02\">La Fran\u00e7aise (63e mondiale), demi-finaliste surprise \u00e0 Paris, a facilement battu la Bulgare Viktoriya Tomova (105e), 6-3, 6-3.<\/p>\n<p class=\"paragraph text_align_left lp-f-body-02\">Elle affrontera samedi l\u2019Ukrainienne Dayana Yastremska (39e) pour tenter d\u2019atteindre sa premi\u00e8re finale sur le circuit WTA.<\/p>\n<p class=\"paragraph text_align_left lp-f-body-02\">Depuis son tournoi sensationnel \u00e0 Roland-Garros, o\u00f9 elle n\u2019a c\u00e9d\u00e9 qu\u2019en demi-finale face \u00e0 l\u2019Am\u00e9ricaine Coco Gauff, future laur\u00e9ate, apr\u00e8s avoir \u00e9limin\u00e9 deux membres du Top 10, Lo\u00efs Boisson s\u2019est test\u00e9e sans succ\u00e8s sur le gazon, battue d\u00e8s le premier tour des qualifications \u00e0 Wimbledon.<\/p>\n<p class=\"paragraph text_align_left lp-f-body-02\">De retour sur la terre battue, la Fran\u00e7aise a \u00e9t\u00e9 \u00e9limin\u00e9e au deuxi\u00e8me tour du tournoi WTA 125 de Bastad au d\u00e9but du mois. Mais \u00e0 <a href=\"https:\/\/www.leparisien.fr\/sports\/tennis\/tennis-lheroine-de-roland-garros-lois-boisson-qualifiee-pour-les-quarts-de-finale-a-hambourg-16-07-2025-G3FGV5YYJNDOZGNPS4C42NSJO4.php\" target=\"_blank\" rel=\"noreferrer nofollow noopener\">Hambourg<\/a>, Boisson encha\u00eene les tours.<\/p>\n<p class=\"paragraph text_align_left lp-f-body-02\">Si jeudi face \u00e0 l\u2019Allemande Tamara Korpatsch (163e), la Dijonnaise a eu besoin de trois sets 6-4, 6-7 (3\/7), 6-4 et pr\u00e8s de trois heures de jeu, en quarts elle en revanche balay\u00e9 Tomova en une petite heure.<\/p>\n","protected":false},"excerpt":{"rendered":"Lo\u00efs Boisson, r\u00e9v\u00e9lation du dernier Roland-Garros, a poursuivi sa tr\u00e8s belle semaine \u00e0 Hambourg en se hissant vendredi&hellip;\n","protected":false},"author":2,"featured_media":258166,"comment_status":"","ping_status":"","sticky":false,"template":"","format":"standard","meta":{"footnotes":""},"categories":[1415],"tags":[1011,27,60,1467],"class_list":{"0":"post-258165","1":"post","2":"type-post","3":"status-publish","4":"format-standard","5":"has-post-thumbnail","7":"category-tennis","8":"tag-fr","9":"tag-france","10":"tag-sports","11":"tag-tennis"},"share_on_mastodon":{"url":"https:\/\/pubeurope.com\/@fr\/114878404491155421","error":""},"_links":{"self":[{"href":"https:\/\/www.europesays.com\/fr\/wp-json\/wp\/v2\/posts\/258165","targetHints":{"allow":["GET"]}}],"collection":[{"href":"https:\/\/www.europesays.com\/fr\/wp-json\/wp\/v2\/posts"}],"about":[{"href":"https:\/\/www.europesays.com\/fr\/wp-json\/wp\/v2\/types\/post"}],"author":[{"embeddable":true,"href":"https:\/\/www.europesays.com\/fr\/wp-json\/wp\/v2\/users\/2"}],"replies":[{"embeddable":true,"href":"https:\/\/www.europesays.com\/fr\/wp-json\/wp\/v2\/comments?post=258165"}],"version-history":[{"count":0,"href":"https:\/\/www.europesays.com\/fr\/wp-json\/wp\/v2\/posts\/258165\/revisions"}],"wp:featuredmedia":[{"embeddable":true,"href":"https:\/\/www.europesays.com\/fr\/wp-json\/wp\/v2\/media\/258166"}],"wp:attachment":[{"href":"https:\/\/www.europesays.com\/fr\/wp-json\/wp\/v2\/media?parent=258165"}],"wp:term":[{"taxonomy":"category","embeddable":true,"href":"https:\/\/www.europesays.com\/fr\/wp-json\/wp\/v2\/categories?post=258165"},{"taxonomy":"post_tag","embeddable":true,"href":"https:\/\/www.europesays.com\/fr\/wp-json\/wp\/v2\/tags?post=258165"}],"curies":[{"name":"wp","href":"https:\/\/api.w.org\/{rel}","templated":true}]}}