{"id":258167,"date":"2025-07-19T06:09:21","date_gmt":"2025-07-19T06:09:21","guid":{"rendered":"https:\/\/www.europesays.com\/fr\/258167\/"},"modified":"2025-07-19T06:09:21","modified_gmt":"2025-07-19T06:09:21","slug":"moto-gp-la-perf-inadmissible-de-johann-zarco-en-qualifs","status":"publish","type":"post","link":"https:\/\/www.europesays.com\/fr\/258167\/","title":{"rendered":"Moto GP | La perf inadmissible de Johann Zarco en qualifs"},"content":{"rendered":"<p><strong>Le Grand Prix d\u2019Allemagne de Moto GP proposait des qualifications mouill\u00e9es en ce samedi matin. Des conditions qui n\u2019ont pas emp\u00each\u00e9 Johann Zarco de nous faire boire la tasse.<\/strong><\/p>\n<blockquote class=\"twitter-tweet\">\n<p dir=\"ltr\" lang=\"fr\">\ud83d\udde3\ufe0f \u201cJ\u2019ai cru \u00e0 la pole !\u201d<\/p>\n<p>La joie de Johann Zarco, 2e des qualifications du GP d\u2019Allemagne \ud83e\udd70\ud83c\uddeb\ud83c\uddf7<a href=\"https:\/\/twitter.com\/hashtag\/GermanGP?src=hash&amp;ref_src=twsrc%5Etfw\" rel=\"nofollow noopener\" target=\"_blank\">#GermanGP<\/a> | <a href=\"https:\/\/twitter.com\/hashtag\/MotoGP?src=hash&amp;ref_src=twsrc%5Etfw\" rel=\"nofollow noopener\" target=\"_blank\">#MotoGP<\/a> <a href=\"https:\/\/t.co\/FjgfxKF46A\" rel=\"nofollow\">pic.twitter.com\/FjgfxKF46A<\/a><\/p>\n<p>\u2014 CANAL+ MotoGP\u2122 (@CanalplusMotoGP) <a href=\"https:\/\/twitter.com\/CanalplusMotoGP\/status\/1943969631095386125?ref_src=twsrc%5Etfw\" rel=\"nofollow noopener\" target=\"_blank\">July 12, 2025<\/a><\/p>\n<\/blockquote>\n<p>Johann Zarco, la double menace qui nous pend au nez<\/p>\n<p>Les qualifications du Grand Prix d\u2019Allemagne se d\u00e9roulaient sous la pluie, et d\u00e8s la Q1, Johann Zarco n\u2019a pas h\u00e9sit\u00e9 une seule seconde \u00e0 nous pourrir la vie. En effet, dans ce format dans lequel seuls les deux meilleurs pilotes sont qualifi\u00e9s pour la Q2, <a href=\"https:\/\/fflose.com\/moto-gp-la-poisse-irreelle-de-johann-zarco-au-depart\/\" rel=\"nofollow noopener\" target=\"_blank\">le pilote Honda<\/a> a donn\u00e9 une v\u00e9ritable le\u00e7on \u00e0 ses adversaires. Le Fran\u00e7ais encha\u00eene les meilleurs tours sur une piste humide, rel\u00e9guant la moiti\u00e9 de la grille \u00e0 plus d\u2019une seconde. R\u00e9voltant.<\/p>\n<blockquote class=\"twitter-tweet\">\n<p dir=\"ltr\" lang=\"fr\">Johann Zarco et Maverick Vi\u00f1ales sont les deux pilotes qualifi\u00e9s pour la Q2 ! \ud83e\udd73<a href=\"https:\/\/twitter.com\/hashtag\/GermanGP?src=hash&amp;ref_src=twsrc%5Etfw\" rel=\"nofollow noopener\" target=\"_blank\">#GermanGP<\/a> | <a href=\"https:\/\/twitter.com\/hashtag\/MotoGP?src=hash&amp;ref_src=twsrc%5Etfw\" rel=\"nofollow noopener\" target=\"_blank\">#MotoGP<\/a> <a href=\"https:\/\/t.co\/TMDOepsZKc\" rel=\"nofollow\">pic.twitter.com\/TMDOepsZKc<\/a><\/p>\n<p>\u2014 CANAL+ MotoGP\u2122 (@CanalplusMotoGP) <a href=\"https:\/\/twitter.com\/CanalplusMotoGP\/status\/1943960729498878311?ref_src=twsrc%5Etfw\" rel=\"nofollow noopener\" target=\"_blank\">July 12, 2025<\/a><\/p>\n<\/blockquote>\n<p>Arrive alors la Q2, o\u00f9 tous les signaux sont au rouge pour nous. En plus de la menace Johann Zarco, nous retrouvons Fabio Quartararo, quadruple poleman cette saison, et auteur de la derni\u00e8re pole position aux Pays-Bas. Bref, vous l\u2019aurez compris, cela ne sent pas la rose dans nos locaux en ce samedi matin. Et le verdict ne fait que confirmer notre vive inqui\u00e9tude ; derri\u00e8re l\u2019intouchable Marc Marquez, Johann Zarco claque le deuxi\u00e8me chrono. Ce qui signifie que le pilote Honda va s\u2019\u00e9lancer depuis la premi\u00e8re ligne \u00e0 la fois pour la course sprint et la course principale. La double lame. Rajoutez la septi\u00e8me place de Fabio Quartararo, et vous obtenez deux Fran\u00e7ais dans le top 10. On a mal \u00e0 notre Moto GP.<\/p>\n<blockquote class=\"twitter-tweet\">\n<p dir=\"ltr\" lang=\"fr\">Marc M\u00e1rquez est en pole position du Grand Prix d\u2019Allemagne ! \ud83e\udd73\ud83d\udc51<\/p>\n<p>Le pilote Ducati est en pole pour la 7e fois de la saison devant Johann Zarco (2e) et Marco Bezzecchi ! \ud83d\ude0d\ud83c\udfcd\ufe0f<a href=\"https:\/\/twitter.com\/hashtag\/GermanGP?src=hash&amp;ref_src=twsrc%5Etfw\" rel=\"nofollow noopener\" target=\"_blank\">#GermanGP<\/a> | <a href=\"https:\/\/twitter.com\/hashtag\/MotoGP?src=hash&amp;ref_src=twsrc%5Etfw\" rel=\"nofollow noopener\" target=\"_blank\">#MotoGP<\/a> <a href=\"https:\/\/t.co\/MFuMOxxYgN\" rel=\"nofollow\">pic.twitter.com\/MFuMOxxYgN<\/a><\/p>\n<p>\u2014 CANAL+ MotoGP\u2122 (@CanalplusMotoGP) <a href=\"https:\/\/twitter.com\/CanalplusMotoGP\/status\/1943967224491884560?ref_src=twsrc%5Etfw\" rel=\"nofollow noopener\" target=\"_blank\">July 12, 2025<\/a><\/p>\n<\/blockquote>\n<p><script async src=\"https:\/\/platform.twitter.com\/widgets.js\" charset=\"utf-8\"><\/script><\/p>\n","protected":false},"excerpt":{"rendered":"Le Grand Prix d\u2019Allemagne de Moto GP proposait des qualifications mouill\u00e9es en ce samedi matin. Des conditions qui&hellip;\n","protected":false},"author":2,"featured_media":258168,"comment_status":"","ping_status":"","sticky":false,"template":"","format":"standard","meta":{"footnotes":""},"categories":[1413],"tags":[1011,27,1457,1456,60],"class_list":{"0":"post-258167","1":"post","2":"type-post","3":"status-publish","4":"format-standard","5":"has-post-thumbnail","7":"category-moto","8":"tag-fr","9":"tag-france","10":"tag-moto","11":"tag-motocycle","12":"tag-sports"},"share_on_mastodon":{"url":"https:\/\/pubeurope.com\/@fr\/114878412413755477","error":""},"_links":{"self":[{"href":"https:\/\/www.europesays.com\/fr\/wp-json\/wp\/v2\/posts\/258167","targetHints":{"allow":["GET"]}}],"collection":[{"href":"https:\/\/www.europesays.com\/fr\/wp-json\/wp\/v2\/posts"}],"about":[{"href":"https:\/\/www.europesays.com\/fr\/wp-json\/wp\/v2\/types\/post"}],"author":[{"embeddable":true,"href":"https:\/\/www.europesays.com\/fr\/wp-json\/wp\/v2\/users\/2"}],"replies":[{"embeddable":true,"href":"https:\/\/www.europesays.com\/fr\/wp-json\/wp\/v2\/comments?post=258167"}],"version-history":[{"count":0,"href":"https:\/\/www.europesays.com\/fr\/wp-json\/wp\/v2\/posts\/258167\/revisions"}],"wp:featuredmedia":[{"embeddable":true,"href":"https:\/\/www.europesays.com\/fr\/wp-json\/wp\/v2\/media\/258168"}],"wp:attachment":[{"href":"https:\/\/www.europesays.com\/fr\/wp-json\/wp\/v2\/media?parent=258167"}],"wp:term":[{"taxonomy":"category","embeddable":true,"href":"https:\/\/www.europesays.com\/fr\/wp-json\/wp\/v2\/categories?post=258167"},{"taxonomy":"post_tag","embeddable":true,"href":"https:\/\/www.europesays.com\/fr\/wp-json\/wp\/v2\/tags?post=258167"}],"curies":[{"name":"wp","href":"https:\/\/api.w.org\/{rel}","templated":true}]}}