{"id":258177,"date":"2025-07-19T06:14:10","date_gmt":"2025-07-19T06:14:10","guid":{"rendered":"https:\/\/www.europesays.com\/fr\/258177\/"},"modified":"2025-07-19T06:14:10","modified_gmt":"2025-07-19T06:14:10","slug":"bernay-pourquoi-des-photos-sont-collees-sur-les-vitrines-de-plusieurs-commerces-vides","status":"publish","type":"post","link":"https:\/\/www.europesays.com\/fr\/258177\/","title":{"rendered":"Bernay. Pourquoi des photos sont coll\u00e9es sur les vitrines de plusieurs commerces vides\u00a0?"},"content":{"rendered":"<p>            Par<br \/>\n        <strong><br \/>\n            <a href=\"https:\/\/actu.fr\/auteur\/coralie-maux\" title=\"Consulter tous les articles de Coralie Maux-Renard\" rel=\"nofollow noopener\" target=\"_blank\">Coralie Maux-Renard<\/a><br \/>\n        <\/strong><\/p>\n<p>        Publi\u00e9 le<\/p>\n<p>            18 juil. 2025 \u00e0 19h00        <\/p>\n<p>En se baladant dans les rues de <a href=\"https:\/\/actu.fr\/normandie\/bernay_27056\" rel=\"nofollow noopener\" target=\"_blank\">Bernay<\/a> (Eure) ce vendredi 18 juillet 2025, vous avez peut-\u00eatre remarqu\u00e9 que des<b> grandes photos<\/b> \u00e9taient apparues sur certains<b> commerces vides <\/b>depuis <a href=\"https:\/\/actu.fr\/normandie\/bernay_27056\/il-y-a-dans-lhyper-centre-de-bernay-au-moins-40-locaux-commerciaux-a-vendre-ou-a-louer_61197464.html\" rel=\"nofollow noopener\" target=\"_blank\">plusieurs ann\u00e9es<\/a>.<\/p>\n<p class=\" wall-content\">Des images des ann\u00e9es 1900 partiellement color\u00e9es et grandeur nature ont \u00e9t\u00e9 coll\u00e9es sur plusieurs vitrines, comme celle du magasin <b>Retouche<\/b>, rue Lindet.<\/p>\n<p class=\" wall-content\">D\u2019autres sont visibles dans la <b>rue de la Charentonne et dans la rue du G\u00e9n\u00e9ral Leclerc<\/b>.<\/p>\n<p>    <img   decoding=\"async\" loading=\"lazy\" class=\"size-large\" src=\"https:\/\/www.europesays.com\/fr\/wp-content\/uploads\/2025\/07\/959de9e17a786899de9e17a786d9dev-960x640.jpg\" alt=\"Le grand album bernay\" width=\"960\" height=\"640\"\/><br \/>\n    Dans la rue Lindet, l\u2019ancien commerce Retouches a permis le collage d\u2019images. \u00a9Coralie Maux-RenardAnimer des locaux vides<\/p>\n<p class=\" wall-content\">\u00ab\u2009Ce sont des images en rapport avec l\u2019exposition\u2009\u00bb, indique <b>Andr\u00e9 Rob\u00e9<\/b>, pr\u00e9sident de l\u2019association Les Images de la Prairie, organisatrice\u2026 de <b>l\u2019exposition Le grand Album<\/b>, qui sera visible \u00e0 partir du <b>mercredi 23\u00a0juillet 2025 <\/b>\u00e0 la salle capitulaire, qui jouxte la salle des f\u00eates. \u00ab\u2009Cela entre dans une<b> volont\u00e9 d\u2019animer la ville <\/b>\u00e0 travers les commerces vacants\u2009\u00bb, continue-t-il.<\/p>\n<p>    <img   decoding=\"async\" loading=\"lazy\" class=\"size-large\" src=\"https:\/\/www.europesays.com\/fr\/wp-content\/uploads\/2025\/07\/86c5c3197a7868ac5c3197a786ec5cv-960x640.jpg\" alt=\"Le grand album bernay\" width=\"960\" height=\"640\"\/><br \/>\n    La photo originale sera visible dans l\u2019exposition de la salle Capitulaire. \u00a9Coralie Maux-RenardVid\u00e9os : en ce moment sur Actu<\/p>\n<p class=\" wall-content\">Pour cela, la mairie a \u00e9t\u00e9 d\u2019une grande aide pour <b>trouver des locaux <\/b>acceptant de recevoir ces grandes affiches, en partenariat avec des particuliers et une agence immobili\u00e8re.<\/p>\n<p class=\" wall-content\">\u00ab\u2009La municipalit\u00e9 a la volont\u00e9 d\u2019animer les commerces pour rendre la ville plus attractive, souligne Andr\u00e9 Rob\u00e9. Nous esp\u00e9rons l\u2019an prochain pouvoir continuer de travailler sur les vitrines pour animer le centre-ville.\u2009\u00bb<\/p>\n<p>Une invitation \u00e0 l\u2019exposition<\/p>\n<p class=\" wall-content\">La grande exposition aura donc lieu dans la salle capitulaire de Bernay entre le <b>23\u00a0juillet et le 24\u00a0ao\u00fbt 2025<\/b>. Mais d\u2019autres lieux participent \u00e9galement \u00e0 cette animation de grande ampleur.<\/p>\n<p>    <img   decoding=\"async\" loading=\"lazy\" class=\"size-large\" src=\"https:\/\/www.europesays.com\/fr\/wp-content\/uploads\/2025\/07\/34b5d3197a78628b5d3197a78fbb5dv-960x640.jpg\" alt=\"Le grand album bernay\" width=\"960\" height=\"640\"\/><br \/>\n    Des photos grandeur nature ornent les vitrines de\u00a0 plusieurs\u00a0commerces vacants. \u00a9Coralie Maux-Renard<\/p>\n<p class=\" wall-content\">\u00c0 partir du <b>samedi 19\u00a0juillet<\/b>, la Galerie Alexandre expose des photos de Paris des ann\u00e9es 50 \u00e0 70. L\u2019\u00c9veil Normand recevra \u00e9galement une exposition de photographies de la <b>collection d\u2019Yves Casagrande<\/b>, \u00e0 partir du lundi 4\u00a0ao\u00fbt, jusqu\u2019au 29\u00a0ao\u00fbt.<\/p>\n<p>    <a href=\"https:\/\/www.facebook.com\/plugins\/video.php?height=476&amp;href=https%3A%2F%2Fwww.facebook.com%2Freel%2F1468372004503269%2F&amp;show_text=false&amp;width=350&amp;t=0\" title=\"Ouvrie le lien\" rel=\"nofollow noopener\" target=\"_blank\">Cliquez ici pour visualiser le contenu<\/a><\/p>\n<p class=\" wall-content\">Suivez toute l\u2019actualit\u00e9 de vos villes et m\u00e9dias favoris en vous inscrivant \u00e0 <a href=\"https:\/\/moncompte.actu.fr\" title=\"D\u00e9couvez Mon Actu\" rel=\"nofollow noopener\" data-trk=\"{&quot;cta&quot;:{&quot;action&quot;:&quot;https:\\\/\\\/moncompte.actu.fr&quot;,&quot;category&quot;:&quot;mon compte&quot;,&quot;from&quot;:&quot;article footer&quot;,&quot;name&quot;:&quot;Mon actu&quot;,&quot;type&quot;:&quot;cta&quot;}}\" target=\"_blank\">Mon Actu<\/a>.<\/p>\n","protected":false},"excerpt":{"rendered":"Par Coralie Maux-Renard Publi\u00e9 le 18 juil. 2025 \u00e0 19h00 En se baladant dans les rues de Bernay&hellip;\n","protected":false},"author":2,"featured_media":258178,"comment_status":"","ping_status":"","sticky":false,"template":"","format":"standard","meta":{"footnotes":""},"categories":[1358],"tags":[1348,1384,1385,215,1386,58,59,1011,27,1652,1756],"class_list":{"0":"post-258177","1":"post","2":"type-post","3":"status-publish","4":"format-standard","5":"has-post-thumbnail","7":"category-arts-et-design","8":"tag-arts","9":"tag-arts-and-design","10":"tag-arts-et-design","11":"tag-commerce","12":"tag-design","13":"tag-divertissement","14":"tag-entertainment","15":"tag-fr","16":"tag-france","17":"tag-loisirs-culture","18":"tag-photographie"},"share_on_mastodon":{"url":"https:\/\/pubeurope.com\/@fr\/114878432209019793","error":""},"_links":{"self":[{"href":"https:\/\/www.europesays.com\/fr\/wp-json\/wp\/v2\/posts\/258177","targetHints":{"allow":["GET"]}}],"collection":[{"href":"https:\/\/www.europesays.com\/fr\/wp-json\/wp\/v2\/posts"}],"about":[{"href":"https:\/\/www.europesays.com\/fr\/wp-json\/wp\/v2\/types\/post"}],"author":[{"embeddable":true,"href":"https:\/\/www.europesays.com\/fr\/wp-json\/wp\/v2\/users\/2"}],"replies":[{"embeddable":true,"href":"https:\/\/www.europesays.com\/fr\/wp-json\/wp\/v2\/comments?post=258177"}],"version-history":[{"count":0,"href":"https:\/\/www.europesays.com\/fr\/wp-json\/wp\/v2\/posts\/258177\/revisions"}],"wp:featuredmedia":[{"embeddable":true,"href":"https:\/\/www.europesays.com\/fr\/wp-json\/wp\/v2\/media\/258178"}],"wp:attachment":[{"href":"https:\/\/www.europesays.com\/fr\/wp-json\/wp\/v2\/media?parent=258177"}],"wp:term":[{"taxonomy":"category","embeddable":true,"href":"https:\/\/www.europesays.com\/fr\/wp-json\/wp\/v2\/categories?post=258177"},{"taxonomy":"post_tag","embeddable":true,"href":"https:\/\/www.europesays.com\/fr\/wp-json\/wp\/v2\/tags?post=258177"}],"curies":[{"name":"wp","href":"https:\/\/api.w.org\/{rel}","templated":true}]}}