{"id":258179,"date":"2025-07-19T06:15:19","date_gmt":"2025-07-19T06:15:19","guid":{"rendered":"https:\/\/www.europesays.com\/fr\/258179\/"},"modified":"2025-07-19T06:15:19","modified_gmt":"2025-07-19T06:15:19","slug":"a-morlaix-le-livre-prend-ses-quartiers","status":"publish","type":"post","link":"https:\/\/www.europesays.com\/fr\/258179\/","title":{"rendered":"\u00c0 Morlaix, le livre prend ses quartiers\u00a0!"},"content":{"rendered":"<p>D\u2019ici peu, une cinqui\u00e8me librairie viendra s\u2019ajouter aux quatre d\u00e9j\u00e0 install\u00e9es dans cette commune de 15\u00a0000 habitants. Un chiffre qui surprend autant qu\u2019il intrigue, \u00e0 l\u2019heure o\u00f9 le commerce du livre est souvent d\u00e9crit comme fragile, soumis \u00e0 la concurrence du num\u00e9rique et aux al\u00e9as \u00e9conomiques.<\/p>\n<p>Un m\u00e9tier id\u00e9alis\u00e9<\/p>\n<p>Install\u00e9s depuis un an et demi \u00e0 Morlaix, Elsa Morales-Lopez et Micka\u00ebl Le Douarin ne cachent pas leurs doutes initiaux. Leur librairie, La Maison des Bulles, ouverte en 2023, est n\u00e9e apr\u00e8s une longue \u00e9tude de march\u00e9. \u00ab\u00a0On ne voulait pas empi\u00e9ter sur les autres librairies, la ville est petite. Finalement, on est m\u00eame un peu en dessous de ce que pr\u00e9voyait l\u2019\u00e9tude\u00a0\u00bb, confient les libraires.<\/p>\n<p>Pour G\u00e9raldine Delauney, libraire depuis 45 ans, responsable de la librairie ind\u00e9pendante Dialogues, cette vague d\u2019ouverture s\u2019explique par une vision id\u00e9alis\u00e9e du m\u00e9tier. \u00ab\u00a0Beaucoup de gens ont une image romantique du libraire, qui lit toute la journ\u00e9e et \u00e9change avec ses clients autour de coups de c\u0153ur\u00a0\u00bb, observe-t-elle.<\/p>\n<p>Ce ph\u00e9nom\u00e8ne s\u2019est acc\u00e9l\u00e9r\u00e9 selon elle avec la crise sanitaire\u00a0: \u00ab\u00a0Le covid a pouss\u00e9 beaucoup de gens \u00e0 changer de vie, \u00e0 vouloir vivre de leur passion. Mais ouvrir une librairie en partant de rien, c\u2019est difficile\u00a0\u00bb. Elle en sait quelque chose\u00a0: chez Dialogues, le stock repr\u00e9sente \u00e0 lui seul plus de 600\u00a0000 \u20ac d\u2019immobilisation.<\/p>\n<p>Une offre diversifi\u00e9e qui s\u00e9duit les lecteurs<\/p>\n<p>Pour Denis Susjin, 72 ans, la r\u00e9ponse est pourtant simple\u00a0: la demande est l\u00e0. R\u00e9gulier de la librairie Dialogues, il avoue d\u00e9couvrir avec surprise qu\u2019il y a d\u00e9sormais cinq librairies \u00e0 Morlaix, ce qui pour lui est bien \u00ab\u00a0la preuve qu\u2019il y a un public, m\u00eame si on ne le voit pas toujours.\u00a0\u00bb<\/p>\n<p>Une lecture que partage Lilou Dupr\u00e9, 21 ans, r\u00e9cemment install\u00e9e \u00e0 Morlaix\u00a0: \u00ab\u00a0Je trouve \u00e7a super qu\u2019il y en ait autant. \u00c7a permet \u00e0 tout le monde de s\u2019instruire, de d\u00e9velopper des passions. Et puis certaines sont sp\u00e9cialis\u00e9es dans des domaines plus rares. \u00c7a donne un vrai panel de possibilit\u00e9s.\u00a0\u00bb<\/p>\n<p>M\u00eame enthousiasme pour No\u00e9 Le Jeune, qui vit cette diversit\u00e9 comme une v\u00e9ritable chance\u00a0: \u00ab\u00a0C\u2019est une dinguerie d\u2019avoir autant de choix dans une petite ville comme \u00e7a\u00a0\u00bb, s\u2019enthousiasme le jeune de 18 ans.<\/p>\n<p>Une diversit\u00e9 r\u00e9elle, mais un \u00e9quilibre fragile<\/p>\n<p>Dans les faits, les nouvelles librairies ne se ressemblent pas\u00a0: certaines misent sur le manga, d\u2019autres sur la BD, d\u2019autres encore sur une ambiance caf\u00e9 librairie. Elles ne sont donc pas toujours en concurrence directe.<\/p>\n<p>Une diversification qui r\u00e9pond \u00e0 des attentes pr\u00e9cises, comme celle de Morgane P\u00e9ron, 17 ans. \u00ab\u00a0Je suis trop contente de la librairie qui ouvre, sp\u00e9cialis\u00e9e en romance\u00a0! Dans les autres librairies, je ne trouvais pas vraiment ce que je cherchais\u00a0\u00bb, confie-t-elle, impatiente de pouvoir enfin plonger dans les rayons d\u2019une boutique taill\u00e9e sur mesure pour ses lectures pr\u00e9f\u00e9r\u00e9es.<\/p>\n","protected":false},"excerpt":{"rendered":"D\u2019ici peu, une cinqui\u00e8me librairie viendra s\u2019ajouter aux quatre d\u00e9j\u00e0 install\u00e9es dans cette commune de 15\u00a0000 habitants. Un&hellip;\n","protected":false},"author":2,"featured_media":258180,"comment_status":"","ping_status":"","sticky":false,"template":"","format":"standard","meta":{"footnotes":""},"categories":[1357],"tags":[1379,58,59,1011,27,1380,2131],"class_list":{"0":"post-258179","1":"post","2":"type-post","3":"status-publish","4":"format-standard","5":"has-post-thumbnail","7":"category-livres","8":"tag-books","9":"tag-divertissement","10":"tag-entertainment","11":"tag-fr","12":"tag-france","13":"tag-livres","14":"tag-morlaix"},"share_on_mastodon":{"url":"https:\/\/pubeurope.com\/@fr\/114878436026364639","error":""},"_links":{"self":[{"href":"https:\/\/www.europesays.com\/fr\/wp-json\/wp\/v2\/posts\/258179","targetHints":{"allow":["GET"]}}],"collection":[{"href":"https:\/\/www.europesays.com\/fr\/wp-json\/wp\/v2\/posts"}],"about":[{"href":"https:\/\/www.europesays.com\/fr\/wp-json\/wp\/v2\/types\/post"}],"author":[{"embeddable":true,"href":"https:\/\/www.europesays.com\/fr\/wp-json\/wp\/v2\/users\/2"}],"replies":[{"embeddable":true,"href":"https:\/\/www.europesays.com\/fr\/wp-json\/wp\/v2\/comments?post=258179"}],"version-history":[{"count":0,"href":"https:\/\/www.europesays.com\/fr\/wp-json\/wp\/v2\/posts\/258179\/revisions"}],"wp:featuredmedia":[{"embeddable":true,"href":"https:\/\/www.europesays.com\/fr\/wp-json\/wp\/v2\/media\/258180"}],"wp:attachment":[{"href":"https:\/\/www.europesays.com\/fr\/wp-json\/wp\/v2\/media?parent=258179"}],"wp:term":[{"taxonomy":"category","embeddable":true,"href":"https:\/\/www.europesays.com\/fr\/wp-json\/wp\/v2\/categories?post=258179"},{"taxonomy":"post_tag","embeddable":true,"href":"https:\/\/www.europesays.com\/fr\/wp-json\/wp\/v2\/tags?post=258179"}],"curies":[{"name":"wp","href":"https:\/\/api.w.org\/{rel}","templated":true}]}}