{"id":258189,"date":"2025-07-19T06:20:11","date_gmt":"2025-07-19T06:20:11","guid":{"rendered":"https:\/\/www.europesays.com\/fr\/258189\/"},"modified":"2025-07-19T06:20:11","modified_gmt":"2025-07-19T06:20:11","slug":"asse-que-retenir-du-match-des-recrues-chico-lamba-et-mahmoud-jaber-contre-le-servette-de-geneve-le-dauphine-libere","status":"publish","type":"post","link":"https:\/\/www.europesays.com\/fr\/258189\/","title":{"rendered":"ASSE : que retenir du match des recrues Chico Lamba et Mahmoud Jaber contre le Servette de Gen\u00e8ve ? &#8211; Le Dauphin\u00e9 Lib\u00e9r\u00e9"},"content":{"rendered":"<ol>\n<li><a href=\"https:\/\/news.google.com\/rss\/articles\/CBMi1gFBVV95cUxNNnJNMG81aXlHTHcyMlJ5bzlBaTZNc1gwLXVCbDNIMGRDTUpWYkktOVBFVC1IeFB1MmFaZFBnai1oQTJpYlJ5RzlBWnFnMjVGOWdsb0NFZkxOeVBkYXpKTlY5ck11d21aRWwxR19RUUtiOEZxUjc1MFRqU3dTbFE1NUpqMU1sdUlrYnY4VXYxRHprYmFxUWRGbmEyV2RPQnVPNmZnYThZMGRzMV9waDhJemRRbmxYWWZMTUw3ZURIQ1JkNDZYSUlfSHVoWjBnQ0ZqYUVyN2F3?oc=5\" target=\"_blank\" rel=\"noopener\">ASSE : que retenir du match des recrues Chico Lamba et Mahmoud Jaber contre le Servette de Gen\u00e8ve ?<\/a>&nbsp;&nbsp;Le Dauphin\u00e9 Lib\u00e9r\u00e9<\/li>\n<li><a href=\"https:\/\/news.google.com\/rss\/articles\/CBMidkFVX3lxTE9yaHpwalF0Z1dHWWNzQ2dUVXhkLU5Gb09wUHR5eFZPWlFjaV95RFZ3U3BNeHE4bkhJQ1lXTWlFR2V1WWNXUV90dDZjMW9sZ3Q3YmNfYmpMakxHdFpuaVRhY0N5WWE3YUplYVFpTlRqRGRhX1VtZXc?oc=5\" target=\"_blank\" rel=\"noopener\">Les buts st\u00e9phanois en vid\u00e9o<\/a>&nbsp;&nbsp;ASSE<\/li>\n<li><a href=\"https:\/\/news.google.com\/rss\/articles\/CBMi1AFBVV95cUxOYXRpaUpRYkFyeFYtZVRSZnBKVmRVb1QyS1ZWeERHSkhvTXJRVlMxQkNObWR4cC1Hd293bndfemdPa2J3YVMybkxTdDBWTFdYQ1o5NlpYVmUtM3pHYkZlNlhDVmpEOUxLaFdRNVc2a0dzNmVGZ3VYaVlvYzB4Qmp1UUFxLUhXUWo3a3EybGMyRXBZRDdkZEM0UXlvTkxKMmxLcnp1bDdVd3ZkLU9WZEJGYU9EQ25NdzRnbE9STjM2R0hHNkRsTmVOWGJrdTQ4VDdtWENNYw?oc=5\" target=\"_blank\" rel=\"noopener\">Battue par le Servette (2-3), l&rsquo;ASSE s&rsquo;incline en pr\u00e9paration et provoque la col\u00e8re de son entraineur<\/a>&nbsp;&nbsp;francebleu.fr<\/li>\n<li><a href=\"https:\/\/news.google.com\/rss\/articles\/CBMiswFBVV95cUxNSU9CV3J4YjRMNGtMRE1BQnh4VzQzclZVSzY1NHhLeWtyQlVVOWNxZkxjeDFHMVBscjJVUWZ3YV9MLVBfUlo1UkRiOFFiYWJSNklfaERoSmU4SnVhcHdWR1I1dVRoYVZCQ01qeUlEcFFBaU9xZjREQW5qYUtDamJQaXo0S2oyZFNxYU5NMmRaa0w5eU9rZF9Na3RsdE9xeEViZ0dxc0ZZV1B4aHNhLW43bzJvVQ?oc=5\" target=\"_blank\" rel=\"noopener\">Football. Priv\u00e9e de six joueurs, l\u2019ASSE chute pour la premi\u00e8re fois en pr\u00e9paration<\/a>&nbsp;&nbsp;Le Progr\u00e8s<\/li>\n<li><a href=\"https:\/\/news.google.com\/rss\/articles\/CBMivAFBVV95cUxNbFp1V1VGVXRZOHo0VnhSZ3BVblpEU3dxczNucTNzSjVmUGFzR2NRejlaSVh5OXlyOVNhUGlNOFpMcWtablFVRVdEZnRuRDl0ek9hWnVwV2ZuYm80bTQ0WDJhUW90NDNXTUFTanJGaThCTnJ0RVVmNVV1c0ZFaW5xdFhfLXFwcEhHalREV3RLQWc1UjNJTkRsbHl4a3lLX1dRckVTYy1EVTd4ZlJqNzRfR1kzYXYtbVRkVFF2RA?oc=5\" target=\"_blank\" rel=\"noopener\">ASSE &#8211; \u00ab\u00a0Ce n&rsquo;est pas du foot !\u00a0\u00bb, le gros coup de gueule d&rsquo;Horneland<\/a>&nbsp;&nbsp;EVECT.fr<\/li>\n<\/ol>\n","protected":false},"excerpt":{"rendered":"ASSE : que retenir du match des recrues Chico Lamba et Mahmoud Jaber contre le Servette de Gen\u00e8ve&hellip;\n","protected":false},"author":2,"featured_media":258190,"comment_status":"","ping_status":"","sticky":false,"template":"","format":"standard","meta":{"footnotes":""},"categories":[9],"tags":[9443,107,1701,63,1011,27,12636,3367,273,517,1947,60],"class_list":{"0":"post-258189","1":"post","2":"type-post","3":"status-publish","4":"format-standard","5":"has-post-thumbnail","7":"category-sports","8":"tag-asse-as-saint-etienne","9":"tag-fil-info","10":"tag-fil-info-sport","11":"tag-football","12":"tag-fr","13":"tag-france","14":"tag-ligue-2-football","15":"tag-loire","16":"tag-selection-de-la-redaction","17":"tag-sport","18":"tag-sport-national","19":"tag-sports"},"share_on_mastodon":{"url":"https:\/\/pubeurope.com\/@fr\/114878455804389720","error":""},"_links":{"self":[{"href":"https:\/\/www.europesays.com\/fr\/wp-json\/wp\/v2\/posts\/258189","targetHints":{"allow":["GET"]}}],"collection":[{"href":"https:\/\/www.europesays.com\/fr\/wp-json\/wp\/v2\/posts"}],"about":[{"href":"https:\/\/www.europesays.com\/fr\/wp-json\/wp\/v2\/types\/post"}],"author":[{"embeddable":true,"href":"https:\/\/www.europesays.com\/fr\/wp-json\/wp\/v2\/users\/2"}],"replies":[{"embeddable":true,"href":"https:\/\/www.europesays.com\/fr\/wp-json\/wp\/v2\/comments?post=258189"}],"version-history":[{"count":0,"href":"https:\/\/www.europesays.com\/fr\/wp-json\/wp\/v2\/posts\/258189\/revisions"}],"wp:featuredmedia":[{"embeddable":true,"href":"https:\/\/www.europesays.com\/fr\/wp-json\/wp\/v2\/media\/258190"}],"wp:attachment":[{"href":"https:\/\/www.europesays.com\/fr\/wp-json\/wp\/v2\/media?parent=258189"}],"wp:term":[{"taxonomy":"category","embeddable":true,"href":"https:\/\/www.europesays.com\/fr\/wp-json\/wp\/v2\/categories?post=258189"},{"taxonomy":"post_tag","embeddable":true,"href":"https:\/\/www.europesays.com\/fr\/wp-json\/wp\/v2\/tags?post=258189"}],"curies":[{"name":"wp","href":"https:\/\/api.w.org\/{rel}","templated":true}]}}