{"id":258191,"date":"2025-07-19T06:21:09","date_gmt":"2025-07-19T06:21:09","guid":{"rendered":"https:\/\/www.europesays.com\/fr\/258191\/"},"modified":"2025-07-19T06:21:09","modified_gmt":"2025-07-19T06:21:09","slug":"qui-est-amelie-carrouer-la-remplacante-daudrey-crespo-mara-aux-jt-du-week-end-sur-tf1","status":"publish","type":"post","link":"https:\/\/www.europesays.com\/fr\/258191\/","title":{"rendered":"Qui est Am\u00e9lie Carrou\u00ebr, la rempla\u00e7ante d\u2019Audrey Crespo-Mara aux JT du week-end sur TF1 ?"},"content":{"rendered":"<p>                             Par Marine Cassan<\/p>\n<p>                Le 19 juillet 2025 \u00e0 07h00<\/p>\n<p>    Am\u00e9lie Carrou\u00ebr<br \/>\n                Gr\u00e9goire Soussan \/ TF1<\/p>\n<p><strong>PORTRAIT<\/strong> &#8211; Ce samedi et dimanche 19 et 20 juillet, la journaliste de LCI pr\u00e9sentera les \u00ab13 Heures\u00bb et \u00ab20 Heures\u00bb sur la Une, \u00e0 la place de la pr\u00e9sentatrice en deuil apr\u00e8s la mort de son \u00e9poux, Thierry Ardisson, ce lundi 14 juillet.<\/p>\n<p class=\"fig-paragraph\"><a href=\"http:\/\/tvmag.lefigaro.fr\/programme-tv\/actu-tele\/agathe-lambret-benjamin-duhamel-aurelie-casse-eliot-deval-enquete-sur-les-figures-montantes-du-paf-20250102\" target=\"_blank\" data-fig-type=\"Article\" rel=\"noopener\" data-gtm-custom-categorie=\"navigation\" data-gtm-custom-action=\"crossclick\" data-gtm-custom-label=\"Contextuel\" data-gtm-event=\"customEventSPE\" data-fig-domain=\"TVMAG\">\u00abLes jeunes premiers de l\u2019info\u00bb<\/a>. En janvier dernier, <strong>Am\u00e9lie Carrou\u00ebr<\/strong> avait fait la Une du TV Magazine, aux c\u00f4t\u00e9s de\u00a0<a href=\"https:\/\/www.lefigaro.fr\/tag\/benjamin-duhamel\" target=\"_blank\" rel=\"noopener\" data-gtm-custom-categorie=\"navigation\" data-gtm-custom-action=\"crossclick\" data-gtm-custom-label=\"Contextuel\" data-gtm-event=\"customEventSPE\">Benjamin Duhamel<\/a>,\u00a0<a href=\"https:\/\/www.lefigaro.fr\/tag\/aurelie-casse\" target=\"_blank\" rel=\"noopener\" data-gtm-custom-categorie=\"navigation\" data-gtm-custom-action=\"crossclick\" data-gtm-custom-label=\"Contextuel\" data-gtm-event=\"customEventSPE\">Aur\u00e9lie Casse<\/a>, Eliot Deval et\u00a0<a href=\"https:\/\/www.lefigaro.fr\/tag\/agathe-lambret\" target=\"_blank\" rel=\"noopener\" data-gtm-custom-categorie=\"navigation\" data-gtm-custom-action=\"crossclick\" data-gtm-custom-label=\"Contextuel\" data-gtm-event=\"customEventSPE\">Agathe Lambret<\/a>, \u00e0 l\u2019occasion d\u2019un num\u00e9ro pour pr\u00e9senter les personnalit\u00e9s montantes de l\u2019info et du PAF, dans la trentaine. Apr\u00e8s avoir gravi les \u00e9chelons chez LCI, la journaliste est en passe de devenir une figure incontournable du PAF. Ce week-end, elle remplace Audrey Crespo-Mara,\u00a0<a href=\"http:\/\/tvmag.lefigaro.fr\/programme-tv\/actu-tele\/mort-de-thierry-ardisson-jean-baptiste-boursier-et-amelie-carrouer-remplacent-audrey-crespo-mara-ce-week-end-sur-tf1-20250715\" target=\"_blank\" data-fig-type=\"Article\" rel=\"noopener\" data-gtm-custom-categorie=\"navigation\" data-gtm-custom-action=\"crossclick\" data-gtm-custom-label=\"Contextuel\" data-gtm-event=\"customEventSPE\" data-fig-domain=\"TVMAG\">en deuil apr\u00e8s la disparition de son mari Thierry Ardisson<\/a>, \u00e0 la t\u00eate des \u00e9ditions de 13 Heures et 20 Heures, samedi et dimanche. Une grande premi\u00e8re pour celle qui a f\u00eat\u00e9 ses 40 ans le 18 septembre dernier.<\/p>\n<p>Assistante d\u2019Audrey Pulvar<\/p>\n<p class=\"fig-paragraph\">N\u00e9e aux Lilas en Seine-Saint-Denis, Am\u00e9lie Carrou\u00ebr grandit dans le Val-de-Marne. Apr\u00e8s une Licence puis un Master en Lettres modernes \u00e0 la Sorbonne, la jeune femme int\u00e8gre l\u2019\u00c9cole sup\u00e9rieure de journalisme de Paris (ESJ). Il faut attendre 2009 pour que commence r\u00e9ellement sa carri\u00e8re \u00e0 la t\u00e9l\u00e9vision. Elle int\u00e8gre la r\u00e9daction d\u2019iT\u00e9l\u00e9, du groupe Canal+, o\u00f9 elle devient l\u2019assistante principale d\u2019<a href=\"https:\/\/www.lefigaro.fr\/tag\/audrey-pulvar\" target=\"_blank\" rel=\"noopener\" data-gtm-custom-categorie=\"navigation\" data-gtm-custom-action=\"crossclick\" data-gtm-custom-label=\"Contextuel\" data-gtm-event=\"customEventSPE\">Audrey Pulvar<\/a>, alors \u00e0 la t\u00eate de la tranche 18-20 heures. C\u2019est l\u00e0 qu\u2019elle se forme \u00e0 l\u2019interview politique.<\/p>\n<p>                                    <a class=\"fig-a11y-skip a11y-hidden\" href=\"#fig-a11y-skip-main-inarticle\"><br \/>\n        Passer la publicit\u00e9<br \/>\n    <\/a><\/p>\n<p class=\"fig-paragraph\">Une exp\u00e9rience qui lui aura bien servi puisqu\u2019elle int\u00e8gre LCI, la cha\u00eene d\u2019information du groupe TF1, et le service politique, en 2017, pour couvrir l\u2019\u00e9lection pr\u00e9sidentielle. Alors \u00e2g\u00e9e de 33 ans, elle prend rapidement du galon et pr\u00e9sente m\u00eame des tranches en soir\u00e9e, dans \u00abLe Tour de l\u2019info\u00bb.<\/p>\n<p class=\"fig-paragraph\">Joker dans\u00a0<a href=\"https:\/\/tvmag.lefigaro.fr\/programme-tv\/programme\/24-heures-pujadas-f879446226\" target=\"_blank\" rel=\"noopener\" data-gtm-custom-categorie=\"navigation\" data-gtm-custom-action=\"crossclick\" data-gtm-custom-label=\"Contextuel\" data-gtm-event=\"customEventSPE\">\u00ab24h Pujadas\u00bb<\/a>\u00a0et\u00a0<a href=\"https:\/\/tvmag.lefigaro.fr\/programme-tv\/programme\/le-grand-jury-d1712250045\" target=\"_blank\" rel=\"noopener\" data-gtm-custom-categorie=\"navigation\" data-gtm-custom-action=\"crossclick\" data-gtm-custom-label=\"Contextuel\" data-gtm-event=\"customEventSPE\">\u00abLe Grand Jury\u00bb<\/a>, elle obtient ensuite sa propre \u00e9mission\u00a0<a href=\"https:\/\/tvmag.lefigaro.fr\/programme-tv\/programme\/en-toute-franchise-f338602047\" target=\"_blank\" rel=\"noopener\" data-gtm-custom-categorie=\"navigation\" data-gtm-custom-action=\"crossclick\" data-gtm-custom-label=\"Contextuel\" data-gtm-event=\"customEventSPE\">\u00abEn toute franchise\u00bb<\/a>\u00a0en soir\u00e9e le week-end, o\u00f9 elle re\u00e7oit d\u2019abord un invit\u00e9 politique avant un d\u00e9bat opposant\u00a0<a href=\"https:\/\/www.lefigaro.fr\/tag\/luc-ferry\" target=\"_blank\" rel=\"noopener\" data-gtm-custom-categorie=\"navigation\" data-gtm-custom-action=\"crossclick\" data-gtm-custom-label=\"Contextuel\" data-gtm-event=\"customEventSPE\">Luc Ferry<\/a>\u00a0\u00e0\u00a0<a href=\"https:\/\/www.lefigaro.fr\/tag\/daniel-cohn-bendit\" target=\"_blank\" rel=\"noopener\" data-gtm-custom-categorie=\"navigation\" data-gtm-custom-action=\"crossclick\" data-gtm-custom-label=\"Contextuel\" data-gtm-event=\"customEventSPE\">Daniel Cohn-Bendit<\/a>, deux figures politiques aux id\u00e9es divergentes.<\/p>\n<p class=\"fig-body-link\">\n            \u00c0 lire aussi<br \/>\n        <a class=\"fig-body-link__link\" href=\"http:\/\/tvmag.lefigaro.fr\/programme-tv\/actu-tele\/l-edito-de-francois-aubel-audrey-crespo-mara-la-confidente-20250306\" target=\"_blank\" data-fig-type=\"Article\" rel=\"noopener\" data-gtm-custom-categorie=\"navigation\" data-gtm-custom-action=\"crossclick\" data-gtm-custom-label=\"Contextuel\" data-gtm-event=\"customEventSPE\" data-fig-domain=\"TVMAG\">L\u2019\u00e9dito de Fran\u00e7ois Aubel\u00a0: Audrey Crespo-Mara, la confidente<br \/>\n    <\/a>\n<\/p>\n<p class=\"fig-paragraph\">Puis, aux c\u00f4t\u00e9s de\u00a0<a href=\"https:\/\/www.lefigaro.fr\/tag\/julien-arnaud\" target=\"_blank\" rel=\"noopener\" data-gtm-custom-categorie=\"navigation\" data-gtm-custom-action=\"crossclick\" data-gtm-custom-label=\"Contextuel\" data-gtm-event=\"customEventSPE\">Julien Arnaud<\/a>\u00a0en semaine, Am\u00e9lie Carrou\u00ebr coanime \u00e9galement\u00a0<a href=\"https:\/\/tvmag.lefigaro.fr\/programme-tv\/programme\/un-oeil-sur-le-monde-f1135699881\" target=\"_blank\" rel=\"noopener\" data-gtm-custom-categorie=\"navigation\" data-gtm-custom-action=\"crossclick\" data-gtm-custom-label=\"Contextuel\" data-gtm-event=\"customEventSPE\">\u00abUn \u0153il sur le monde\u00bb<\/a>, de 20 \u00e0 22 heures. C\u2019est elle qui reprend\u00a0<a href=\"https:\/\/tvmag.lefigaro.fr\/programme-tv\/programme\/le-temps-de-l-info-d565113526\" target=\"_blank\" rel=\"noopener\" data-gtm-custom-categorie=\"navigation\" data-gtm-custom-action=\"crossclick\" data-gtm-custom-label=\"Contextuel\" data-gtm-event=\"customEventSPE\">\u00abLe Temps de l\u2019Info\u00bb<\/a>\u00a0de 9 \u00e0 12 heures du lundi au vendredi, \u00e0 la place d\u2019<a href=\"https:\/\/www.lefigaro.fr\/tag\/elizabeth-martichoux\" target=\"_blank\" rel=\"noopener\" data-gtm-custom-categorie=\"navigation\" data-gtm-custom-action=\"crossclick\" data-gtm-custom-label=\"Contextuel\" data-gtm-event=\"customEventSPE\">Elizabeth Martichoux<\/a>, d\u00e8s le 26 ao\u00fbt 2024.<\/p>\n<blockquote class=\"fig-quote&#10;    \">\n<p class=\"fig-quote__text\">Je vis actuellement la meilleure p\u00e9riode de ma carri\u00e8re<\/p>\n<p>            Am\u00e9lie Carrou\u00ebr en janvier 2025\n    <\/p><\/blockquote>\n<p class=\"fig-paragraph\">R\u00e9put\u00e9e travailleuse dans le m\u00e9tier, Am\u00e9lie Carrou\u00ebr est l\u2019une des seules journalistes du PAF chez qui Jean-Luc M\u00e9lenchon accepte de se rendre. En janvier dernier, dans le cadre d\u2019un entretien accord\u00e9 \u00e0 TV Magazine, elle nous confiait\u00a0: \u00abJe vis actuellement la meilleure p\u00e9riode de ma carri\u00e8re\u00bb, avant de poursuivre\u00a0: \u00abJ\u2019ai davantage confiance en moi et un \u00e9quilibre s\u2019op\u00e8re entre vie professionnelle et vie priv\u00e9e\u00bb.<\/p>\n<p>Mari\u00e9e \u00e0 Fabrice Angotti<\/p>\n<p class=\"fig-paragraph\">Am\u00e9lie Carrou\u00ebr reste discr\u00e8te \u00e0 propos de sa vie personnelle. Tout juste sait-on qu\u2019elle est s\u2019est mari\u00e9e en 2020, avec Fabrice Angotti, directeur adjoint de la r\u00e9daction de TF1, et ancien directeur de la r\u00e9daction RMC. Ils sont devenus parents d\u2019une petite fille en 2023.<\/p>\n<p>                                    <a class=\"fig-a11y-skip a11y-hidden\" href=\"#fig-a11y-skip-main-inarticle_mtf\"><br \/>\n        Passer la publicit\u00e9<br \/>\n    <\/a><\/p>\n<p class=\"fig-paragraph\">Le couple s\u2019est rencontr\u00e9 \u00e0 iT\u00e9l\u00e9, quand Fabrice Angotti \u00e9tait r\u00e9dacteur en chef (de 2008 \u00e0 2014). Lors de la parution de la couverture du TV Magazine sur son compte X, il s\u2019\u00e9tait autoris\u00e9 \u00e0 partager l\u2019image avec, en l\u00e9gende, trois c\u0153urs rouges.<\/p>\n","protected":false},"excerpt":{"rendered":"Par Marine Cassan Le 19 juillet 2025 \u00e0 07h00 Am\u00e9lie Carrou\u00ebr Gr\u00e9goire Soussan \/ TF1 PORTRAIT &#8211; Ce&hellip;\n","protected":false},"author":2,"featured_media":258192,"comment_status":"","ping_status":"","sticky":false,"template":"","format":"standard","meta":{"footnotes":""},"categories":[8],"tags":[17979,58,59,1011,27,199,10058],"class_list":{"0":"post-258191","1":"post","2":"type-post","3":"status-publish","4":"format-standard","5":"has-post-thumbnail","7":"category-divertissement","8":"tag-audrey-crespo-mara","9":"tag-divertissement","10":"tag-entertainment","11":"tag-fr","12":"tag-france","13":"tag-tf1","14":"tag-thierry-ardisson"},"share_on_mastodon":{"url":"https:\/\/pubeurope.com\/@fr\/114878459698328823","error":""},"_links":{"self":[{"href":"https:\/\/www.europesays.com\/fr\/wp-json\/wp\/v2\/posts\/258191","targetHints":{"allow":["GET"]}}],"collection":[{"href":"https:\/\/www.europesays.com\/fr\/wp-json\/wp\/v2\/posts"}],"about":[{"href":"https:\/\/www.europesays.com\/fr\/wp-json\/wp\/v2\/types\/post"}],"author":[{"embeddable":true,"href":"https:\/\/www.europesays.com\/fr\/wp-json\/wp\/v2\/users\/2"}],"replies":[{"embeddable":true,"href":"https:\/\/www.europesays.com\/fr\/wp-json\/wp\/v2\/comments?post=258191"}],"version-history":[{"count":0,"href":"https:\/\/www.europesays.com\/fr\/wp-json\/wp\/v2\/posts\/258191\/revisions"}],"wp:featuredmedia":[{"embeddable":true,"href":"https:\/\/www.europesays.com\/fr\/wp-json\/wp\/v2\/media\/258192"}],"wp:attachment":[{"href":"https:\/\/www.europesays.com\/fr\/wp-json\/wp\/v2\/media?parent=258191"}],"wp:term":[{"taxonomy":"category","embeddable":true,"href":"https:\/\/www.europesays.com\/fr\/wp-json\/wp\/v2\/categories?post=258191"},{"taxonomy":"post_tag","embeddable":true,"href":"https:\/\/www.europesays.com\/fr\/wp-json\/wp\/v2\/tags?post=258191"}],"curies":[{"name":"wp","href":"https:\/\/api.w.org\/{rel}","templated":true}]}}