{"id":258195,"date":"2025-07-19T06:23:11","date_gmt":"2025-07-19T06:23:11","guid":{"rendered":"https:\/\/www.europesays.com\/fr\/258195\/"},"modified":"2025-07-19T06:23:11","modified_gmt":"2025-07-19T06:23:11","slug":"vous-pouvez-attendre-au-moins-une-heure-pour-recharger","status":"publish","type":"post","link":"https:\/\/www.europesays.com\/fr\/258195\/","title":{"rendered":"\u00ab Vous pouvez attendre au moins une heure pour recharger \u00bb"},"content":{"rendered":"<p>Il vient de brancher son \u00e9lectrique sur une prise de 180\u00a0kW, pour une recharge rapide. Dans cette e-station de supermarch\u00e9 de Villefranche-sur-Sa\u00f4ne, toute proche de l\u2019autoroute A6, il y a de la place en ce jeudi matin et Gilles, cet habitant du d\u00e9partement de l\u2019Ain tout proche, ne va pas s\u2019en plaindre, \u00e0 quelques heures de son d\u00e9part.<\/p>\n<p>\u00ab\u00a0On va prendre la route pour quatre jours dans le Sud et pour mon v\u00e9hicule, qui affiche 500\u00a0km d\u2019autonomie, il faudra une recharge en cours de route. Je pr\u00e9f\u00e8re, au cas o\u00f9 il y aurait un bouchon par exemple, cela me fait un peu peur. Ensuite, je rechargerai arriv\u00e9 sur place. \u00bb<\/p>\n<p>Ce n\u2019est pas la premi\u00e8re fois qu\u2019il prend la <a href=\"https:\/\/www.leprogres.fr\/magazine-automobile\/2024\/07\/19\/partir-en-vacances-en-electrique-les-bons-gestes-a-adopter\" target=\"_blank\" rel=\"noopener\">route des vacances<\/a> avec son allemande \u00e9lectrique, et il trouve que ce n\u2019est pas forc\u00e9ment l\u2019id\u00e9al pour les longs trajets. La faute, selon lui, au manque de&#8230;<\/p>\n","protected":false},"excerpt":{"rendered":"Il vient de brancher son \u00e9lectrique sur une prise de 180\u00a0kW, pour une recharge rapide. Dans cette e-station&hellip;\n","protected":false},"author":2,"featured_media":258196,"comment_status":"","ping_status":"","sticky":false,"template":"","format":"standard","meta":{"footnotes":""},"categories":[6],"tags":[35,3542,29359,39834,33,34,2757,3153,3156,107,1011,27,2428,2756,2429,3151,602,2803,15992],"class_list":{"0":"post-258195","1":"post","2":"type-post","3":"status-publish","4":"format-standard","5":"has-post-thumbnail","7":"category-economie","8":"tag-business","9":"tag-circulation","10":"tag-dardilly","11":"tag-drace","12":"tag-economie","13":"tag-economy","14":"tag-edition-lyon-villeurbanne","15":"tag-edition-ouest-lyonnais","16":"tag-edition-villefranche","17":"tag-fil-info","18":"tag-fr","19":"tag-france","20":"tag-lyon","21":"tag-lyon-bassin","22":"tag-rhone","23":"tag-selection-de-la-redaction-69","24":"tag-tourisme","25":"tag-transport","26":"tag-villefranche-sur-saone"},"share_on_mastodon":{"url":"https:\/\/pubeurope.com\/@fr\/114878467688392328","error":""},"_links":{"self":[{"href":"https:\/\/www.europesays.com\/fr\/wp-json\/wp\/v2\/posts\/258195","targetHints":{"allow":["GET"]}}],"collection":[{"href":"https:\/\/www.europesays.com\/fr\/wp-json\/wp\/v2\/posts"}],"about":[{"href":"https:\/\/www.europesays.com\/fr\/wp-json\/wp\/v2\/types\/post"}],"author":[{"embeddable":true,"href":"https:\/\/www.europesays.com\/fr\/wp-json\/wp\/v2\/users\/2"}],"replies":[{"embeddable":true,"href":"https:\/\/www.europesays.com\/fr\/wp-json\/wp\/v2\/comments?post=258195"}],"version-history":[{"count":0,"href":"https:\/\/www.europesays.com\/fr\/wp-json\/wp\/v2\/posts\/258195\/revisions"}],"wp:featuredmedia":[{"embeddable":true,"href":"https:\/\/www.europesays.com\/fr\/wp-json\/wp\/v2\/media\/258196"}],"wp:attachment":[{"href":"https:\/\/www.europesays.com\/fr\/wp-json\/wp\/v2\/media?parent=258195"}],"wp:term":[{"taxonomy":"category","embeddable":true,"href":"https:\/\/www.europesays.com\/fr\/wp-json\/wp\/v2\/categories?post=258195"},{"taxonomy":"post_tag","embeddable":true,"href":"https:\/\/www.europesays.com\/fr\/wp-json\/wp\/v2\/tags?post=258195"}],"curies":[{"name":"wp","href":"https:\/\/api.w.org\/{rel}","templated":true}]}}