{"id":258197,"date":"2025-07-19T06:24:11","date_gmt":"2025-07-19T06:24:11","guid":{"rendered":"https:\/\/www.europesays.com\/fr\/258197\/"},"modified":"2025-07-19T06:24:11","modified_gmt":"2025-07-19T06:24:11","slug":"israel-et-le-gouvernement-syrien-annoncent-un-cessez-le-feu-apres-une-semaine-de-violences","status":"publish","type":"post","link":"https:\/\/www.europesays.com\/fr\/258197\/","title":{"rendered":"Isra\u00ebl et le gouvernement syrien annoncent un cessez-le-feu apr\u00e8s une semaine de violences"},"content":{"rendered":"<p>Un calme pr\u00e9caire tente de s\u2019imposer \u00e0 Soueida. Alors que la ville du sud syrien est ravag\u00e9e depuis pr\u00e8s d\u2019une semaine par de violents combats entre groupes druzes et tribus b\u00e9douines, un <a href=\"https:\/\/www.20minutes.fr\/monde\/cessez_le_feu\/\" target=\"_blank\" class=\"color-ultramarine c-link\" rel=\"noopener\">cessez-le-feu<\/a> a \u00e9t\u00e9 annonc\u00e9 vendredi soir entre <a href=\"https:\/\/www.20minutes.fr\/monde\/israel\/\" target=\"_blank\" class=\"color-ultramarine c-link\" rel=\"noopener\">Isra\u00ebl<\/a> et le gouvernement syrien, sous l\u2019\u00e9gide des <a href=\"https:\/\/www.20minutes.fr\/monde\/etats-unis\/\" target=\"_blank\" class=\"color-ultramarine c-link\" rel=\"noopener\">Etats-Unis<\/a>.<\/p>\n<p>L\u2019\u00e9missaire am\u00e9ricain pour la Syrie, Tom Barrack, a confirm\u00e9 que le Premier ministre isra\u00e9lien <a href=\"https:\/\/www.20minutes.fr\/dossier\/benyamin_netanyahou\" target=\"_blank\" class=\"color-ultramarine c-link\" rel=\"noopener\">Benyamin Netanyahou<\/a> et le pr\u00e9sident int\u00e9rimaire <a href=\"https:\/\/www.20minutes.fr\/monde\/syrie\/\" target=\"_blank\" class=\"color-ultramarine c-link\" rel=\"noopener\">syrien<\/a> Ahmad al-Chareh \u00ab\u00a0ont accept\u00e9 un cessez-le-feu\u00a0\u00bb. Cette annonce survient deux jours apr\u00e8s des frappes isra\u00e9liennes sur Damas, men\u00e9es en r\u00e9ponse \u00e0 des violences visant la minorit\u00e9 druze.<\/p>\n<p>Encore des affrontements sporadiques<\/p>\n<p>Dans une d\u00e9claration post\u00e9e sur X, Tom Barrack a exhort\u00e9 les communaut\u00e9s locales \u00e0 abandonner les armes. \u00ab\u00a0Nous appelons les Druzes, les B\u00e9douins et les <a href=\"https:\/\/www.20minutes.fr\/dossier\/sunnite\" target=\"_blank\" class=\"color-ultramarine c-link\" rel=\"noopener\">sunnites<\/a> \u00e0 d\u00e9poser les armes, et, ensemble, avec les autres minorit\u00e9s, \u00e0 construire une identit\u00e9 syrienne nouvelle et unie, dans la paix et la prosp\u00e9rit\u00e9 avec ses voisins\u00a0\u00bb, a-t-il \u00e9crit, dans un rare appel direct \u00e0 la r\u00e9conciliation nationale.<\/p>\n<\/p>\n<p>Mais sur le terrain, les combats se poursuivent. A l\u2019entr\u00e9e ouest de Soueida, ville \u00e0 majorit\u00e9 druze situ\u00e9e dans le sud de la Syrie, des \u00e9changes nourris de tirs ont oppos\u00e9 vendredi soir quelque 200 combattants arabes sunnites venus pr\u00eater main-forte aux B\u00e9douins, aux groupes druzes retranch\u00e9s dans la ville. La zone reste le th\u00e9\u00e2tre d\u2019<a href=\"https:\/\/www.20minutes.fr\/monde\/affrontements\/\" target=\"_blank\" class=\"color-ultramarine c-link\" rel=\"noopener\">affrontements<\/a> sporadiques, malgr\u00e9 les engagements de cessez-le-feu.<\/p>\n<p>Un tr\u00e8s lourd bilan humain<\/p>\n<p>Depuis dimanche, au moins 638 personnes ont \u00e9t\u00e9 tu\u00e9es, selon l\u2019Observatoire syrien des droits de l&rsquo;homme (OSDH). Des dizaines de milliers de <a href=\"https:\/\/www.20minutes.fr\/monde\/civils\/\" target=\"_blank\" class=\"color-ultramarine c-link\" rel=\"noopener\">civils<\/a> ont fui les combats, exacerbant une crise humanitaire dans une r\u00e9gion d\u00e9j\u00e0 \u00e9prouv\u00e9e. Vendredi soir, la pr\u00e9sidence syrienne a annonc\u00e9 l\u2019envoi d\u2019une \u00ab\u00a0force sp\u00e9ciale\u00a0\u00bb pour restaurer l\u2019ordre \u00e0 Soueida, tout en appelant \u00e0 \u00ab\u00a0la retenue\u00a0\u00bb et \u00e0 \u00ab\u00a0privil\u00e9gier la raison\u00a0\u00bb. Cette initiative intervient apr\u00e8s un retrait des forces gouvernementales la veille, sur fond de pressions et de <a href=\"https:\/\/www.20minutes.fr\/monde\/bombardement\/\" target=\"_blank\" class=\"color-ultramarine c-link\" rel=\"noopener\">bombardements<\/a> isra\u00e9liens.<\/p>\n<p><a href=\"https:\/\/www.20minutes.fr\/monde\/syrie\/\" target=\"_blank\" class=\"c-link c-btn c-btn--primary\" rel=\"noopener\">Notre dossier sur la Syrie<\/a><\/p>\n<p>Isra\u00ebl, qui affirme vouloir prot\u00e9ger la minorit\u00e9 druze, avait menac\u00e9 d\u2019intensifier son intervention si les violences se poursuivaient. Le pr\u00e9sident Ahmad al-Chareh a exprim\u00e9 sa volont\u00e9 d\u2019\u00e9viter une \u00ab\u00a0guerre ouverte\u00a0\u00bb avec Tel-Aviv. Il avait tent\u00e9 mardi de reprendre la main en red\u00e9ployant ses troupes \u00e0 Soueida, mais ces derni\u00e8res ont \u00e9t\u00e9 accus\u00e9es de s\u2019\u00eatre rang\u00e9es du c\u00f4t\u00e9 des B\u00e9douins et d\u2019avoir commis des exactions.<\/p>\n","protected":false},"excerpt":{"rendered":"Un calme pr\u00e9caire tente de s\u2019imposer \u00e0 Soueida. Alors que la ville du sud syrien est ravag\u00e9e depuis&hellip;\n","protected":false},"author":2,"featured_media":258198,"comment_status":"","ping_status":"","sticky":false,"template":"","format":"standard","meta":{"footnotes":""},"categories":[5],"tags":[47,11,39835,952,4755,221,36712,1011,27,14,664,30302,74,12,32,28],"class_list":{"0":"post-258197","1":"post","2":"type-post","3":"status-publish","4":"format-standard","5":"has-post-thumbnail","7":"category-international","8":"tag-actualite","9":"tag-actualites","10":"tag-affrontements","11":"tag-benyamin-netanyahou","12":"tag-bombardement","13":"tag-cessez-le-feu","14":"tag-damas","15":"tag-fr","16":"tag-france","17":"tag-international","18":"tag-israel","19":"tag-minorites","20":"tag-monde","21":"tag-news","22":"tag-syrie","23":"tag-world"},"share_on_mastodon":{"url":"https:\/\/pubeurope.com\/@fr\/114878471370216393","error":""},"_links":{"self":[{"href":"https:\/\/www.europesays.com\/fr\/wp-json\/wp\/v2\/posts\/258197","targetHints":{"allow":["GET"]}}],"collection":[{"href":"https:\/\/www.europesays.com\/fr\/wp-json\/wp\/v2\/posts"}],"about":[{"href":"https:\/\/www.europesays.com\/fr\/wp-json\/wp\/v2\/types\/post"}],"author":[{"embeddable":true,"href":"https:\/\/www.europesays.com\/fr\/wp-json\/wp\/v2\/users\/2"}],"replies":[{"embeddable":true,"href":"https:\/\/www.europesays.com\/fr\/wp-json\/wp\/v2\/comments?post=258197"}],"version-history":[{"count":0,"href":"https:\/\/www.europesays.com\/fr\/wp-json\/wp\/v2\/posts\/258197\/revisions"}],"wp:featuredmedia":[{"embeddable":true,"href":"https:\/\/www.europesays.com\/fr\/wp-json\/wp\/v2\/media\/258198"}],"wp:attachment":[{"href":"https:\/\/www.europesays.com\/fr\/wp-json\/wp\/v2\/media?parent=258197"}],"wp:term":[{"taxonomy":"category","embeddable":true,"href":"https:\/\/www.europesays.com\/fr\/wp-json\/wp\/v2\/categories?post=258197"},{"taxonomy":"post_tag","embeddable":true,"href":"https:\/\/www.europesays.com\/fr\/wp-json\/wp\/v2\/tags?post=258197"}],"curies":[{"name":"wp","href":"https:\/\/api.w.org\/{rel}","templated":true}]}}