{"id":258203,"date":"2025-07-19T06:27:10","date_gmt":"2025-07-19T06:27:10","guid":{"rendered":"https:\/\/www.europesays.com\/fr\/258203\/"},"modified":"2025-07-19T06:27:10","modified_gmt":"2025-07-19T06:27:10","slug":"les-commercants-pleurent-les-passants-sont-ravis","status":"publish","type":"post","link":"https:\/\/www.europesays.com\/fr\/258203\/","title":{"rendered":"les commer\u00e7ants \u00ab\u00a0pleurent\u00a0\u00bb, les passants sont ravis"},"content":{"rendered":"<p>Comme tous les jeudis matin, les \u00e9tals d\u00e9bordent et les rues du centre-ville sont pleines.<\/p>\n<p>\u00c0 une nouveaut\u00e9 pr\u00e8s\u00a0: les voitures ont d\u00e9sert\u00e9 la rue du March\u00e9. Elle est ferm\u00e9e \u00e0 la circulation pour une dur\u00e9e inconnue, \u00e0 la suite de travaux visant \u00e0 la rendre accessible pour les personnes en situation de handicap.<\/p>\n<p>Une rue pi\u00e9tonne qui divise<\/p>\n<p>Cette d\u00e9cision est loin de faire l\u2019unanimit\u00e9 au sein des boutiques install\u00e9es dans la rue. \u00ab\u00a0Que la rue soit pi\u00e9tonne les matins de march\u00e9, c\u2019est normal, mais on ne veut pas que cela soit d\u00e9finitif\u00a0\u00bb, explique Cl\u00e9mence Jaillet, de la boucherie qui porte son nom.<\/p>\n<p><strong>&gt;&gt;\u00a0<a href=\"https:\/\/www.leprogres.fr\/economie\/2025\/04\/07\/rue-du-marche-en-travaux-un-mal-pour-un-bien-selon-les-commercants\" target=\"_blank\" rel=\"nofollow noopener\">La rue du March\u00e9 est en travaux : \u00ab Un mal pour un bien \u00bb selon les commer\u00e7ants<\/a><\/strong><\/p>\n<p>\u00c9ric Bruchet, patron du bar-tabac Le Mikado, se montre plus m\u00e9content&#8230;<\/p>\n","protected":false},"excerpt":{"rendered":"Comme tous les jeudis matin, les \u00e9tals d\u00e9bordent et les rues du centre-ville sont pleines. \u00c0 une nouveaut\u00e9&hellip;\n","protected":false},"author":2,"featured_media":258204,"comment_status":"","ping_status":"","sticky":false,"template":"","format":"standard","meta":{"footnotes":""},"categories":[9653],"tags":[1111,11,2430,4406,33,7539,1777,674,10282,10283,1011,27,12,25,4001],"class_list":{"0":"post-258203","1":"post","2":"type-post","3":"status-publish","4":"format-standard","5":"has-post-thumbnail","7":"category-saint-etienne","8":"tag-actu","9":"tag-actualites","10":"tag-auvergne-rhone-alpes","11":"tag-commerce-et-services","12":"tag-economie","13":"tag-edition-loire-sud","14":"tag-eu","15":"tag-europe","16":"tag-firminy","17":"tag-firminy-ville","18":"tag-fr","19":"tag-france","20":"tag-news","21":"tag-republique-francaise","22":"tag-saint-etienne"},"share_on_mastodon":{"url":"https:\/\/pubeurope.com\/@fr\/114878483199569240","error":""},"_links":{"self":[{"href":"https:\/\/www.europesays.com\/fr\/wp-json\/wp\/v2\/posts\/258203","targetHints":{"allow":["GET"]}}],"collection":[{"href":"https:\/\/www.europesays.com\/fr\/wp-json\/wp\/v2\/posts"}],"about":[{"href":"https:\/\/www.europesays.com\/fr\/wp-json\/wp\/v2\/types\/post"}],"author":[{"embeddable":true,"href":"https:\/\/www.europesays.com\/fr\/wp-json\/wp\/v2\/users\/2"}],"replies":[{"embeddable":true,"href":"https:\/\/www.europesays.com\/fr\/wp-json\/wp\/v2\/comments?post=258203"}],"version-history":[{"count":0,"href":"https:\/\/www.europesays.com\/fr\/wp-json\/wp\/v2\/posts\/258203\/revisions"}],"wp:featuredmedia":[{"embeddable":true,"href":"https:\/\/www.europesays.com\/fr\/wp-json\/wp\/v2\/media\/258204"}],"wp:attachment":[{"href":"https:\/\/www.europesays.com\/fr\/wp-json\/wp\/v2\/media?parent=258203"}],"wp:term":[{"taxonomy":"category","embeddable":true,"href":"https:\/\/www.europesays.com\/fr\/wp-json\/wp\/v2\/categories?post=258203"},{"taxonomy":"post_tag","embeddable":true,"href":"https:\/\/www.europesays.com\/fr\/wp-json\/wp\/v2\/tags?post=258203"}],"curies":[{"name":"wp","href":"https:\/\/api.w.org\/{rel}","templated":true}]}}