{"id":25821,"date":"2025-04-15T03:53:20","date_gmt":"2025-04-15T03:53:20","guid":{"rendered":"https:\/\/www.europesays.com\/fr\/25821\/"},"modified":"2025-04-15T03:53:20","modified_gmt":"2025-04-15T03:53:20","slug":"moto-gp-voici-le-programme-tv-du-gp-demilie-romagne-2024","status":"publish","type":"post","link":"https:\/\/www.europesays.com\/fr\/25821\/","title":{"rendered":"Moto GP &#8211; Voici le programme TV du GP d&rsquo;\u00c9milie Romagne 2024\u00a0"},"content":{"rendered":"<p itemprop=\"description\">Ici, vous retrouverez le programme TV complet pour le Grand-Prix d&rsquo;\u00c9milie Romagne 2024 en MotoGP, ce week-end.<\/p>\n<p>Le Grand Prix de Saint-Marin MotoGP 2024 a vu <strong>Marc M\u00e1rquez<\/strong> triompher, marquant son retour au sommet avec sa deuxi\u00e8me victoire cons\u00e9cutive apr\u00e8s 1043 jours sans gagner. Les conditions m\u00e9t\u00e9orologiques changeantes ont marqu\u00e9 cette course disput\u00e9e <strong>sur le circuit de Misano Adriatico<\/strong>. Alors que la pluie mena\u00e7ait, M\u00e1rquez a surpass\u00e9 ses rivaux en restant sur des <strong>pneus slicks<\/strong>. Contrairement \u00e0 Jorge Martin, le seul des pilotes, au avant-poste, qui a fait l\u00a0\u00bberreur de passer \u00e0 une moto \u00e9quip\u00e9e de pneus pluie. Ce choix strat\u00e9gique <strong>co\u00fbte cher \u00e0 Martin<\/strong>, qui termine <strong>\u00e0 la 15\u1d49 place<\/strong> apr\u00e8s \u00eatre revenu aux stands pour changer de moto \u00e0 nouveau.<br \/>Francesco Bagnaia, malgr\u00e9 des blessures subies lors du pr\u00e9c\u00e9dent Grand Prix, a termin\u00e9 <strong>deuxi\u00e8me,<\/strong> suivi par son co\u00e9quipier Enea Bastianini, compl\u00e9tant un <strong>podium enti\u00e8rement Ducati<\/strong>. Bagnaia en profite pour se rapprocher \u00e0 seulement <strong>sept points<\/strong> de Martin dans la course au titre.<br \/>Ce week-end, le MotoGP revient en Italie pour le <a href=\"https:\/\/www.autoplus.fr\/alpine\/a110\/alpine-a110-2021-version-speciale-fernando-alonso-esteban-ocon-318751.html\" target=\"_blank\" rel=\"noopener nofollow\"><strong>Grand Prix d&rsquo;\u00c9milie-Romagne<\/strong><\/a>, avec une bataille pour la victoire qui s&rsquo;annonce tr\u00e8s serr\u00e9e.<\/p>\n<p>    Voici le programme complet de la MotoGP\u00a0 <\/p>\n<p>Le Grand Prix d&rsquo;\u00c9milie-Romagne MotoGP 2024 se d\u00e9roulera une nouvelle fois sur le c\u00e9l\u00e8bre circuit de Misano, et Canal+, d\u00e9tenteur exclusif des droits en France, assure la retransmission. Les amateurs de deux-roues auront l&rsquo;opportunit\u00e9 de suivre les diff\u00e9rentes cat\u00e9gories, avec les courses Moto 2, Moto 3 et Moto E programm\u00e9es le dimanche matin sur <strong>Canal+ Sport 360<\/strong>. Le Grand Prix MotoGP, sera diffus\u00e9 quant \u00e0 lui en direct sur <strong>Canal+<\/strong> dans l\u2019apr\u00e8s-midi. Pour s\u2019adapter aux contraintes du calendrier sportif, les horaires ont \u00e9t\u00e9 ajust\u00e9s : la course principale commencera \u00e0 <strong>13 h au lieu de 14 h<\/strong>, afin d&rsquo;\u00e9viter une collision avec le d\u00e9part du Grand Prix de Formule 1 de Singapour, pr\u00e9vu \u00e0 14 h. Voici donc le programme complet de la MotoGP.<br \/><strong>Vendredi 20 septembre 2024\u00a0<\/strong><br \/>10 h 45 \u2013 11 h 30 : Essais Libres 1<br \/>15 h 00 \u2013 16 h 00 : Essais<br \/><strong>Samedi 21 septembre 2024\u00a0<\/strong><br \/>10 h 10 \u2013 10 h 40 : Essais Libres 2<br \/>10 h 50 \u2013 11 h 05 : Qualifications 1<br \/>11 h 15 \u2013 11 h 30 : Qualifications 2<br \/>15 h 00 : Sprint (13 tours)<br \/><strong>Dimanche 22 septembre 2024\u00a0<\/strong><br \/>08 h 40 \u2013 08 h 50 : Warm-up<\/p>\n<p>13 h 00 : Grand Prix d&rsquo;\u00c9milie-Romagne (27 tours)<\/p>\n","protected":false},"excerpt":{"rendered":"Ici, vous retrouverez le programme TV complet pour le Grand-Prix d&rsquo;\u00c9milie Romagne 2024 en MotoGP, ce week-end. Le&hellip;\n","protected":false},"author":2,"featured_media":25822,"comment_status":"","ping_status":"","sticky":false,"template":"","format":"standard","meta":{"footnotes":""},"categories":[1413],"tags":[1011,27,1638,1457,1456,60],"class_list":{"0":"post-25821","1":"post","2":"type-post","3":"status-publish","4":"format-standard","5":"has-post-thumbnail","7":"category-moto","8":"tag-fr","9":"tag-france","10":"tag-has_diapo","11":"tag-moto","12":"tag-motocycle","13":"tag-sports"},"share_on_mastodon":{"url":"https:\/\/pubeurope.com\/@fr\/114339958153546987","error":""},"_links":{"self":[{"href":"https:\/\/www.europesays.com\/fr\/wp-json\/wp\/v2\/posts\/25821","targetHints":{"allow":["GET"]}}],"collection":[{"href":"https:\/\/www.europesays.com\/fr\/wp-json\/wp\/v2\/posts"}],"about":[{"href":"https:\/\/www.europesays.com\/fr\/wp-json\/wp\/v2\/types\/post"}],"author":[{"embeddable":true,"href":"https:\/\/www.europesays.com\/fr\/wp-json\/wp\/v2\/users\/2"}],"replies":[{"embeddable":true,"href":"https:\/\/www.europesays.com\/fr\/wp-json\/wp\/v2\/comments?post=25821"}],"version-history":[{"count":0,"href":"https:\/\/www.europesays.com\/fr\/wp-json\/wp\/v2\/posts\/25821\/revisions"}],"wp:featuredmedia":[{"embeddable":true,"href":"https:\/\/www.europesays.com\/fr\/wp-json\/wp\/v2\/media\/25822"}],"wp:attachment":[{"href":"https:\/\/www.europesays.com\/fr\/wp-json\/wp\/v2\/media?parent=25821"}],"wp:term":[{"taxonomy":"category","embeddable":true,"href":"https:\/\/www.europesays.com\/fr\/wp-json\/wp\/v2\/categories?post=25821"},{"taxonomy":"post_tag","embeddable":true,"href":"https:\/\/www.europesays.com\/fr\/wp-json\/wp\/v2\/tags?post=25821"}],"curies":[{"name":"wp","href":"https:\/\/api.w.org\/{rel}","templated":true}]}}