{"id":258219,"date":"2025-07-19T06:40:13","date_gmt":"2025-07-19T06:40:13","guid":{"rendered":"https:\/\/www.europesays.com\/fr\/258219\/"},"modified":"2025-07-19T06:40:13","modified_gmt":"2025-07-19T06:40:13","slug":"la-ville-lance-une-experimentation-inedite","status":"publish","type":"post","link":"https:\/\/www.europesays.com\/fr\/258219\/","title":{"rendered":"la Ville lance une \u00ab\u00a0exp\u00e9rimentation in\u00e9dite\u00a0\u00bb"},"content":{"rendered":"<p>            Par<br \/>\n        <strong><br \/>\n            <a href=\"https:\/\/actu.fr\/auteur\/lisa-rodrigues\" title=\"Consulter tous les articles de Lisa Rodrigues\" target=\"_blank\" rel=\"noopener\">Lisa Rodrigues<\/a><br \/>\n        <\/strong><\/p>\n<p>        Publi\u00e9 le<\/p>\n<p>            19 juil. 2025 \u00e0 6h46        <\/p>\n<p>Des chiens gambadant librement dans une zone d\u00e9limit\u00e9e d\u2019un parc public : c\u2019est d\u00e9sormais possible \u00e0 <a href=\"https:\/\/actu.fr\/auvergne-rhone-alpes\/grenoble_38185\" target=\"_blank\" rel=\"noopener\">Grenoble<\/a>. La Ville lance, <strong>d\u00e8s lundi 21 juillet<\/strong>, une \u00ab\u00a0exp\u00e9rimentation in\u00e9dite\u00a0\u00bb de plusieurs mois o\u00f9, sur sept hectares et dans huit parcs diff\u00e9rents, les boules de poils de toute taille pourront \u00eatre amen\u00e9es sans laisse dans des <strong>espaces de libert\u00e9 pour chiens<\/strong>.<br \/>Localisation de ces zones, r\u00e8gles \u00e0 respecter, objectifs affich\u00e9s de l\u2019exp\u00e9rimentation\u2026 On vous d\u00e9crypte les grandes lignes du \u00ab\u00a0plan chien\u00a0\u00bb de la municipalit\u00e9.<\/p>\n<p>O\u00f9 se situent ces zones de libert\u00e9\u00a0<\/p>\n<p class=\" wall-content\">Les espaces de libert\u00e9s canins seront progressivement d\u00e9ploy\u00e9s jusqu\u2019en septembre. Ils seront indiqu\u00e9s par une signalisation adapt\u00e9e et restent <strong>interdits pour les chiens de cat\u00e9gorie 1<\/strong>.<\/p>\n<p>    <a href=\"https:\/\/www.facebook.com\/plugins\/post.php?href=https%3A%2F%2Fwww.facebook.com%2FSandra.Krief38%2Fposts%2Fpfbid0UyNNE8vvNresqoG1ViGgsVeuoCnCr9yWnX6Yncd51wqvaMT3qZwpKDXo7Je1wigZl&amp;show_text=true&amp;width=350\" title=\"Ouvrie le lien\" target=\"_blank\" rel=\"noopener\">Cliquez ici pour visualiser le contenu<\/a><\/p>\n<p class=\" wall-content\">Dans le courant de l\u2019\u00e9t\u00e9, quatre parcs de Grenoble sont ainsi concern\u00e9s par l\u2019exp\u00e9rimentation :<\/p>\n<ul class=\" wall-content\">\n<li>Le <strong>parc Paul-Mistral<\/strong> (zone est, entre la mairie et le <a href=\"https:\/\/actu.fr\/auvergne-rhone-alpes\/grenoble_38185\/grenoble-stade-des-alpes-ca-va-nous-couter-une-blinde-un-accord-fait-grincer-des-dents_62911013.html\" target=\"_blank\" rel=\"noopener\">Stade des Alpes<\/a>) : d\u00e8s le 21 juillet,<\/li>\n<li>Le <strong>jardin Hoche<\/strong> (c\u00f4t\u00e9 all\u00e9e du jardin) : \u00e0 partir du 28 juillet,<\/li>\n<li>Le <strong>parc Vallier-Catane<\/strong> (zone ouest) : d\u00e8s le 4 ao\u00fbt,<\/li>\n<li>Le <strong>square Roger-Genin<\/strong> (zone nord) : \u00e0 partir du 11 ao\u00fbt.<\/li>\n<\/ul>\n<p class=\" wall-content\">En septembre, quatre autres parcs suivront : celui des <strong>Champs-\u00c9lys\u00e9es<\/strong> (8 septembre), le <strong>parc Pompidou<\/strong> (15 septembre), les <strong>Berges de l\u2019Is\u00e8re<\/strong> (22 septembre) et le <strong>chemin de halage<\/strong> (29 septembre).<\/p>\n<p>Les r\u00e8gles \u00e0 respecter<\/p>\n<p class=\" wall-content\">Sur les r\u00e9seaux sociaux, \u00e0 l\u2019annonce de la mise en place de cette exp\u00e9rimentation, beaucoup se sont inqui\u00e9t\u00e9 des <strong>d\u00e9rives possibles<\/strong>, notamment la pr\u00e9sence de chiens trop agit\u00e9s ou pouvant pr\u00e9senter un risque pour les promeneurs.<\/p>\n<p class=\" wall-content\">Ces zones restent soumises \u00e0 des <strong>r\u00e8gles d\u2019utilisation strictes<\/strong>.<\/p>\n<blockquote class=\"ac-article-quote wall-content\">\n<p>Dans tous les caniparcs et les zones sans laisse, le chien demeure sous l\u2019enti\u00e8re responsabilit\u00e9 de son gardien ou de sa gardienne, et doit rester sous son contr\u00f4le.<\/p>\n<p>    <strong>Mairie de Grenoble<\/strong>\n            <\/p><\/blockquote>\n<p class=\" wall-content\">Ainsi, <strong>le ma\u00eetre doit venir avec une laisse<\/strong>, pouvoir rappeler son animal en trois fois maximum et garder son chien \u00e0 port\u00e9e de voix et de vue. Un maximum de trois chiens par personne est autoris\u00e9. \u00ab\u00a0M\u00eame dans une zone sans laisse, si les conditions pr\u00e9c\u00e9dentes ne peuvent \u00eatre respect\u00e9es, le chien doit \u00eatre tenu en laisse\u00a0\u00bb, ainsi que les animaux agressifs ou de cat\u00e9gorie 2, rappellent les services de la mairie.<\/p>\n<p class=\" wall-content\">Il est \u00e9galement soulign\u00e9 que les propri\u00e9taires doivent, m\u00eame dans ces zones, ramasser les d\u00e9jections de leur animal pour permettre \u00ab\u00a0une <a href=\"https:\/\/actu.fr\/societe\/accessibilite-proprete-espaces-vert-sont-villes-il-fait-bon-vivre-un-chien_23248086.html\" target=\"_blank\" rel=\"noopener\">cohabitation harmonieuse<\/a>\u00a0\u00bb avec le reste des utilisateurs du parc.<\/p>\n<p>Des cours d\u2019\u00e9ducation canine gratuits\u00a0<\/p>\n<p class=\" wall-content\">Pour accompagner la mise en place de ces zones, des m\u00e9diateurs de l\u2019association Voix Publique seront pr\u00e9sents dans les espaces \u00e0 leur lancement. Ils m\u00e8neront des \u00ab\u00a0actions de sensibilisation\u00a0\u00bb et rappelleront les r\u00e8gles \u00e0 respecter.<\/p>\n<p class=\" wall-content\">Enfin, \u00ab\u00a0la Ville mettra en place fin 2025 un <strong>programme d\u2019\u00e9ducation canine gratuit<\/strong>, anim\u00e9 par le service condition animal\u00a0\u00bb avec des ateliers collectifs et bilans comportementaux pour b\u00e9n\u00e9ficier de \u00ab\u00a0recommandations personnalis\u00e9es\u00a0\u00bb pour son chien.<\/p>\n<p class=\" wall-content\">Suivez toute l\u2019actualit\u00e9 de vos villes et m\u00e9dias favoris en vous inscrivant \u00e0 <a href=\"https:\/\/moncompte.actu.fr\" title=\"D\u00e9couvez Mon Actu\" rel=\"nofollow noopener\" data-trk=\"{&quot;cta&quot;:{&quot;action&quot;:&quot;https:\\\/\\\/moncompte.actu.fr&quot;,&quot;category&quot;:&quot;mon compte&quot;,&quot;from&quot;:&quot;article footer&quot;,&quot;name&quot;:&quot;Mon actu&quot;,&quot;type&quot;:&quot;cta&quot;}}\" target=\"_blank\">Mon Actu<\/a>.<\/p>\n","protected":false},"excerpt":{"rendered":"Par Lisa Rodrigues Publi\u00e9 le 19 juil. 2025 \u00e0 6h46 Des chiens gambadant librement dans une zone d\u00e9limit\u00e9e&hellip;\n","protected":false},"author":2,"featured_media":258220,"comment_status":"","ping_status":"","sticky":false,"template":"","format":"standard","meta":{"footnotes":""},"categories":[9566],"tags":[1111,11,1867,2430,4850,1777,674,1011,27,2731,12,25,104],"class_list":{"0":"post-258219","1":"post","2":"type-post","3":"status-publish","4":"format-standard","5":"has-post-thumbnail","7":"category-grenoble","8":"tag-actu","9":"tag-actualites","10":"tag-animaux","11":"tag-auvergne-rhone-alpes","12":"tag-chien","13":"tag-eu","14":"tag-europe","15":"tag-fr","16":"tag-france","17":"tag-grenoble","18":"tag-news","19":"tag-republique-francaise","20":"tag-societe"},"share_on_mastodon":{"url":"https:\/\/pubeurope.com\/@fr\/114878534339794999","error":""},"_links":{"self":[{"href":"https:\/\/www.europesays.com\/fr\/wp-json\/wp\/v2\/posts\/258219","targetHints":{"allow":["GET"]}}],"collection":[{"href":"https:\/\/www.europesays.com\/fr\/wp-json\/wp\/v2\/posts"}],"about":[{"href":"https:\/\/www.europesays.com\/fr\/wp-json\/wp\/v2\/types\/post"}],"author":[{"embeddable":true,"href":"https:\/\/www.europesays.com\/fr\/wp-json\/wp\/v2\/users\/2"}],"replies":[{"embeddable":true,"href":"https:\/\/www.europesays.com\/fr\/wp-json\/wp\/v2\/comments?post=258219"}],"version-history":[{"count":0,"href":"https:\/\/www.europesays.com\/fr\/wp-json\/wp\/v2\/posts\/258219\/revisions"}],"wp:featuredmedia":[{"embeddable":true,"href":"https:\/\/www.europesays.com\/fr\/wp-json\/wp\/v2\/media\/258220"}],"wp:attachment":[{"href":"https:\/\/www.europesays.com\/fr\/wp-json\/wp\/v2\/media?parent=258219"}],"wp:term":[{"taxonomy":"category","embeddable":true,"href":"https:\/\/www.europesays.com\/fr\/wp-json\/wp\/v2\/categories?post=258219"},{"taxonomy":"post_tag","embeddable":true,"href":"https:\/\/www.europesays.com\/fr\/wp-json\/wp\/v2\/tags?post=258219"}],"curies":[{"name":"wp","href":"https:\/\/api.w.org\/{rel}","templated":true}]}}