{"id":258225,"date":"2025-07-19T06:44:10","date_gmt":"2025-07-19T06:44:10","guid":{"rendered":"https:\/\/www.europesays.com\/fr\/258225\/"},"modified":"2025-07-19T06:44:10","modified_gmt":"2025-07-19T06:44:10","slug":"les-vacances-inattendues-deva-longoria-en-france-entre-strasbourg-colmar-et-dijon","status":"publish","type":"post","link":"https:\/\/www.europesays.com\/fr\/258225\/","title":{"rendered":"Les vacances inattendues d\u2019Eva Longoria en France, entre Strasbourg, Colmar et Dijon"},"content":{"rendered":"<p>Apr\u00e8s la Bretagne et la Provence, la star de Desperate Housewives est partie \u00e0 la d\u00e9couverte des tr\u00e9sors d\u2019Alsace pour un nouveau num\u00e9ro de Searching for, son \u00e9mission culinaire diffus\u00e9e sur CNN.<\/p>\n<p class=\"fig-paragraph\">On la savait amoureuse de la France mais peut-\u00eatre pas au point d\u2019aller explorer la campagne du Grand-Est en pleine saison estivale, pendant que ses amis hollywoodiens, \u00e0 l\u2019instar d\u2019<a href=\"https:\/\/madame.lefigaro.fr\/tag\/adrien-brody\" target=\"_blank\" rel=\"sponsored noopener nofollow\" data-gtm-custom-categorie=\"navigation\" data-gtm-custom-action=\"crossclick\" data-gtm-custom-label=\"Contextuel\" data-gtm-event=\"customEventSPE\">Adrien Brody<\/a>, Tobey Maguire, ou encore Sylvester Stallone, r\u00e9cemment aper\u00e7us \u00e0 Saint-Tropez, se pr\u00e9lassent sous le soleil m\u00e9diterran\u00e9en. Grande habitu\u00e9e du Festival de Cannes, dont elle foule le tapis rouge chaque ann\u00e9e, l\u2019actrice r\u00e9v\u00e9l\u00e9e dans Desperate Housewives est elle aussi fascin\u00e9e par la C\u00f4te d\u2019Azur, ses villages pittoresques nich\u00e9s dans les collines, ses plages de sable fin et ses calanques. Mais cet \u00e9t\u00e9, vous aurez pourtant plus de chances de la croiser dans les ruelles d\u2019un petit village alsacien ou bourguignon que sur la plage de Pampelonne \u00e0 Saint-Tropez.<\/p>\n<p>Une balade historique \u00e0 Colmar<\/p>\n<p class=\"fig-paragraph\">Ce samedi 12 juillet, la star a partag\u00e9 sur son compte Instagram une vid\u00e9o d\u2019elle, film\u00e9e en mode selfie, en train de se balader dans le centre historique de Colmar, en Alsace. \u00abI\u2019m in Colmar and look at this\u00a0! (\u00ab\u00a0Je suis \u00e0 Colmar et regardez \u00e7a\u00a0\u00bb)\u00bb, s\u2019exclame-t-elle en se penchant vers le sol, avant de pointer du doigt un petit triangle en m\u00e9tal sur lequel est grav\u00e9 un dessin de la statue de la Libert\u00e9. \u00abOn peut la voir partout, car l\u2019homme qui l\u2019a con\u00e7ue est de cette ville\u00a0: Colmar\u00a0! Et il y a une r\u00e9plique ici\u00a0!\u00bb, explique ensuite<a href=\"https:\/\/madame.lefigaro.fr\/tag\/eva-longoria\" target=\"_blank\" rel=\"sponsored noopener nofollow\" data-gtm-custom-categorie=\"navigation\" data-gtm-custom-action=\"crossclick\" data-gtm-custom-label=\"Contextuel\" data-gtm-event=\"customEventSPE\">\u00a0Eva Longoria<\/a>, prenant visiblement du plaisir \u00e0 jouer les guides touristiques pour ses abonn\u00e9s. Auguste Bartholdi, le sculpteur fran\u00e7ais qui a cr\u00e9\u00e9 la Statue de la libert\u00e9 est en effet n\u00e9 \u00e0 Colmar. Chapeau sur la t\u00eate et lunettes de soleil viss\u00e9es sur le nez, l\u2019actrice conclut sa vid\u00e9o avec une petite analyse politique sur l\u2019Am\u00e9rique de Donald Trump\u00a0: \u00abC\u2019est int\u00e9ressant, je suis dans la ville de l\u2019homme qui a construit la statue de la Libert\u00e9, \u00e0 une \u00e9poque o\u00f9 nos libert\u00e9s sont contest\u00e9es. Quelle ironie\u00a0!\u00bb.<\/p>\n<p>                                    <a class=\"fig-a11y-skip a11y-hidden\" href=\"#fig-a11y-skip-main-inarticle\"><br \/>\n        Passer la publicit\u00e9<br \/>\n    <\/a><\/p>\n<p>Un \u00e9change avec une rescap\u00e9e de la Shoah<\/p>\n<p class=\"fig-paragraph\">Eva Longoria ne s\u2019est pas retrouv\u00e9e \u00e0 Colmar pour le simple plaisir de d\u00e9couvrir son patrimoine historique. Ce voyage rentre dans le cadre du tournage du nouveau num\u00e9ro de son \u00e9mission culinaire Searching for, consacr\u00e9e \u00e0 la France, et qui sera diffus\u00e9e en 2026 sur la cha\u00eene am\u00e9ricaine CNN. Quelques jours plus t\u00f4t, elle \u00e9tait ainsi \u00e0 Strasbourg, o\u00f9 elle a rencontr\u00e9 plusieurs figures embl\u00e9matiques de la gastronomie locale comme Coralie Andt, la patronne de la winstub (un bistrot alsacien) Au Pont Corbeau. Le vendredi 4 juillet, Eva Longoria a \u00e9galement partag\u00e9 un repas de shabbat avec une famille juive alsacienne \u00e0 Strasbourg. \u00abC\u2019est un tr\u00e8s beau souvenir et une tr\u00e8s belle exp\u00e9rience. Je m\u2019en souviendrai longtemps.\u00a0Eva Longoria dans ma cuisine, c\u2019est surr\u00e9aliste\u00a0!\u00bb, a confi\u00e9 Dan Leclaire, le p\u00e8re de famille, au micro de\u00a0<a href=\"https:\/\/france3-regions.franceinfo.fr\/grand-est\/bas-rhin\/strasbourg-0\/eva-longoria-en-alsace-c-est-fini-ce-n-est-pas-tous-les-jours-qu-on-a-une-star-d-hollywood-dans-son-salon-3187299.html\" target=\"_blank\" rel=\"sponsored noopener nofollow\" data-gtm-custom-categorie=\"navigation\" data-gtm-custom-action=\"crossclick\" data-gtm-custom-label=\"Contextuel\" data-gtm-event=\"customEventSPE\">France 3.<\/a><\/p>\n<p class=\"fig-body-link&#10;    \">\n            \u00c0 lire aussi<br \/>\n        <a class=\"fig-body-link__link\" href=\"http:\/\/madame.lefigaro.fr\/celebrites\/actu-people\/degustation-d-huitres-et-danses-celtiques-mais-que-fait-eva-longoria-en-bretagne-20250612\" data-fig-type=\"Article\" data-gtm-custom-categorie=\"navigation\" data-gtm-custom-action=\"crossclick\" data-gtm-custom-label=\"Contextuel\" data-gtm-event=\"customEventSPE\" data-fig-domain=\"MADAME\" rel=\"nofollow noopener\" target=\"_blank\">D\u00e9gustation d\u2019hu\u00eetres et danses celtiques\u00a0: mais que fait Eva Longoria en Bretagne?<\/a>\n<\/p>\n<p>Des courses au march\u00e9 de Dijon<\/p>\n<p class=\"fig-paragraph\">La star am\u00e9ricaine ne s\u2019est pas mis les pieds sous la table, loin de l\u00e0. Elle est venue aider Dan \u00e0 pr\u00e9parer les plats la veille du d\u00eener avec beaucoup d\u2019enthousiasme. \u00abC\u2019est une parfaite commise,\u00a0elle \u00e9tait tr\u00e8s curieuse de notre mani\u00e8re de faire et tr\u00e8s excit\u00e9e de participer \u00e0 cet \u00e9v\u00e9nement avec ma famille\u00bb, assure Dan, sous le charme d\u2019Eva\u00a0: \u00abElle est tr\u00e8s sympathique, tr\u00e8s \u00e0 l\u2019\u00e9coute, c\u2019\u00e9tait tr\u00e8s convivial. C\u2019est vraiment une belle \u00e2me, quelqu\u2019un d\u2019une grande gentillesse et tr\u00e8s \u00e9l\u00e9gante\u00bb. Comme le rapportent nos confr\u00e8res de France 3, Simone Polak, l\u2019une des derni\u00e8res survivantes de la Shoah \u00e0 Strasbourg, \u00e9tait convi\u00e9e \u00e0 la table de Dan. Eva Longoria a pu \u00e9changer avec elle, un \u00abmoment rempli d\u2019\u00e9motion\u00bb, selon leur h\u00f4te.<\/p>\n<p class=\"fig-paragraph\">Apr\u00e8s son s\u00e9jour alsacien, l\u2019actrice a pos\u00e9 ses valises \u00e0 Dijon, en Bourgogne. Ce mardi 15 juillet, Dijonnais en train de faire leur march\u00e9 et commer\u00e7ants n\u2019en ont pas cru leurs yeux en voyant d\u00e9barquer la star aux halles de la ville, comme si de rien n\u2019\u00e9tait. Personne n\u2019avait \u00e9t\u00e9 mis au courant de sa venue. V\u00eatue d\u2019une robe longue vert \u00e9meraude, Eva Longoria a d\u00e9ambul\u00e9 dans les all\u00e9es du march\u00e9 aux c\u00f4t\u00e9s du chef doublement \u00e9toil\u00e9 William Frachot.\u00a0Suivis par les cam\u00e9ras de CNN, l\u2019actrice et le cuisinier sont partis \u00e0 la recherche des meilleurs produits, fruits l\u00e9gumes et volaille, pour pr\u00e9parer une recette sp\u00e9ciale, rest\u00e9e secr\u00e8te. Passionn\u00e9e de cuisine, la star \u00e9tait comme un poisson dans l\u2019eau en faisant son march\u00e9.<\/p>\n<p class=\"fig-paragraph\">Son p\u00e9riple gourmand a sans doute renforc\u00e9 son amour pour notre gastronomie, dont elle est tomb\u00e9e amoureuse gr\u00e2ce \u00e0 son ex-mari, l\u2019ancien basketteur fran\u00e7ais\u00a0<a href=\"https:\/\/madame.lefigaro.fr\/tag\/tony-parker\" target=\"_blank\" rel=\"sponsored noopener nofollow\" data-gtm-custom-categorie=\"navigation\" data-gtm-custom-action=\"crossclick\" data-gtm-custom-label=\"Contextuel\" data-gtm-event=\"customEventSPE\">Tony Parker.<\/a>\u00a0\u00abC\u2019est en vivant en France avec Tony que j\u2019ai r\u00e9alis\u00e9 combien la gastronomie fran\u00e7aise \u00e9tait unique, confiait-elle \u00e0 T\u00e9l\u00e9-Loisirs en mai 2023. J\u2019ai appris \u00e0 appr\u00e9cier le fromage, la p\u00e2tisserie, le pain frais, et les longues soir\u00e9es autour de la table.\u00bb<\/p>\n","protected":false},"excerpt":{"rendered":"Apr\u00e8s la Bretagne et la Provence, la star de Desperate Housewives est partie \u00e0 la d\u00e9couverte des tr\u00e9sors&hellip;\n","protected":false},"author":2,"featured_media":258226,"comment_status":"","ping_status":"","sticky":false,"template":"","format":"standard","meta":{"footnotes":""},"categories":[2820],"tags":[1111,11,1777,674,6724,1011,27,775,12,25,640],"class_list":{"0":"post-258225","1":"post","2":"type-post","3":"status-publish","4":"format-standard","5":"has-post-thumbnail","7":"category-strasbourg","8":"tag-actu","9":"tag-actualites","10":"tag-eu","11":"tag-europe","12":"tag-eva-longoria","13":"tag-fr","14":"tag-france","15":"tag-grand-est","16":"tag-news","17":"tag-republique-francaise","18":"tag-strasbourg"},"share_on_mastodon":{"url":"https:\/\/pubeurope.com\/@fr\/114878550090428670","error":""},"_links":{"self":[{"href":"https:\/\/www.europesays.com\/fr\/wp-json\/wp\/v2\/posts\/258225","targetHints":{"allow":["GET"]}}],"collection":[{"href":"https:\/\/www.europesays.com\/fr\/wp-json\/wp\/v2\/posts"}],"about":[{"href":"https:\/\/www.europesays.com\/fr\/wp-json\/wp\/v2\/types\/post"}],"author":[{"embeddable":true,"href":"https:\/\/www.europesays.com\/fr\/wp-json\/wp\/v2\/users\/2"}],"replies":[{"embeddable":true,"href":"https:\/\/www.europesays.com\/fr\/wp-json\/wp\/v2\/comments?post=258225"}],"version-history":[{"count":0,"href":"https:\/\/www.europesays.com\/fr\/wp-json\/wp\/v2\/posts\/258225\/revisions"}],"wp:featuredmedia":[{"embeddable":true,"href":"https:\/\/www.europesays.com\/fr\/wp-json\/wp\/v2\/media\/258226"}],"wp:attachment":[{"href":"https:\/\/www.europesays.com\/fr\/wp-json\/wp\/v2\/media?parent=258225"}],"wp:term":[{"taxonomy":"category","embeddable":true,"href":"https:\/\/www.europesays.com\/fr\/wp-json\/wp\/v2\/categories?post=258225"},{"taxonomy":"post_tag","embeddable":true,"href":"https:\/\/www.europesays.com\/fr\/wp-json\/wp\/v2\/tags?post=258225"}],"curies":[{"name":"wp","href":"https:\/\/api.w.org\/{rel}","templated":true}]}}