{"id":258237,"date":"2025-07-19T06:50:43","date_gmt":"2025-07-19T06:50:43","guid":{"rendered":"https:\/\/www.europesays.com\/fr\/258237\/"},"modified":"2025-07-19T06:50:43","modified_gmt":"2025-07-19T06:50:43","slug":"sncf-des-places-supplementaires-sur-les-trains-nantes-bordeaux-et-nantes-lyon-3","status":"publish","type":"post","link":"https:\/\/www.europesays.com\/fr\/258237\/","title":{"rendered":"SNCF : des places suppl\u00e9mentaires sur les trains Nantes-Bordeaux et Nantes-Lyon"},"content":{"rendered":"<p>Officiellement appel\u00e9s \u00ab\u00a0trains d\u2019\u00e9quilibre du territoire\u00a0\u00bb (TET), les Intercit\u00e9s Nantes-Bordeaux et Nantes-Lyon sont les premi\u00e8res lignes \u00e0 s\u2019ouvrir \u00e0 la concurrence. <a href=\"https:\/\/nantes.maville.com\/actu\/actudet_-train.-pourquoi-l-etat-relance-l-appel-d-offres-pour-les-lignes-nantes-bordeaux-et-nantes-lyon-_8-5420978_actu.Htm\" target=\"_self\" rel=\"noopener\">Apr\u00e8s un appel d\u2019offres relanc\u00e9 en 2022<\/a>, la filiale SNCF Voyageurs oc\u00e9an a \u00e9t\u00e9 retenue par l\u2019\u00c9tat pour exploiter ces deux lignes.<\/p>\n<p>Ce vendredi 18\u00a0juillet, dans la matin\u00e9e, le ministre des transports Philippe Tabarot s\u2019est rendu \u00e0 la gare de Nantes pour signer la convention d\u2019exploitation avec le PDG de SNCF Voyageurs, Christophe Fanichet.<\/p>\n<p>Deux millions de voyageurs par an sur les deux lignes<\/p>\n<p>D\u2019une dur\u00e9e de dix ans, cette convention pr\u00e9voit une hausse de places sur les deux lignes, d\u00e9j\u00e0 bien fr\u00e9quent\u00e9es avec <strong>\u00ab\u00a0deux millions de voyageurs par an\u00a0\u00bb<\/strong>, a rappel\u00e9 le ministre. L\u2019accord pr\u00e9voit \u00e9galement un aller-retour suppl\u00e9mentaire entre Nantes et Bordeaux, soit cinq allers-retours quotidiens, plus un sixi\u00e8me le vendredi et le dimanche. SNCF Voyageurs oc\u00e9an s\u2019engage \u00e9galement \u00e0 apporter plus de confort aux voyageurs (fontaine \u00e0 eau, restauration, davantage de place pour les v\u00e9los\u2026).<\/p>\n<p>En compl\u00e9ment des TGV et TER (trains express r\u00e9gionaux), les TET, subventionn\u00e9s par l\u2019\u00c9tat, assurent la liaison entre les grandes villes fran\u00e7aises.<\/p>\n<p>\u00a0<\/p>\n","protected":false},"excerpt":{"rendered":"Officiellement appel\u00e9s \u00ab\u00a0trains d\u2019\u00e9quilibre du territoire\u00a0\u00bb (TET), les Intercit\u00e9s Nantes-Bordeaux et Nantes-Lyon sont les premi\u00e8res lignes \u00e0 s\u2019ouvrir&hellip;\n","protected":false},"author":2,"featured_media":257771,"comment_status":"","ping_status":"","sticky":false,"template":"","format":"standard","meta":{"footnotes":""},"categories":[2817],"tags":[1111,11,1997,1777,674,1011,27,39784,39785,12,2219,18433,25,3272,2215,16567,5811],"class_list":{"0":"post-258237","1":"post","2":"type-post","3":"status-publish","4":"format-standard","5":"has-post-thumbnail","7":"category-bordeaux","8":"tag-actu","9":"tag-actualites","10":"tag-bordeaux","11":"tag-eu","12":"tag-europe","13":"tag-fr","14":"tag-france","15":"tag-nantes-bordeaux","16":"tag-nantes-lyon","17":"tag-news","18":"tag-nouvelle-aquitaine","19":"tag-places","20":"tag-republique-francaise","21":"tag-saint-nazaire","22":"tag-sncf","23":"tag-supplementaires","24":"tag-trains"},"share_on_mastodon":{"url":"https:\/\/pubeurope.com\/@fr\/114878573647278538","error":""},"_links":{"self":[{"href":"https:\/\/www.europesays.com\/fr\/wp-json\/wp\/v2\/posts\/258237","targetHints":{"allow":["GET"]}}],"collection":[{"href":"https:\/\/www.europesays.com\/fr\/wp-json\/wp\/v2\/posts"}],"about":[{"href":"https:\/\/www.europesays.com\/fr\/wp-json\/wp\/v2\/types\/post"}],"author":[{"embeddable":true,"href":"https:\/\/www.europesays.com\/fr\/wp-json\/wp\/v2\/users\/2"}],"replies":[{"embeddable":true,"href":"https:\/\/www.europesays.com\/fr\/wp-json\/wp\/v2\/comments?post=258237"}],"version-history":[{"count":0,"href":"https:\/\/www.europesays.com\/fr\/wp-json\/wp\/v2\/posts\/258237\/revisions"}],"wp:featuredmedia":[{"embeddable":true,"href":"https:\/\/www.europesays.com\/fr\/wp-json\/wp\/v2\/media\/257771"}],"wp:attachment":[{"href":"https:\/\/www.europesays.com\/fr\/wp-json\/wp\/v2\/media?parent=258237"}],"wp:term":[{"taxonomy":"category","embeddable":true,"href":"https:\/\/www.europesays.com\/fr\/wp-json\/wp\/v2\/categories?post=258237"},{"taxonomy":"post_tag","embeddable":true,"href":"https:\/\/www.europesays.com\/fr\/wp-json\/wp\/v2\/tags?post=258237"}],"curies":[{"name":"wp","href":"https:\/\/api.w.org\/{rel}","templated":true}]}}