{"id":258238,"date":"2025-07-19T06:51:09","date_gmt":"2025-07-19T06:51:09","guid":{"rendered":"https:\/\/www.europesays.com\/fr\/258238\/"},"modified":"2025-07-19T06:51:09","modified_gmt":"2025-07-19T06:51:09","slug":"letat-du-trafic-en-direct-en-occitanie","status":"publish","type":"post","link":"https:\/\/www.europesays.com\/fr\/258238\/","title":{"rendered":"l&rsquo;\u00e9tat du trafic en direct en Occitanie"},"content":{"rendered":"<p>            Par<br \/>\n        <strong><br \/>\n            <a href=\"https:\/\/actu.fr\/auteur\/david-saint-sernin\" title=\"Consulter tous les articles de David Saint-Sernin\" target=\"_blank\" rel=\"noopener\">David Saint-Sernin<\/a><br \/>\n        <\/strong><\/p>\n<p>        Publi\u00e9 le<\/p>\n<p>            19 juil. 2025 \u00e0 8h06<br \/>\n        ; mis \u00e0 jour le 19 juil. 2025 \u00e0 8h31    <\/p>\n<p>Samedi 19 juillet 2025 <a href=\"https:\/\/actu.fr\/societe\/de-gros-bouchons-a-venir-ce-week-end-bison-fute-voit-rouge-voici-les-routes-a-eviter_62921438.html\" target=\"_blank\" rel=\"noopener\">s\u2019annonce charg\u00e9 sur les routes et autoroutes d\u2019Occitanie<\/a> avec le traditionnel chass\u00e9-crois\u00e9 des vacanciers. De<strong> gros bouchons<\/strong> sont in\u00e9vitables.<\/p>\n<p class=\" wall-content\">\u00ab\u00a0Pour ce troisi\u00e8me week-end de vacances estivales, le r\u00e9seau accueillera plusieurs millions d\u2019automobilistes. Une circulation tr\u00e8s soutenue est ainsi attendue jusqu\u2019\u00e0 lundi, en vall\u00e9e du Rh\u00f4ne, en direction de la fa\u00e7ade atlantique, ainsi que <strong>sur le pourtour m\u00e9diterran\u00e9en\u00a0\u00bb<\/strong>, avertit Vinci Autoroutes.<\/p>\n<p>Journ\u00e9es class\u00e9es Rouge<\/p>\n<p class=\" wall-content\">Dans le sens des d\u00e9parts, la journ\u00e9e de samedi est <a href=\"https:\/\/actu.fr\/societe\/de-gros-bouchons-a-venir-ce-week-end-bison-fute-voit-rouge-voici-les-routes-a-eviter_62921438.html\" target=\"_blank\" rel=\"noopener\">de nouveau class\u00e9e rouge<\/a>. \u00ab\u00a0Il sera encore tr\u00e8s difficile de circuler sur les routes desservant la c\u00f4te atlantique (A10, A11, RN165, A63), le centre de l\u2019Hexagone (A71, A20), le quart Sud-Est (A7, A75, A9, A61) et pour l\u2019acc\u00e8s au Tunnel du Mont-Blanc. Ces difficult\u00e9s devraient commencer d\u00e8s le d\u00e9but de la matin\u00e9e pour se terminer en d\u00e9but de soir\u00e9e\u00a0\u00bb, pr\u00e9voit Bison Fut\u00e9.<\/p>\n<p class=\" wall-content\">Dans le sens des retours, le pourtour m\u00e9diterran\u00e9en devrait \u00eatre tr\u00e8s circul\u00e9 (A7, A8 et A9 en particulier).<\/p>\n<p class=\" wall-content\"><strong>Suivez en direct l\u2019\u00e9volution du trafic<\/strong>\u2009:<\/p>\n<p>8h29. Le bouchon s\u2019\u00e9tend sur l\u2019autoroute A9<\/p>\n<p class=\" wall-content\">Suite \u00e0 l\u2019incendie d\u2019un poids lourd dans la nuit, et des op\u00e9rations de nettoyage de la chauss\u00e9e en cours, le bouchon est en train de s\u2019\u00e9tendre sur l\u2019autoroute A 9 dans le sens Barcelone-Montpellier, au niveau de Narbonne-Est. Il mesure d\u00e9sormais 5 kilom\u00e8tres de long.\u00a0<\/p>\n<p>Vid\u00e9os : en ce moment sur Actu7h45. D\u00e9j\u00e0 une premi\u00e8re difficult\u00e9 sur l\u2019A9<\/p>\n<p class=\" wall-content\">La nuit a \u00e9t\u00e9 agit\u00e9e sur l\u2019autoroute A 9. Un poid lourd en feu a n\u00e9cessit\u00e9 de couper l\u2019autoroute dans le sens Barcelone-Montpellier. L\u2019accident s\u2019est situ\u00e9 entre Narbonne et B\u00e9ziers. La circulation a \u00e9t\u00e9 r\u00e9tablie mais vers 4h30, mais on ne roulait que sur une seule voie ce qui provoquait un bouchon en pleine nuit.<\/p>\n<p class=\" wall-content\">Ce samedi matin, des op\u00e9rations de nettoyage \u00e9taient toujours en cours et on ne circulait toujours que sur une voie.<\/p>\n<p class=\" wall-content\">Un bouchon de 4 kilom\u00e8tres est toujours en cours vers 8h annonce Bison Fut\u00e9.\u00a0<\/p>\n<p class=\" wall-content\">\n<p class=\" wall-content\">Suivez toute l\u2019actualit\u00e9 de vos villes et m\u00e9dias favoris en vous inscrivant \u00e0 <a href=\"https:\/\/moncompte.actu.fr\" title=\"D\u00e9couvez Mon Actu\" rel=\"nofollow noopener\" data-trk=\"{&quot;cta&quot;:{&quot;action&quot;:&quot;https:\\\/\\\/moncompte.actu.fr&quot;,&quot;category&quot;:&quot;mon compte&quot;,&quot;from&quot;:&quot;article footer&quot;,&quot;name&quot;:&quot;Mon actu&quot;,&quot;type&quot;:&quot;cta&quot;}}\" target=\"_blank\">Mon Actu<\/a>.<\/p>\n<ul class=\"ac-article-tag wall-content\">\n<li><a href=\"https:\/\/actu.fr\/tag\/autoroute-a9\" data-trk=\"{&quot;cta&quot;:{&quot;action&quot;:&quot;Autoroute A9&quot;,&quot;category&quot;:&quot;tag&quot;,&quot;from&quot;:&quot;article footer&quot;,&quot;name&quot;:&quot;Autoroute A9&quot;,&quot;type&quot;:&quot;cta&quot;}}\" target=\"_blank\" rel=\"noopener\">#Autoroute A9<\/a><\/li>\n<li><a href=\"https:\/\/actu.fr\/tag\/bison-fute\" data-trk=\"{&quot;cta&quot;:{&quot;action&quot;:&quot;Bison fut\\u00e9&quot;,&quot;category&quot;:&quot;tag&quot;,&quot;from&quot;:&quot;article footer&quot;,&quot;name&quot;:&quot;Bison fut\\u00e9&quot;,&quot;type&quot;:&quot;cta&quot;}}\" target=\"_blank\" rel=\"noopener\">#Bison fut\u00e9<\/a><\/li>\n<\/ul>\n","protected":false},"excerpt":{"rendered":"Par David Saint-Sernin Publi\u00e9 le 19 juil. 2025 \u00e0 8h06 ; mis \u00e0 jour le 19 juil. 2025&hellip;\n","protected":false},"author":2,"featured_media":258239,"comment_status":"","ping_status":"","sticky":false,"template":"","format":"standard","meta":{"footnotes":""},"categories":[2816],"tags":[1111,11,33978,6427,1777,674,1011,27,12,2680,25,104,2312],"class_list":{"0":"post-258238","1":"post","2":"type-post","3":"status-publish","4":"format-standard","5":"has-post-thumbnail","7":"category-toulouse","8":"tag-actu","9":"tag-actualites","10":"tag-autoroute-a9","11":"tag-bison-fute","12":"tag-eu","13":"tag-europe","14":"tag-fr","15":"tag-france","16":"tag-news","17":"tag-occitanie","18":"tag-republique-francaise","19":"tag-societe","20":"tag-toulouse"},"share_on_mastodon":{"url":"https:\/\/pubeurope.com\/@fr\/114878577640048994","error":""},"_links":{"self":[{"href":"https:\/\/www.europesays.com\/fr\/wp-json\/wp\/v2\/posts\/258238","targetHints":{"allow":["GET"]}}],"collection":[{"href":"https:\/\/www.europesays.com\/fr\/wp-json\/wp\/v2\/posts"}],"about":[{"href":"https:\/\/www.europesays.com\/fr\/wp-json\/wp\/v2\/types\/post"}],"author":[{"embeddable":true,"href":"https:\/\/www.europesays.com\/fr\/wp-json\/wp\/v2\/users\/2"}],"replies":[{"embeddable":true,"href":"https:\/\/www.europesays.com\/fr\/wp-json\/wp\/v2\/comments?post=258238"}],"version-history":[{"count":0,"href":"https:\/\/www.europesays.com\/fr\/wp-json\/wp\/v2\/posts\/258238\/revisions"}],"wp:featuredmedia":[{"embeddable":true,"href":"https:\/\/www.europesays.com\/fr\/wp-json\/wp\/v2\/media\/258239"}],"wp:attachment":[{"href":"https:\/\/www.europesays.com\/fr\/wp-json\/wp\/v2\/media?parent=258238"}],"wp:term":[{"taxonomy":"category","embeddable":true,"href":"https:\/\/www.europesays.com\/fr\/wp-json\/wp\/v2\/categories?post=258238"},{"taxonomy":"post_tag","embeddable":true,"href":"https:\/\/www.europesays.com\/fr\/wp-json\/wp\/v2\/tags?post=258238"}],"curies":[{"name":"wp","href":"https:\/\/api.w.org\/{rel}","templated":true}]}}