{"id":258242,"date":"2025-07-19T06:54:16","date_gmt":"2025-07-19T06:54:16","guid":{"rendered":"https:\/\/www.europesays.com\/fr\/258242\/"},"modified":"2025-07-19T06:54:16","modified_gmt":"2025-07-19T06:54:16","slug":"la-famille-lance-un-appel-a-temoins","status":"publish","type":"post","link":"https:\/\/www.europesays.com\/fr\/258242\/","title":{"rendered":"la famille lance un appel \u00e0 t\u00e9moins"},"content":{"rendered":"<p class=\"article-p mdl\">La famille de la petite Zayneb, nourrisson pr\u00e9matur\u00e9 retrouv\u00e9 bless\u00e9 au sol dans un service de n\u00e9onatalogie du CHU de Lille et <strong>d\u00e9c\u00e9d\u00e9 quelques jours plus tard<\/strong>, cherche \u00e0 comprendre les circonstances de ce drame.<\/p>\n<p class=\"article-p mdl\">Face \u00e0 de nombreuses anomalies &#8211;\u00a0<a class=\"link\" href=\"https:\/\/www.rtl.fr\/actu\/justice-faits-divers\/bebe-mort-a-l-hopital-de-lille-le-deces-est-compatible-avec-une-chute-selon-le-parquet-7900524461\" title=\"B\u00e9b\u00e9 mort \u00e0 l&#039;h\u00f4pital de Lille : le d\u00e9c\u00e8s est &quot;compatible avec une chute&quot;, selon le parquet\" target=\"_blank\" rel=\"noopener\">un enfant sans surveillance dans le service<\/a>, la chambre de b\u00e9b\u00e9s tr\u00e8s fragiles insuffisamment s\u00e9curis\u00e9e, une surveillance trop distante -, <strong>la famille a lanc\u00e9 un appel \u00e0 t\u00e9moins<\/strong>.<\/p>\n<p class=\"article-p mdl\">Vendredi 18 juillet, Karima Farhi, cousine du p\u00e8re, devenue la porte-parole de la famille, a indiqu\u00e9 \u00e0 l\u2019AFP qu\u2019ils recherchaient donc toute personne ayant constat\u00e9 des \u00e9l\u00e9ments similaires \u00e0 t\u00e9moigner. <strong>Les personnes souhaitant t\u00e9moigner sont invit\u00e9es \u00e0 contacter le parquet de Lille<\/strong>.<\/p>\n<p class=\"article-p mdl\">La procureure a confirm\u00e9 les d\u00e9clarations de la famille du nourrisson, qui a point\u00e9 le comportement perturbateur du fr\u00e8re d&rsquo;un autre b\u00e9b\u00e9 hospitalis\u00e9 dans le service, et indiqu\u00e9 qu&rsquo;un \u00ab\u00a0enfant de six ans, membre d&rsquo;une autre famille, a effectivement <strong>\u00e9t\u00e9 vu \u00e0 proximit\u00e9 du berceau et de l&rsquo;enfant au sol<\/strong>\u00ab\u00a0. L&rsquo;enqu\u00eate ouverte pour \u00ab\u00a0recherche des causes de la mort\u00a0\u00bb se poursuit.<\/p>\n<p>    La r\u00e9daction vous recommande<\/p>\n<p class=\"s-newsletter__title\">\n                L\u2019actualit\u00e9 par la r\u00e9daction de RTL dans votre bo\u00eete mail.\n            <\/p>\n<p class=\"s-newsletter__subtitle\">\n                Gr\u00e2ce \u00e0 votre compte RTL abonnez-vous \u00e0 la newsletter RTL info pour suivre toute l&rsquo;actualit\u00e9 au quotidien\n            <\/p>\n<p>\n                                    Lire la suite\n                                <\/p>\n","protected":false},"excerpt":{"rendered":"La famille de la petite Zayneb, nourrisson pr\u00e9matur\u00e9 retrouv\u00e9 bless\u00e9 au sol dans un service de n\u00e9onatalogie du&hellip;\n","protected":false},"author":2,"featured_media":258243,"comment_status":"","ping_status":"","sticky":false,"template":"","format":"standard","meta":{"footnotes":""},"categories":[2815],"tags":[1111,11,3493,1719,1777,674,107,1011,27,811,2777,1307,12,1308,25],"class_list":{"0":"post-258242","1":"post","2":"type-post","3":"status-publish","4":"format-standard","5":"has-post-thumbnail","7":"category-lille","8":"tag-actu","9":"tag-actualites","10":"tag-bebe","11":"tag-enfants","12":"tag-eu","13":"tag-europe","14":"tag-fil-info","15":"tag-fr","16":"tag-france","17":"tag-hauts-de-france","18":"tag-hopitaux","19":"tag-lille","20":"tag-news","21":"tag-nord","22":"tag-republique-francaise"},"share_on_mastodon":{"url":"https:\/\/pubeurope.com\/@fr\/114878589351511436","error":""},"_links":{"self":[{"href":"https:\/\/www.europesays.com\/fr\/wp-json\/wp\/v2\/posts\/258242","targetHints":{"allow":["GET"]}}],"collection":[{"href":"https:\/\/www.europesays.com\/fr\/wp-json\/wp\/v2\/posts"}],"about":[{"href":"https:\/\/www.europesays.com\/fr\/wp-json\/wp\/v2\/types\/post"}],"author":[{"embeddable":true,"href":"https:\/\/www.europesays.com\/fr\/wp-json\/wp\/v2\/users\/2"}],"replies":[{"embeddable":true,"href":"https:\/\/www.europesays.com\/fr\/wp-json\/wp\/v2\/comments?post=258242"}],"version-history":[{"count":0,"href":"https:\/\/www.europesays.com\/fr\/wp-json\/wp\/v2\/posts\/258242\/revisions"}],"wp:featuredmedia":[{"embeddable":true,"href":"https:\/\/www.europesays.com\/fr\/wp-json\/wp\/v2\/media\/258243"}],"wp:attachment":[{"href":"https:\/\/www.europesays.com\/fr\/wp-json\/wp\/v2\/media?parent=258242"}],"wp:term":[{"taxonomy":"category","embeddable":true,"href":"https:\/\/www.europesays.com\/fr\/wp-json\/wp\/v2\/categories?post=258242"},{"taxonomy":"post_tag","embeddable":true,"href":"https:\/\/www.europesays.com\/fr\/wp-json\/wp\/v2\/tags?post=258242"}],"curies":[{"name":"wp","href":"https:\/\/api.w.org\/{rel}","templated":true}]}}