{"id":258246,"date":"2025-07-19T06:56:09","date_gmt":"2025-07-19T06:56:09","guid":{"rendered":"https:\/\/www.europesays.com\/fr\/258246\/"},"modified":"2025-07-19T06:56:09","modified_gmt":"2025-07-19T06:56:09","slug":"voici-ou-et-comment-les-voir","status":"publish","type":"post","link":"https:\/\/www.europesays.com\/fr\/258246\/","title":{"rendered":"voici o\u00f9 et comment les voir"},"content":{"rendered":"<p>            Par<br \/>\n        <strong><br \/>\n            <a href=\"https:\/\/actu.fr\/auteur\/thibault-nadal-actu-fr\" title=\"Consulter tous les articles de Thibault Nadal\" target=\"_blank\" rel=\"noopener\">Thibault Nadal<\/a><br \/>\n        <\/strong><\/p>\n<p>        Publi\u00e9 le<\/p>\n<p>            19 juil. 2025 \u00e0 8h08        <\/p>\n<p>Apr\u00e8s deux mois d\u2019absence, ils sont enfin de retour. Depuis le 17\u00a0mai dernier, les supporters de <a href=\"https:\/\/actu.fr\/tag\/olympique-de-marseille-om\" target=\"_blank\" rel=\"noopener\">l\u2019Olympique de Marseille<\/a> doivent prendre leur mal en patience, seulement nourris par <strong>l\u2019arriv\u00e9e des premi\u00e8res recrues<\/strong>.<\/p>\n<p class=\" wall-content\">Mais cette attente va prendre fin. Et pour cette premi\u00e8re salve, les fans vont \u00eatre g\u00e2t\u00e9s avec deux matchs en 24\u00a0heures.<\/p>\n<p class=\" wall-content\">Voici tout ce qu\u2019il faut savoir.<\/p>\n<p>Deux matchs aux Pays-Bas<\/p>\n<p class=\" wall-content\">Apr\u00e8s une saison 2024-2025 aussi bien r\u00e9ussie que mouvement\u00e9e, les supporters de l\u2019OM sont impatients pour la cuv\u00e9e 2025-2026 qui s\u2019annonce toute aussi prometteuse avec la <a href=\"https:\/\/actu.fr\/tag\/ligue-des-champions\" target=\"_blank\" rel=\"noopener\">Ligue des champions<\/a>.<\/p>\n<p class=\" wall-content\">\n<p class=\" wall-content\">Apr\u00e8s avoir repris le chemin de l\u2019entra\u00eenement \u00e0 la Commanderie (Marseille, 11e) le 7\u00a0juillet, les joueurs de Roberto De Zerbi se sont envol\u00e9s ce jeudi 17\u00a0juillet 2025 pour<strong> les Pays-Bas<\/strong> o\u00f9 ils doivent disputer deux matchs en 24\u00a0heures.<\/p>\n<p>Vid\u00e9os : en ce moment sur ActuDisponibles sur YouTube<\/p>\n<p class=\" wall-content\">Le premier se d\u00e9roulera <strong>ce dimanche 20\u00a0juillet \u00e0 18h<\/strong> face au n\u00e9erlandais d\u2019Excelsior Maassluis, pensionnaire de la troisi\u00e8me division locale. La rencontre se disputera au KNVB Campus et sera \u00e0 suivre\u2026 gratuitement sur la cha\u00eene YouTube de l\u2019OM, disponible en cliquant sur <a href=\"https:\/\/www.youtube.com\/@om_officiel\" target=\"_blank\" rel=\"noopener\">ce lien<\/a> ou sur <a href=\"https:\/\/www.om.fr\/fr\" target=\"_blank\" rel=\"noopener\">le site du club<\/a> directement.<\/p>\n<p class=\" wall-content\">Le deuxi\u00e8me se jouera \u00e0 <strong>la m\u00eame et au m\u00eame endroit le lendemain<\/strong>, soit le lundi 20\u00a0juillet. Cette fois, ce sont les Belges de Chaleroi qui se dresseront face aux Olympiens. Le match sera une nouvelle fois \u00e0 suivre sur YouTube ou sur om.fr.<\/p>\n<p class=\" wall-content\">Suivez toute l\u2019actualit\u00e9 de vos villes et m\u00e9dias favoris en vous inscrivant \u00e0 <a href=\"https:\/\/moncompte.actu.fr\" title=\"D\u00e9couvez Mon Actu\" rel=\"nofollow noopener\" data-trk=\"{&quot;cta&quot;:{&quot;action&quot;:&quot;https:\\\/\\\/moncompte.actu.fr&quot;,&quot;category&quot;:&quot;mon compte&quot;,&quot;from&quot;:&quot;article footer&quot;,&quot;name&quot;:&quot;Mon actu&quot;,&quot;type&quot;:&quot;cta&quot;}}\" target=\"_blank\">Mon Actu<\/a>.<\/p>\n<ul class=\"ac-article-tag wall-content\">\n<li><a href=\"https:\/\/actu.fr\/tag\/olympique-de-marseille-om\" data-trk=\"{&quot;cta&quot;:{&quot;action&quot;:&quot;Olympique de Marseille (OM)&quot;,&quot;category&quot;:&quot;tag&quot;,&quot;from&quot;:&quot;article footer&quot;,&quot;name&quot;:&quot;Olympique de Marseille (OM)&quot;,&quot;type&quot;:&quot;cta&quot;}}\" target=\"_blank\" rel=\"noopener\">#Olympique de Marseille (OM)<\/a><\/li>\n<li><a href=\"https:\/\/actu.fr\/tag\/youtube\" data-trk=\"{&quot;cta&quot;:{&quot;action&quot;:&quot;Youtube&quot;,&quot;category&quot;:&quot;tag&quot;,&quot;from&quot;:&quot;article footer&quot;,&quot;name&quot;:&quot;Youtube&quot;,&quot;type&quot;:&quot;cta&quot;}}\" target=\"_blank\" rel=\"noopener\">#Youtube<\/a><\/li>\n<\/ul>\n","protected":false},"excerpt":{"rendered":"Par Thibault Nadal Publi\u00e9 le 19 juil. 2025 \u00e0 8h08 Apr\u00e8s deux mois d\u2019absence, ils sont enfin de&hellip;\n","protected":false},"author":2,"featured_media":106190,"comment_status":"","ping_status":"","sticky":false,"template":"","format":"standard","meta":{"footnotes":""},"categories":[2814],"tags":[1111,11,1777,674,63,1011,27,884,12,2333,882,25,60,2784],"class_list":{"0":"post-258246","1":"post","2":"type-post","3":"status-publish","4":"format-standard","5":"has-post-thumbnail","7":"category-marseille","8":"tag-actu","9":"tag-actualites","10":"tag-eu","11":"tag-europe","12":"tag-football","13":"tag-fr","14":"tag-france","15":"tag-marseille","16":"tag-news","17":"tag-olympique-de-marseille-om","18":"tag-provence-alpes-cote-dazur","19":"tag-republique-francaise","20":"tag-sports","21":"tag-youtube"},"share_on_mastodon":{"url":"https:\/\/pubeurope.com\/@fr\/114878597259909293","error":""},"_links":{"self":[{"href":"https:\/\/www.europesays.com\/fr\/wp-json\/wp\/v2\/posts\/258246","targetHints":{"allow":["GET"]}}],"collection":[{"href":"https:\/\/www.europesays.com\/fr\/wp-json\/wp\/v2\/posts"}],"about":[{"href":"https:\/\/www.europesays.com\/fr\/wp-json\/wp\/v2\/types\/post"}],"author":[{"embeddable":true,"href":"https:\/\/www.europesays.com\/fr\/wp-json\/wp\/v2\/users\/2"}],"replies":[{"embeddable":true,"href":"https:\/\/www.europesays.com\/fr\/wp-json\/wp\/v2\/comments?post=258246"}],"version-history":[{"count":0,"href":"https:\/\/www.europesays.com\/fr\/wp-json\/wp\/v2\/posts\/258246\/revisions"}],"wp:featuredmedia":[{"embeddable":true,"href":"https:\/\/www.europesays.com\/fr\/wp-json\/wp\/v2\/media\/106190"}],"wp:attachment":[{"href":"https:\/\/www.europesays.com\/fr\/wp-json\/wp\/v2\/media?parent=258246"}],"wp:term":[{"taxonomy":"category","embeddable":true,"href":"https:\/\/www.europesays.com\/fr\/wp-json\/wp\/v2\/categories?post=258246"},{"taxonomy":"post_tag","embeddable":true,"href":"https:\/\/www.europesays.com\/fr\/wp-json\/wp\/v2\/tags?post=258246"}],"curies":[{"name":"wp","href":"https:\/\/api.w.org\/{rel}","templated":true}]}}