{"id":258249,"date":"2025-07-19T06:58:12","date_gmt":"2025-07-19T06:58:12","guid":{"rendered":"https:\/\/www.europesays.com\/fr\/258249\/"},"modified":"2025-07-19T06:58:12","modified_gmt":"2025-07-19T06:58:12","slug":"cest-dur-pour-nous-les-soigneurs-reagissent","status":"publish","type":"post","link":"https:\/\/www.europesays.com\/fr\/258249\/","title":{"rendered":"\u00ab\u00a0C&rsquo;est dur pour nous\u00a0\u00bb, les soigneurs r\u00e9agissent"},"content":{"rendered":"<p>            Par<br \/>\n        <strong><br \/>\n            <a href=\"https:\/\/actu.fr\/auteur\/theo-zuili\" title=\"Consulter tous les articles de Th\u00e9o Zuili\" target=\"_blank\" rel=\"noopener\">Th\u00e9o Zuili<\/a><br \/>\n        <\/strong><\/p>\n<p>        Publi\u00e9 le<\/p>\n<p>            19 juil. 2025 \u00e0 8h46        <\/p>\n<p>\u00ab\u00a0Il n\u2019y a jamais eu autant de pression\u00a0\u00bb sur le zoo de la T\u00eate d\u2019Or, admet sa responsable, Gwendoline Anfray. \u00ab\u00a0C\u2019est <strong>dur pour nous<\/strong>, les \u00e9quipes. On nous accuse de maltraitance.\u00a0\u00bb Ce petit site zoologique situ\u00e9 en plein c\u0153ur du <a href=\"https:\/\/actu.fr\/tag\/parc-de-la-tete-d-or\" target=\"_blank\" rel=\"noopener\">parc de la T\u00eate d\u2019Or<\/a>, dans le 6\u1d49 arrondissement de <a href=\"https:\/\/actu.fr\/auvergne-rhone-alpes\/lyon_69123\" target=\"_blank\" rel=\"noopener\">Lyon<\/a>, est vis\u00e9 par une p\u00e9tition r\u00e9clamant sa fermeture au nom de la dignit\u00e9 animale.<\/p>\n<p class=\" wall-content\">La Ville de Lyon nous a exceptionnellement ouvert les coulisses de ce zoo municipal aux <strong>58 esp\u00e8ces pour 360 \u00e0 380 animaux<\/strong>. Une mani\u00e8re de montrer le quotidien des soigneurs et les missions qui, selon eux, donnent du sens \u00e0 la captivit\u00e9.<\/p>\n<p>\u00ab\u00a0C\u2019est bien de se poser des questions\u00a0\u00bb<\/p>\n<p class=\" wall-content\">Beno\u00eet Gaudiller, soigneur au zoo, nous accompagne du c\u00f4t\u00e9 de la plaine africaine toute la matin\u00e9e. Nourrissage, nettoyage, routine\u2026 Au d\u00e9tour de l\u2019une de ses nombreuses missions, une visiteuse l\u2019alpague : \u00ab\u00a0Excusez-moi, les girafes, elles n\u2019ont que \u00e7a comme espace ?\u00a0\u00bb<\/p>\n<p class=\" wall-content\">Le terrain devant leur b\u00e2timent est ridiculement petit, alors cette question est courante. \u00ab\u00a0En fait, ce que les gens ne savent pas, c\u2019est <strong>toute la place<\/strong> qu\u2019il y a derri\u00e8re.\u00a0\u00bb \u00c0 savoir, pr\u00e8s de trois hectares.<\/p>\n<p class=\" wall-content\">Interrog\u00e9e \u00e0 deux pas d\u2019un z\u00e8bre et d\u2019une girafe curieuse, Gwendoline Anfray positive : \u00ab\u00a0C\u2019est logique que les gens se posent des questions, c\u2019est quelque chose de plut\u00f4t intelligent de se poser des questions !\u00a0\u00bb<\/p>\n<p>Des missions qui \u00e9voluent<\/p>\n<p class=\" wall-content\">Visiblement affect\u00e9 par les accusations de maltraitance animale, Beno\u00eet est attach\u00e9 aux b\u00eates qu\u2019il c\u00f4toie quotidiennement. \u00ab\u00a0\u00c7a, c\u2019est Sa\u00e9, elle me connait depuis mon arriv\u00e9e\u00a0\u00bb, nous glisse-t-il en caressant le front d\u2019une vache watusi, seule repr\u00e9sentante de son esp\u00e8ce \u00e0 Lyon depuis quatre ans.<\/p>\n<p>    <img   decoding=\"async\" loading=\"lazy\" src=\"https:\/\/www.europesays.com\/fr\/wp-content\/uploads\/2025\/07\/zoo-lyon-parc-de-la-tete-d-or-pelicans-animaux-coulisses-960x640.png\" alt=\"Point de vue depuis un plan d'eau du zoo du parc de la T\u00eate d'Or, pr\u00e8s de l'\u00eele des l\u00e9muriens.\" width=\"960\" height=\"640\"\/><br \/>\n    Point de vue depuis un plan d\u2019eau du zoo du parc de la T\u00eate d\u2019Or, pr\u00e8s de l\u2019\u00eele des l\u00e9muriens. (\u00a9Th\u00e9o Zuili \/ actu Lyon)<\/p>\n<p class=\" wall-content\">Sans menace d\u2019extinction, cette esp\u00e8ce <strong>ne devrait plus \u00eatre conserv\u00e9e<\/strong> au zoo \u00e0 l\u2019avenir en raison des <a href=\"https:\/\/actu.fr\/auvergne-rhone-alpes\/lyon_69123\/lyon-gregory-doucet-ne-fermera-pas-le-zoo-de-la-tete-d-or-la-ville-clarifie-sa-position_62751702.html\" target=\"_blank\" rel=\"noopener\">nouvelles politiques appliqu\u00e9es par les \u00e9cologistes<\/a>.<\/p>\n<p class=\" wall-content\">Beno\u00eet acquiesce et continue : \u00ab\u00a0On est loin du zoo des ann\u00e9es 1800 en mode m\u00e9nagerie, dont le seul but \u00e9tait de collectionner et exhiber. On est gratuit, il n\u2019y a pas d\u2019envie de mon\u00e9tiser la pr\u00e9sence de l\u2019animal, et ce sont les meilleurs ambassadeurs du vivant. En plus, ici, ils sont en <strong>h\u00f4tel cinq \u00e9toiles<\/strong>.\u00a0\u00bb<\/p>\n<p>Le parc zoologique de Lyon a trois missions<\/p>\n<p>&#8211; La conservation : protection du patrimoine g\u00e9n\u00e9tique et des esp\u00e8ces (beaucoup d&rsquo;animaux sont plac\u00e9s sous contraceptif, les naissances \u00e9tant coordonn\u00e9es au sein de programmes europ\u00e9ens pour avoir une reproduction uniquement lorsque c&rsquo;est jug\u00e9 n\u00e9cessaire pour le patrimoine g\u00e9n\u00e9tique de l&rsquo;esp\u00e8ce),<\/p>\n<p>&#8211; La sensibilisation : la transmission p\u00e9dagogique du savoir acquis sur ces animaux et leur \u00e9cosyst\u00e8me au public,<\/p>\n<p>&#8211; La recherche scientifique : en apprendre plus sur ces animaux pour servir \u00e0 leur protection dans leur milieu naturel, \u00e0 destination des scientifiques et associations sur le terrain (donn\u00e9es comportementales, \u00e9chantillons biologiques&#8230;),<\/p>\n<p>\u00ab\u00a0Ce qui chapeaute tout \u00e7a, c&rsquo;est le bien-\u00eatre animal. Dans ces trois axes, on doit assurer les meilleures conditions de vie\u00a0\u00bb, assure Gwendoline Anfray.<\/p>\n<p>Un zoo qui maltraite ses animaux ?<\/p>\n<p class=\" wall-content\">Avec <a href=\"https:\/\/www.mesopinions.com\/petition\/animaux\/fermeture-zoo-lyon-placement-animaux-refuges\/233810\" target=\"_blank\" rel=\"noopener\">30 000 signatures<\/a> venues de toute la France, l\u2019association Paz (Projet Animaux Zoopolis) revendique porter la voie d\u2019une grande partie des lyonnais <strong>r\u00e9clamant la fermeture<\/strong> de ce zoo. Pour justifier une telle d\u00e9cision, elle d\u00e9crit notamment des \u00ab\u00a0comportements st\u00e9r\u00e9otyp\u00e9s\u00a0\u00bb chez les animaux, signes de leur mal-\u00eatre quotidien.<\/p>\n<p class=\" wall-content\">Girafe roulant sa langue dans sa bouche et panth\u00e8re occup\u00e9e \u00e0 <strong>tourner en rond<\/strong> dans son enclos sont les deux exemples les plus marquants mis en avant par les animalistes.<\/p>\n<p class=\" wall-content\">Gwendoline Anfray, elle, d\u00e9fend une approche diff\u00e9rente : \u00ab\u00a0La st\u00e9r\u00e9otypie est la b\u00eate noire des parcs zoologiques. C\u2019est ce qu\u2019on essaie de d\u00e9tecter en permanence pour emp\u00eacher son apparition ou provoquer sa disparition, car c\u2019est un synonyme d\u2019ennui ou de stress.\u00a0\u00bb<\/p>\n<p class=\" wall-content\">La responsable du zoo reconnait que ces deux esp\u00e8ces (girafe et panth\u00e8re de l\u2019amour) pr\u00e9sentent ce comportement. Mais elle temp\u00e8re : \u00ab\u00a0C\u2019est assez classique et <strong>\u00e7a existe aussi dans la nature<\/strong>. La st\u00e9r\u00e9otypie est davantage le sympt\u00f4me du stress ou de l\u2019ennui, et n\u2019est pas alarmante tant qu\u2019elle repr\u00e9sente moins de 20% des derni\u00e8res 24h de l\u2019animal.\u00a0\u00bb<\/p>\n<p>Des visions irr\u00e9conciliables ?<\/p>\n<p class=\" wall-content\">Le d\u00e9bat est sans fin depuis des ann\u00e9es : PAZ ne plaide pas pour un meilleur zoo, mais pour la fin des zoos. Selon l\u2019association, aucun enclos, aussi grand soit-il, ne pourra jamais remplacer un milieu naturel. La captivit\u00e9 ne peut \u00eatre \u00e9thique, r\u00e9p\u00e8te-t-elle, car elle prive d\u2019autonomie et de libert\u00e9 des \u00eatres sensibles.<\/p>\n<p class=\" wall-content\">Gwendoline Anfray affirme s\u2019\u00eatre pos\u00e9 la m\u00eame question avant de choisir ce m\u00e9tier. Pour elle, la captivit\u00e9 est un \u00ab\u00a0mal n\u00e9cessaire qu\u2019on peut rendre int\u00e9ressant pour les animaux comme pour le public\u00a0\u00bb : un zoo est un moyen de conserver les esp\u00e8ces dont on d\u00e9truit l\u2019environnement pour <strong>permettre leur r\u00e9introduction<\/strong> le jour o\u00f9 ce sera possible.<\/p>\n<blockquote class=\"ac-article-quote wall-content\">\n<p>\u00c0 l&rsquo;\u00e9poque, les animaux des zoos \u00e9taient captur\u00e9s dans leur milieu naturel. Certains de leurs descendants sont devenus, \u00e0 cause de l&rsquo;homme, les derniers espoirs de revoir un jour ces esp\u00e8ces dans la nature.<\/p>\n<p>    <strong>Gwendoline Anfray<\/strong>\n            <\/p><\/blockquote>\n<p class=\" wall-content\">Le soigneur voit dans le succ\u00e8s de cette p\u00e9tition \u00ab\u00a0un manque d\u2019information du public\u00a0\u00bb qui serait prompt \u00e0 \u00ab\u00a0projeter ses propres \u00e9motions sur des animaux qui sont tout \u00e0 fait diff\u00e9rents\u00a0\u00bb.<\/p>\n<p class=\" wall-content\">\u00ab\u00a0Si quelque chose vous chagrine, venez en parlez avec nous\u00a0\u00bb, tente de r\u00e9concilier Beno\u00eet, reconnaissable \u00e0 son uniforme beige floqu\u00e9 au nom du parc.<\/p>\n<p>Un besoin d\u2019\u00e9volution<\/p>\n<p class=\" wall-content\">La responsable le reconna\u00eet : le zoo de Lyon n\u2019est pas parfait. Depuis les ann\u00e9es 2000, une transformation est engag\u00e9e pour limiter l\u2019effet \u00ab\u00a0vitrine\u00a0\u00bb et offrir \u00e0 tous les animaux un espace de retrait, invisible du public. Depuis 2020, c\u2019est la pr\u00e9sence de certains animaux, dont la captivit\u00e9 n\u2019est pas justifi\u00e9e par le statut de leur esp\u00e8ce, qui est remise en question.<\/p>\n<p>    <img   decoding=\"async\" loading=\"lazy\" src=\"https:\/\/www.europesays.com\/fr\/wp-content\/uploads\/2025\/07\/crocodile-zoo-lyon-960x640.jpg\" alt=\"Les deux crocodiles du zoo de Lyon ont \u00e9t\u00e9 d\u00e9plac\u00e9s vers un refuge en 2023.\" width=\"960\" height=\"640\"\/><br \/>\n    Les deux crocodiles du zoo de Lyon ont \u00e9t\u00e9 d\u00e9plac\u00e9s vers un refuge en 2023 : leur enclos n\u2019\u00e9tait pas jug\u00e9 adapt\u00e9 et posait des risques. (\u00a9Anthony Soudani \/ archives actu Lyon)<\/p>\n<p class=\" wall-content\">Prochaines \u00e9tapes c\u00f4t\u00e9 chantier : la primaterie et la fauverie, dont les enclos historiques restent \u00e0 repenser pour s\u2019adapter \u00e0 cette nouvelle philosophie.<\/p>\n<p class=\" wall-content\">Des travaux devront continuer cette d\u00e9marche. Quelles priorit\u00e9s pour le parc, demain ? Quelles esp\u00e8ces accueillir ? Le nouveau sch\u00e9ma directeur, \u00e0 para\u00eetre dans les prochains mois, devra marquer l\u2019ambition pour les 20 prochaines ann\u00e9es. Si aucune mairie ne d\u00e9cide de le fermer d\u2019ici l\u00e0.<\/p>\n<p class=\" wall-content\">Suivez toute l\u2019actualit\u00e9 de vos villes et m\u00e9dias favoris en vous inscrivant \u00e0 <a href=\"https:\/\/moncompte.actu.fr\" title=\"D\u00e9couvez Mon Actu\" rel=\"nofollow noopener\" data-trk=\"{&quot;cta&quot;:{&quot;action&quot;:&quot;https:\\\/\\\/moncompte.actu.fr&quot;,&quot;category&quot;:&quot;mon compte&quot;,&quot;from&quot;:&quot;article footer&quot;,&quot;name&quot;:&quot;Mon actu&quot;,&quot;type&quot;:&quot;cta&quot;}}\" target=\"_blank\">Mon Actu<\/a>.<\/p>\n","protected":false},"excerpt":{"rendered":"Par Th\u00e9o Zuili Publi\u00e9 le 19 juil. 2025 \u00e0 8h46 \u00ab\u00a0Il n\u2019y a jamais eu autant de pression\u00a0\u00bb&hellip;\n","protected":false},"author":2,"featured_media":258250,"comment_status":"","ping_status":"","sticky":false,"template":"","format":"standard","meta":{"footnotes":""},"categories":[1889],"tags":[1111,11,1867,2430,1777,674,1011,27,2428,6795,12,13760,25,104],"class_list":{"0":"post-258249","1":"post","2":"type-post","3":"status-publish","4":"format-standard","5":"has-post-thumbnail","7":"category-lyon","8":"tag-actu","9":"tag-actualites","10":"tag-animaux","11":"tag-auvergne-rhone-alpes","12":"tag-eu","13":"tag-europe","14":"tag-fr","15":"tag-france","16":"tag-lyon","17":"tag-maltraitance-animale","18":"tag-news","19":"tag-parc-de-la-tete-dor","20":"tag-republique-francaise","21":"tag-societe"},"share_on_mastodon":{"url":"https:\/\/pubeurope.com\/@fr\/114878605265448054","error":""},"_links":{"self":[{"href":"https:\/\/www.europesays.com\/fr\/wp-json\/wp\/v2\/posts\/258249","targetHints":{"allow":["GET"]}}],"collection":[{"href":"https:\/\/www.europesays.com\/fr\/wp-json\/wp\/v2\/posts"}],"about":[{"href":"https:\/\/www.europesays.com\/fr\/wp-json\/wp\/v2\/types\/post"}],"author":[{"embeddable":true,"href":"https:\/\/www.europesays.com\/fr\/wp-json\/wp\/v2\/users\/2"}],"replies":[{"embeddable":true,"href":"https:\/\/www.europesays.com\/fr\/wp-json\/wp\/v2\/comments?post=258249"}],"version-history":[{"count":0,"href":"https:\/\/www.europesays.com\/fr\/wp-json\/wp\/v2\/posts\/258249\/revisions"}],"wp:featuredmedia":[{"embeddable":true,"href":"https:\/\/www.europesays.com\/fr\/wp-json\/wp\/v2\/media\/258250"}],"wp:attachment":[{"href":"https:\/\/www.europesays.com\/fr\/wp-json\/wp\/v2\/media?parent=258249"}],"wp:term":[{"taxonomy":"category","embeddable":true,"href":"https:\/\/www.europesays.com\/fr\/wp-json\/wp\/v2\/categories?post=258249"},{"taxonomy":"post_tag","embeddable":true,"href":"https:\/\/www.europesays.com\/fr\/wp-json\/wp\/v2\/tags?post=258249"}],"curies":[{"name":"wp","href":"https:\/\/api.w.org\/{rel}","templated":true}]}}