{"id":258253,"date":"2025-07-19T07:03:14","date_gmt":"2025-07-19T07:03:14","guid":{"rendered":"https:\/\/www.europesays.com\/fr\/258253\/"},"modified":"2025-07-19T07:03:14","modified_gmt":"2025-07-19T07:03:14","slug":"simone-veil-gisele-halimi-les-statues-feminines-de-la-ceremonie-des-jo-2024-bientot-installees-dans-le-nord-de-paris-rue-de-la-chapelle","status":"publish","type":"post","link":"https:\/\/www.europesays.com\/fr\/258253\/","title":{"rendered":"Simone Veil, Gis\u00e8le Halimi&#8230; Les statues f\u00e9minines de la c\u00e9r\u00e9monie des JO 2024 bient\u00f4t install\u00e9es dans le nord de Paris, rue de la Chapelle"},"content":{"rendered":"<p>Dix statues de femmes c\u00e9l\u00e8bres, visibles durant la c\u00e9r\u00e9monie d\u2019ouverture des Jeux olympiques, sont en cours d\u2019installation dans un quartier du nord de la capitale en r\u00e9am\u00e9nagement.<\/p>\n<p class=\"fig-paragraph\">Dix statues de femmes illustres, dont Gis\u00e8le Halimi, visibles lors de la c\u00e9r\u00e9monie d&rsquo;ouverture\u00a0<a href=\"http:\/\/www.lefigaro.fr\/sports\/jeux-olympiques\/dossier\/jo-paris-2024-retrouvez-les-resumes-de-la-competition-jour-par-jour\" target=\"_blank\" data-fig-type=\"Topic\" rel=\"noopener\" data-gtm-custom-categorie=\"navigation\" data-gtm-custom-action=\"crossclick\" data-gtm-custom-label=\"Contextuel\" data-gtm-event=\"customEventSPE\" data-fig-domain=\"LEFIGARO\">des JO de Paris 2024<\/a>, sont en cours d&rsquo;installation rue de la Chapelle, un quartier du nord de la capitale actuellement en cours de r\u00e9am\u00e9nagement. Sur la promenade nouvellement am\u00e9nag\u00e9e rue de la Chapelle, la statue dor\u00e9e de Gis\u00e8le Halimi, mesurant quatre m\u00e8tres de haut, a d\u00e9j\u00e0 \u00e9t\u00e9 install\u00e9e vendredi matin, attirant les regards curieux des passants.<\/p>\n<p class=\"fig-paragraph\">Elle sera rejointe par neuf autres statues, surgies de la Seine lors de la c\u00e9r\u00e9monie des Jeux, le long de l&rsquo;avenue du 18e arrondissement. L&rsquo;inauguration est pr\u00e9vue le 26 juillet, un an apr\u00e8s le coup d&rsquo;envoi des JO de Paris. Ces dix statues de femmes illustres comprenant Christine de Pizan, Jeanne Barret, Olympe de Gouges, Louise Michel, Alice Guy, Alice Milliat, Paulette Nardal, Simone de Beauvoir, Simone Veil et Gis\u00e8le Halimi avaient auparavant \u00e9t\u00e9 expos\u00e9es \u00e0 l&rsquo;Assembl\u00e9e nationale.<\/p>\n<p>                                    <a class=\"fig-a11y-skip a11y-hidden\" href=\"#fig-a11y-skip-main-inarticle\"><br \/>\n        Passer la publicit\u00e9<br \/>\n    <\/a><\/p>\n<p>\u00abUn message de f\u00e9minisation de l\u2019espace public\u00bb<\/p>\n<p class=\"fig-paragraph\">Couleur or et en acier, elles ont d\u00fb \u00eatre recouvertes d&rsquo;une r\u00e9sine ultra-r\u00e9sistante pour \u00ables pr\u00e9parer \u00e0 la vie en ext\u00e9rieur\u00bb, explique Mich\u00e8le Zaoui, conseill\u00e8re de la maire de Paris en charge de l&rsquo;architecture et de l&rsquo;espace public. \u00abC&rsquo;est bien qu&rsquo;ils les recyclent et qu&rsquo;ils les posent quelque part\u00bb, t\u00e9moigne Thomas Marcel, 29 ans, un artisan qui travaille depuis 6 ans dans le quartier. Il d\u00e9plore toutefois \u00abun pansement sur la pr\u00e9carit\u00e9 qu&rsquo;il y a dans le quartier\u00bb. \u00ab\u00c7a donne de la vie\u00bb, temp\u00e8re Youssef El Gouhari, 18 ans, \u00e9tudiant en pr\u00e9pa de commerce, habitant du quartier depuis toujours.<\/p>\n<p class=\"fig-paragraph\">Le quartier de la porte de la Chapelle, l&rsquo;un des plus d\u00e9favoris\u00e9s de Paris, a \u00e9t\u00e9 r\u00e9am\u00e9nag\u00e9 \u00e0 l&rsquo;occasion des JO, avec l&rsquo;ouverture de l&rsquo;Adidas Arena, salle de concerts et d&rsquo;\u00e9v\u00e9nements sportifs, o\u00f9 se sont d\u00e9roul\u00e9es plusieurs \u00e9preuves olympiques et paralympiques. La voirie de la rue de la Chapelle a ainsi \u00e9t\u00e9 r\u00e9nov\u00e9e, avec un espace de promenade, des pistes cyclables, et une v\u00e9g\u00e9talisation de l&rsquo;espace.<\/p>\n<p class=\"fig-paragraph\">\u00abOn cherchait le lien entre un quartier tr\u00e8s positivement impact\u00e9 par l&rsquo;accueil des Jeux \u00e0 Paris et aussi un message de f\u00e9minisation de l&rsquo;espace public\u00bb, explique \u00e0 l&rsquo;AFP Pierre Rabadan, adjoint aux sports \u00e0 la maire de Paris. Les statues vont rester dans le quartier encore plusieurs ann\u00e9es, d&rsquo;apr\u00e8s Mich\u00e8le Zaoui. \u00abOn a pour l&rsquo;instant une date fix\u00e9e: celle des JO de Los Angeles en 2028\u00bb, explique la conseill\u00e8re, qui anticipe un \u00abrelais symbolique\u00bb fait avec la ville de Paris.<\/p>\n","protected":false},"excerpt":{"rendered":"Dix statues de femmes c\u00e9l\u00e8bres, visibles durant la c\u00e9r\u00e9monie d\u2019ouverture des Jeux olympiques, sont en cours d\u2019installation dans&hellip;\n","protected":false},"author":2,"featured_media":258254,"comment_status":"","ping_status":"","sticky":false,"template":"","format":"standard","meta":{"footnotes":""},"categories":[1888],"tags":[1111,1928,11,1927,1777,674,1011,27,39708,12,1926,626,1925,25,39710],"class_list":{"0":"post-258253","1":"post","2":"type-post","3":"status-publish","4":"format-standard","5":"has-post-thumbnail","7":"category-paris","8":"tag-actu","9":"tag-actu-paris","10":"tag-actualites","11":"tag-actualites-paris","12":"tag-eu","13":"tag-europe","14":"tag-fr","15":"tag-france","16":"tag-gisele-halimi","17":"tag-news","18":"tag-news-paris","19":"tag-paris","20":"tag-paris-news","21":"tag-republique-francaise","22":"tag-simone-veil"},"share_on_mastodon":{"url":"https:\/\/pubeurope.com\/@fr\/114878624825639656","error":""},"_links":{"self":[{"href":"https:\/\/www.europesays.com\/fr\/wp-json\/wp\/v2\/posts\/258253","targetHints":{"allow":["GET"]}}],"collection":[{"href":"https:\/\/www.europesays.com\/fr\/wp-json\/wp\/v2\/posts"}],"about":[{"href":"https:\/\/www.europesays.com\/fr\/wp-json\/wp\/v2\/types\/post"}],"author":[{"embeddable":true,"href":"https:\/\/www.europesays.com\/fr\/wp-json\/wp\/v2\/users\/2"}],"replies":[{"embeddable":true,"href":"https:\/\/www.europesays.com\/fr\/wp-json\/wp\/v2\/comments?post=258253"}],"version-history":[{"count":0,"href":"https:\/\/www.europesays.com\/fr\/wp-json\/wp\/v2\/posts\/258253\/revisions"}],"wp:featuredmedia":[{"embeddable":true,"href":"https:\/\/www.europesays.com\/fr\/wp-json\/wp\/v2\/media\/258254"}],"wp:attachment":[{"href":"https:\/\/www.europesays.com\/fr\/wp-json\/wp\/v2\/media?parent=258253"}],"wp:term":[{"taxonomy":"category","embeddable":true,"href":"https:\/\/www.europesays.com\/fr\/wp-json\/wp\/v2\/categories?post=258253"},{"taxonomy":"post_tag","embeddable":true,"href":"https:\/\/www.europesays.com\/fr\/wp-json\/wp\/v2\/tags?post=258253"}],"curies":[{"name":"wp","href":"https:\/\/api.w.org\/{rel}","templated":true}]}}