{"id":258259,"date":"2025-07-19T07:06:13","date_gmt":"2025-07-19T07:06:13","guid":{"rendered":"https:\/\/www.europesays.com\/fr\/258259\/"},"modified":"2025-07-19T07:06:13","modified_gmt":"2025-07-19T07:06:13","slug":"lancien-ministre-de-la-defense-nomme-a-la-tete-du-conseil-de-securite","status":"publish","type":"post","link":"https:\/\/www.europesays.com\/fr\/258259\/","title":{"rendered":"l&rsquo;ancien ministre de la D\u00e9fense nomm\u00e9 \u00e0 la t\u00eate du Conseil de s\u00e9curit\u00e9"},"content":{"rendered":"<p>&#13;<br \/>\n                        Ukraine : l&rsquo;ancien ministre de la D\u00e9fense nomm\u00e9 \u00e0 la t\u00eate du Conseil de s\u00e9curit\u00e9&#13;\n                    <\/p>\n<p style=\"text-align:\">Le pr\u00e9sident ukrainien Volodymyr Zelensky a nomm\u00e9 vendredi 18 juillet l&rsquo;ancien ministre de la D\u00e9fense, Rustem Umerov, au poste de secr\u00e9taire du Conseil national de s\u00e9curit\u00e9 et de d\u00e9fense (NSDC), a annonc\u00e9 le service de presse pr\u00e9sidentiel.<\/p>\n<p><a href=\"https:\/\/lecourrier.vn\/la-russie-et-lukraine-sont-pretes-a-se-rencontrer-pour-des-pourparlers-de-paix-apres-le-22-juin\/1285226.html\" title=\"La Russie et l&#039;Ukraine sont pr\u00eates \u00e0 se rencontrer pour des pourparlers de paix apr\u00e8s le 22 juin\" rel=\"nofollow noopener\" target=\"_blank\">&gt;&gt; La Russie et l&rsquo;Ukraine sont pr\u00eates \u00e0 se rencontrer pour des pourparlers de paix apr\u00e8s le 22 juin<\/a><\/p>\n<p><a href=\"https:\/\/lecourrier.vn\/la-russie-et-lukraine-conviennent-de-tenir-un-troisieme-cycle-de-negociations\/1285801.html\" title=\"La Russie et l&#039;Ukraine conviennent de tenir un troisi\u00e8me cycle de n\u00e9gociations\" rel=\"nofollow noopener\" target=\"_blank\">&gt;&gt; La Russie et l&rsquo;Ukraine conviennent de tenir un troisi\u00e8me cycle de n\u00e9gociations<\/a><\/p>\n<p><a href=\"https:\/\/lecourrier.vn\/ukraine-zelensky-propose-de-nommer-la-ministre-de-leconomie-a-la-tete-du-gouvernement\/1286797.html\" title=\"Ukraine : Zelensky propose de nommer la ministre de l&#039;\u00c9conomie \u00e0 la t\u00eate du gouvernement\" rel=\"nofollow noopener\" target=\"_blank\">&gt;&gt; Ukraine : Zelensky propose de nommer la ministre de l&rsquo;\u00c9conomie \u00e0 la t\u00eate du gouvernement<\/a><\/p>\n<p><a href=\"https:\/\/lecourrier.vn\/ukraine-le-parlement-accepte-la-demission-du-premier-ministre\/1286963.html\" title=\"Ukraine : le Parlement accepte la d\u00e9mission du Premier ministre\" rel=\"nofollow noopener\" target=\"_blank\">&gt;&gt; Ukraine : le Parlement accepte la d\u00e9mission du Premier ministre<\/a><\/p>\n<tr>\n<td class=\"pic\"><img decoding=\"async\" class=\"lazyload\" src=\"https:\/\/www.europesays.com\/fr\/wp-content\/uploads\/2025\/07\/110510-1.jpg\" alt=\"\"\/><\/td>\n<\/tr>\n<tr>\n<td class=\"caption\">Rustem Umerov\u00a0(centre), alors ministre ukrainien de la D\u00e9fense, s&rsquo;adresse \u00e0 la presse \u00e0 Istanbul, en Turquie, le 2 juin 2025.\u00a0<\/td>\n<\/tr>\n<tr align=\"right\">\n<td class=\"author\">Photo : Xinhua\/VNA\/CVN<\/td>\n<\/tr>\n<p style=\"text-align:left\">M.\u00a0Umerov\u00a0remplacera Olexandr Litvinenko, qui occupait ce poste depuis mars 2024.<\/p>\n<p style=\"text-align:left\">Dans un communiqu\u00e9 publi\u00e9 sur Telegram, M. Zelensky a d\u00e9clar\u00e9 que l&rsquo;une des principales priorit\u00e9s du nouveau chef du NSDC serait de maintenir une coop\u00e9ration \u00e9troite avec les partenaires en mati\u00e8re d&rsquo;approvisionnement en armes.<\/p>\n<p style=\"text-align:left\">\u00ab\u00a0Nous devons mettre pleinement en \u0153uvre tous les accords conclus avec nos partenaires concernant la fourniture d&rsquo;armes, ainsi que les nouveaux accords sp\u00e9ciaux sur la production conjointe et la construction d&rsquo;usines sur le territoire de nos partenaires\u00a0\u00bb, a-t-il d\u00e9clar\u00e9.<\/p>\n<p style=\"text-align:left\">Une autre responsabilit\u00e9 cl\u00e9 serait de relancer les n\u00e9gociations et d&rsquo;acc\u00e9l\u00e9rer la mise en \u0153uvre compl\u00e8te des accords conclus le mois dernier entre l&rsquo;Ukraine et la Russie \u00e0 Istanbul, en Turquie.<\/p>\n<p style=\"text-align:right\"><b>Xinhua\/VNA\/CVN<\/b><\/p>\n","protected":false},"excerpt":{"rendered":"&#13; Ukraine : l&rsquo;ancien ministre de la D\u00e9fense nomm\u00e9 \u00e0 la t\u00eate du Conseil de s\u00e9curit\u00e9&#13; Le pr\u00e9sident&hellip;\n","protected":false},"author":2,"featured_media":258260,"comment_status":"","ping_status":"","sticky":false,"template":"","format":"standard","meta":{"footnotes":""},"categories":[1591],"tags":[11,7293,39847,554,1887,12,3870,1885,1886,132,17643,220,6746],"class_list":{"0":"post-258259","1":"post","2":"type-post","3":"status-publish","4":"format-standard","5":"has-post-thumbnail","7":"category-russie","8":"tag-actualites","9":"tag-ancien-ministre","10":"tag-conseil-de-securite","11":"tag-defense","12":"tag-federation-de-russie","13":"tag-news","14":"tag-nomme","15":"tag-russia","16":"tag-russian-federation","17":"tag-russie","18":"tag-tete","19":"tag-ukraine","20":"tag-zelensky"},"share_on_mastodon":{"url":"https:\/\/pubeurope.com\/@fr\/114878636601981407","error":""},"_links":{"self":[{"href":"https:\/\/www.europesays.com\/fr\/wp-json\/wp\/v2\/posts\/258259","targetHints":{"allow":["GET"]}}],"collection":[{"href":"https:\/\/www.europesays.com\/fr\/wp-json\/wp\/v2\/posts"}],"about":[{"href":"https:\/\/www.europesays.com\/fr\/wp-json\/wp\/v2\/types\/post"}],"author":[{"embeddable":true,"href":"https:\/\/www.europesays.com\/fr\/wp-json\/wp\/v2\/users\/2"}],"replies":[{"embeddable":true,"href":"https:\/\/www.europesays.com\/fr\/wp-json\/wp\/v2\/comments?post=258259"}],"version-history":[{"count":0,"href":"https:\/\/www.europesays.com\/fr\/wp-json\/wp\/v2\/posts\/258259\/revisions"}],"wp:featuredmedia":[{"embeddable":true,"href":"https:\/\/www.europesays.com\/fr\/wp-json\/wp\/v2\/media\/258260"}],"wp:attachment":[{"href":"https:\/\/www.europesays.com\/fr\/wp-json\/wp\/v2\/media?parent=258259"}],"wp:term":[{"taxonomy":"category","embeddable":true,"href":"https:\/\/www.europesays.com\/fr\/wp-json\/wp\/v2\/categories?post=258259"},{"taxonomy":"post_tag","embeddable":true,"href":"https:\/\/www.europesays.com\/fr\/wp-json\/wp\/v2\/tags?post=258259"}],"curies":[{"name":"wp","href":"https:\/\/api.w.org\/{rel}","templated":true}]}}