{"id":258267,"date":"2025-07-19T07:10:09","date_gmt":"2025-07-19T07:10:09","guid":{"rendered":"https:\/\/www.europesays.com\/fr\/258267\/"},"modified":"2025-07-19T07:10:09","modified_gmt":"2025-07-19T07:10:09","slug":"oeufs-les-prix-baissent-en-allemagne","status":"publish","type":"post","link":"https:\/\/www.europesays.com\/fr\/258267\/","title":{"rendered":"\u0152ufs\u202f: les prix baissent en Allemagne"},"content":{"rendered":"<p>En Allemagne, les cong\u00e9s ont commenc\u00e9 dans l\u2019ouest et le pays commence \u00e0 se vider. La demande est en baisse, mais ce recul reste toutefois moindre que les ann\u00e9es pr\u00e9c\u00e9dentes. Les prix sont en l\u00e9ger repli pour les \u0153ufs de calibres moyen et larges. Les prix des \u0153ufs extras larges restent stables car il n\u2019y en a pas suffisamment.\u00a0<\/p>\n<p>La production reste aux m\u00eames niveaux que l\u2019ann\u00e9e derni\u00e8re. Cependant les \u0153ufs de cage sont de plus en plus rares sur le territoire. Seuls 14 producteurs restent actifs en Allemagne. Mais la plupart devraient passer au sol d\u2019ici la fin de l\u2019ann\u00e9e.\u00a0\u00a0\u00a0<\/p>\n<p>En France, le d\u00e9s\u00e9quilibre entre l\u2019offre et la demande s\u2019accentue en zones de vill\u00e9giatures. La demande reste \u00e9lev\u00e9e, mais l\u2019offre est insuffisante. De plus en plus de clients envisagent de se tourner vers des fournisseurs \u00e9trangers pour compenser leurs approvisionnements.\u00a0\u00a0<\/p>\n","protected":false},"excerpt":{"rendered":"En Allemagne, les cong\u00e9s ont commenc\u00e9 dans l\u2019ouest et le pays commence \u00e0 se vider. La demande est&hellip;\n","protected":false},"author":2,"featured_media":258268,"comment_status":"","ping_status":"","sticky":false,"template":"","format":"standard","meta":{"footnotes":""},"categories":[1587],"tags":[11,672,1804,1805,1803,1777,674,1801,12,1802],"class_list":{"0":"post-258267","1":"post","2":"type-post","3":"status-publish","4":"format-standard","5":"has-post-thumbnail","7":"category-allemagne","8":"tag-actualites","9":"tag-allemagne","10":"tag-bundesrepublik-deutschland","11":"tag-de","12":"tag-deutschland","13":"tag-eu","14":"tag-europe","15":"tag-germany","16":"tag-news","17":"tag-republique-federale-dallemagne"},"share_on_mastodon":{"url":"","error":""},"_links":{"self":[{"href":"https:\/\/www.europesays.com\/fr\/wp-json\/wp\/v2\/posts\/258267","targetHints":{"allow":["GET"]}}],"collection":[{"href":"https:\/\/www.europesays.com\/fr\/wp-json\/wp\/v2\/posts"}],"about":[{"href":"https:\/\/www.europesays.com\/fr\/wp-json\/wp\/v2\/types\/post"}],"author":[{"embeddable":true,"href":"https:\/\/www.europesays.com\/fr\/wp-json\/wp\/v2\/users\/2"}],"replies":[{"embeddable":true,"href":"https:\/\/www.europesays.com\/fr\/wp-json\/wp\/v2\/comments?post=258267"}],"version-history":[{"count":0,"href":"https:\/\/www.europesays.com\/fr\/wp-json\/wp\/v2\/posts\/258267\/revisions"}],"wp:featuredmedia":[{"embeddable":true,"href":"https:\/\/www.europesays.com\/fr\/wp-json\/wp\/v2\/media\/258268"}],"wp:attachment":[{"href":"https:\/\/www.europesays.com\/fr\/wp-json\/wp\/v2\/media?parent=258267"}],"wp:term":[{"taxonomy":"category","embeddable":true,"href":"https:\/\/www.europesays.com\/fr\/wp-json\/wp\/v2\/categories?post=258267"},{"taxonomy":"post_tag","embeddable":true,"href":"https:\/\/www.europesays.com\/fr\/wp-json\/wp\/v2\/tags?post=258267"}],"curies":[{"name":"wp","href":"https:\/\/api.w.org\/{rel}","templated":true}]}}