{"id":25827,"date":"2025-04-15T03:56:11","date_gmt":"2025-04-15T03:56:11","guid":{"rendered":"https:\/\/www.europesays.com\/fr\/25827\/"},"modified":"2025-04-15T03:56:11","modified_gmt":"2025-04-15T03:56:11","slug":"doue-le-president-ma-convaincu-que-ce-projet-etait-fait-pour-moi-actualite","status":"publish","type":"post","link":"https:\/\/www.europesays.com\/fr\/25827\/","title":{"rendered":"Dou\u00e9 : \u00ab\u00a0Le pr\u00e9sident m\u2019a convaincu que ce projet \u00e9tait fait pour moi\u00a0\u00bb &#8211; Actualite"},"content":{"rendered":"<p>\u00c0 19 ans, <strong>D\u00e9sir\u00e9 Dou\u00e9<\/strong> semble avoir trouv\u00e9 sa place dans l&rsquo;un des plus grands clubs du monde. Le PSG, avec ses ambitions et son niveau d&rsquo;exigence, est devenu le terrain id\u00e9al pour son \u00e9panouissement et sa progression. Son arriv\u00e9e au Paris Saint-Germain, un projet qu\u2019il consid\u00e8re comme taill\u00e9 sur mesure pour lui, marque un tournant dans sa jeune carri\u00e8re. Dou\u00e9 ne cache pas son enthousiasme d\u2019avoir \u00e9t\u00e9 choisi par le PSG, un club qui l\u2019a s\u00e9duit d\u00e8s les premi\u00e8res discussions.<\/p>\n<p>Le pr\u00e9sident du PSG a su lui d\u00e9montrer la voie qu\u2019il pourrait tracer dans ce projet ambitieux. Avec un entra\u00eeneur de renom et une \u00e9quipe de talents, le jeune milieu de terrain sait qu\u2019il est au c\u0153ur d&rsquo;une aventure exceptionnelle. Comme il l&rsquo;a confi\u00e9 au micro de T\u00e9l\u00e9foot \u00ab Le PSG est un projet qui m\u2019a directement plu. On a l\u2019un des meilleurs entra\u00eeneurs du monde, le pr\u00e9sident m\u2019a convaincu dans ce projet qui \u00e9tait juste fait pour moi. J\u2019ai beaucoup de temps de jeu. Je me sens tr\u00e8s bien au PSG. Il y a beaucoup de joueurs avec qui je m\u2019entends super bien. C\u2019est un choix tout \u00e0 fait satisfaisant pour moi. \u00bb<\/p>\n<p><strong>Un parcours marqu\u00e9 par des doutes et une r\u00e9ponse par le travail<\/strong><\/p>\n<p>Le d\u00e9but de saison de Dou\u00e9 n\u2019a pas \u00e9t\u00e9 sans difficult\u00e9s. En d\u00e9pit de la confiance du club et des premi\u00e8res apparitions sur le terrain, le jeune joueur a travers\u00e9 une p\u00e9riode de doutes, o\u00f9 les attentes \u00e9taient tr\u00e8s \u00e9lev\u00e9es. Comme beaucoup de jeunes talents, il a d\u00fb faire face aux critiques ext\u00e9rieures qui, parfois, sont difficiles \u00e0 ignorer. Pourtant, plut\u00f4t que de se laisser abattre, Dou\u00e9 a choisi de se concentrer sur l\u2019essentiel : le travail.<\/p>\n<p>Loin de se laisser perturber par les voix n\u00e9gatives, il s\u2019est r\u00e9fugi\u00e9 dans le travail quotidien pour renforcer ses performances. Il a su se remettre en question et s\u2019am\u00e9liorer, que ce soit sur le plan d\u00e9fensif ou offensif, en apportant plus d\u2019efficacit\u00e9 \u00e0 son jeu. Il s\u2019agissait pour lui de ne pas se laisser distraire par la pression ext\u00e9rieure, mais de continuer \u00e0 avancer dans un environnement aussi exigeant que celui du PSG. L\u2019importance du travail et de l\u2019int\u00e9gration au collectif Dou\u00e9 a pu rapidement s\u2019adapter \u00e0 l\u2019exigence du PSG, o\u00f9 il a vu sa place se confirmer gr\u00e2ce \u00e0 sa pers\u00e9v\u00e9rance et son implication.<\/p>\n<p>Avec du temps de jeu, la confiance des entra\u00eeneurs et une int\u00e9gration r\u00e9ussie au sein de l\u2019\u00e9quipe, il a su d\u00e9montrer ses qualit\u00e9s. Son int\u00e9gration au sein de l\u2019\u00e9quipe est d\u00e9sormais un mod\u00e8le de travail collectif, et ses statistiques, avec 12 buts et 11 passes d\u00e9cisives toutes comp\u00e9titions confondues, parlent d&rsquo;elles-m\u00eames. Le jeune milieu a ainsi pu surmonter sa p\u00e9riode de doute en se concentrant sur l\u2019essentiel : progresser et offrir le meilleur de lui-m\u00eame au PSG. Aujourd\u2019hui, il se sent parfaitement \u00e0 l\u2019aise dans ce projet, et son parcours semble tout sauf une simple co\u00efncidence.<\/p>\n<p><strong>Un mod\u00e8le \u00e0 suivre, mais une voie personnelle <\/strong><\/p>\n<p>Pour Dou\u00e9, ce projet au PSG repr\u00e9sente bien plus qu\u2019une simple opportunit\u00e9 professionnelle. Il incarne l\u2019occasion de se d\u00e9velopper dans un environnement propice \u00e0 l\u2019\u00e9panouissement et \u00e0 la progression, mais aussi un moyen de se cr\u00e9er une propre identit\u00e9 dans le football. M\u00eame s\u2019il est souvent compar\u00e9 \u00e0 Kylian Mbapp\u00e9, il refuse de se d\u00e9finir par ces comparaisons et pr\u00e9f\u00e8re tracer sa propre voie. \u00ab Quand on vous \u00e9coute parler, on pense parfois \u00e0 Kylian Mbapp\u00e9 ? On me l\u2019a d\u00e9j\u00e0 dit, apr\u00e8s moi je suis D\u00e9sir\u00e9 Dou\u00e9, Kylian c\u2019est Kylian. C\u2019est un joueur sensationnel. Lui, il a fait d\u00e9j\u00e0 beaucoup de choses dans le football. Moi j\u2019essaye de me cr\u00e9er ma propre voie. \u00bb<\/p>\n<p><strong>Un \u00e9tat d\u2019esprit simple et reconnaissant <\/strong><\/p>\n<p>Malgr\u00e9 son jeune \u00e2ge, Dou\u00e9 fait preuve d\u2019une maturit\u00e9 rare. Il n\u2019est pas du genre \u00e0 se laisser submerger par la pression des projecteurs. Il reste simple, souriant, et surtout, profond\u00e9ment reconnaissant de la chance qu\u2019il a de pouvoir jouer au football \u00e0 un niveau aussi \u00e9lev\u00e9. \u00ab Je suis quelqu\u2019un d\u2019assez simple, de souriant, heureux, et surtout, je me rends compte chaque jour de la chance que j\u2019ai de pouvoir jouer au football et pour moi, c\u2019est vraiment une b\u00e9n\u00e9diction. \u00bb Aujourd\u2019hui, gr\u00e2ce \u00e0 son travail acharn\u00e9, D\u00e9sir\u00e9 Dou\u00e9 est un acteur essentiel du projet parisien. Il a surmont\u00e9 ses moments de doute pour s\u2019imposer comme un jeune talent prometteur, pr\u00eat \u00e0 \u00e9crire sa propre histoire au PSG. Il est d\u00e9sormais un exemple de pers\u00e9v\u00e9rance, de r\u00e9silience et de d\u00e9termination.<\/p>\n","protected":false},"excerpt":{"rendered":"\u00c0 19 ans, D\u00e9sir\u00e9 Dou\u00e9 semble avoir trouv\u00e9 sa place dans l&rsquo;un des plus grands clubs du monde.&hellip;\n","protected":false},"author":2,"featured_media":25828,"comment_status":"","ping_status":"","sticky":false,"template":"","format":"standard","meta":{"footnotes":""},"categories":[1410],"tags":[9237,6661,9240,9242,1993,9238,9236,1643,9241,8485,21,63,1011,27,9239,471,4919,1095,60,4337],"class_list":{"0":"post-25827","1":"post","2":"type-post","3":"status-publish","4":"format-standard","5":"has-post-thumbnail","7":"category-football","8":"tag-arrivee","9":"tag-avoir","10":"tag-cache","11":"tag-choisi","12":"tag-comme","13":"tag-considere","14":"tag-convaincu","15":"tag-doue","16":"tag-enthousiasme","17":"tag-etait","18":"tag-fait","19":"tag-football","20":"tag-fr","21":"tag-france","22":"tag-mesure","23":"tag-pour","24":"tag-president","25":"tag-projet","26":"tag-sports","27":"tag-taille"},"share_on_mastodon":{"url":"https:\/\/pubeurope.com\/@fr\/114339969983885211","error":""},"_links":{"self":[{"href":"https:\/\/www.europesays.com\/fr\/wp-json\/wp\/v2\/posts\/25827","targetHints":{"allow":["GET"]}}],"collection":[{"href":"https:\/\/www.europesays.com\/fr\/wp-json\/wp\/v2\/posts"}],"about":[{"href":"https:\/\/www.europesays.com\/fr\/wp-json\/wp\/v2\/types\/post"}],"author":[{"embeddable":true,"href":"https:\/\/www.europesays.com\/fr\/wp-json\/wp\/v2\/users\/2"}],"replies":[{"embeddable":true,"href":"https:\/\/www.europesays.com\/fr\/wp-json\/wp\/v2\/comments?post=25827"}],"version-history":[{"count":0,"href":"https:\/\/www.europesays.com\/fr\/wp-json\/wp\/v2\/posts\/25827\/revisions"}],"wp:featuredmedia":[{"embeddable":true,"href":"https:\/\/www.europesays.com\/fr\/wp-json\/wp\/v2\/media\/25828"}],"wp:attachment":[{"href":"https:\/\/www.europesays.com\/fr\/wp-json\/wp\/v2\/media?parent=25827"}],"wp:term":[{"taxonomy":"category","embeddable":true,"href":"https:\/\/www.europesays.com\/fr\/wp-json\/wp\/v2\/categories?post=25827"},{"taxonomy":"post_tag","embeddable":true,"href":"https:\/\/www.europesays.com\/fr\/wp-json\/wp\/v2\/tags?post=25827"}],"curies":[{"name":"wp","href":"https:\/\/api.w.org\/{rel}","templated":true}]}}