{"id":258273,"date":"2025-07-19T07:13:10","date_gmt":"2025-07-19T07:13:10","guid":{"rendered":"https:\/\/www.europesays.com\/fr\/258273\/"},"modified":"2025-07-19T07:13:10","modified_gmt":"2025-07-19T07:13:10","slug":"le-palmares-des-villes-ou-sinstaller-a-la-retraite","status":"publish","type":"post","link":"https:\/\/www.europesays.com\/fr\/258273\/","title":{"rendered":"le palmar\u00e8s des villes o\u00f9 s\u2019installer \u00e0 la retraite"},"content":{"rendered":"<p><strong>PALMAR\u00c8S EXCLUSIF<\/strong> \u2013 Cadre de vie, sant\u00e9, s\u00e9curit\u00e9, immobilier\u2026 Le Figaro a class\u00e9 les villes d\u2019Espagne o\u00f9 s\u2019installer et profiter de la vie \u00e0 l\u2019heure de la retraite.<\/p>\n<p class=\"fig-paragraph\">Avec la\u00a0<a href=\"http:\/\/www.lefigaro.fr\/economie\/jean-pierre-robin-promu-ennemi-public-numero-un-le-retraite-aise-devra-payer-cher-sa-redemption-20250706\" target=\"_blank\" data-fig-type=\"Article\" rel=\"noopener\" data-gtm-custom-categorie=\"navigation\" data-gtm-custom-action=\"crossclick\" data-gtm-custom-label=\"Contextuel\" data-gtm-event=\"customEventSPE\" data-fig-domain=\"LEFIGARO\">retraite<\/a>\u00a0s\u2019ouvre le champ des possibles et rena\u00eet souvent une envie d\u2019ailleurs ; partir s\u2019installer dans un autre pays et profiter d\u2019une vie plus douce dans un cadre diff\u00e9rent, plus agr\u00e9able. Ils sont nombreux \u00e0 choisir l\u2019Espagne, 150.000 retrait\u00e9s fran\u00e7ais y ont leur r\u00e9sidence principale. M\u00e9t\u00e9o plus cl\u00e9mente, co\u00fbt de la vie et\u00a0<a href=\"http:\/\/www.lefigaro.fr\/argent\/immobilier-l-espagne-seduit-de-plus-en-plus-les-expatries-francais-20250315\" target=\"_blank\" data-fig-type=\"Article\" rel=\"noopener\" data-gtm-custom-categorie=\"navigation\" data-gtm-custom-action=\"crossclick\" data-gtm-custom-label=\"Contextuel\" data-gtm-event=\"customEventSPE\" data-fig-domain=\"LEFIGARO\">de l\u2019immobilier plus bas<\/a>, vie sociale dynamique,\u00a0<a href=\"https:\/\/www.lefigaro.fr\/gastronomie\/les-meilleurs-restaurants-espagnols-de-paris-20230914\" target=\"_blank\" data-fig-type=\"Article\" rel=\"noopener\" data-gtm-custom-categorie=\"navigation\" data-gtm-custom-action=\"crossclick\" data-gtm-custom-label=\"Contextuel\" data-gtm-event=\"customEventSPE\" data-fig-domain=\"LEFIGARO\">gastronomie reconnue<\/a>\u2026 Notre voisine outre-Pyr\u00e9n\u00e9es a de quoi attirer. Mais encore faut-il savoir o\u00f9 on met les pieds. Si certaines villes cochent toutes les cases, d\u2019autres sont loin d\u2019\u00eatre l\u2019endroit le plus indiqu\u00e9 pour un senior.<\/p>\n<p class=\"fig-paragraph\">Pour s\u00e9parer le bon grain de l\u2019ivraie, Le Figaro a not\u00e9 les 30 villes d\u2019Espagne les plus peupl\u00e9es et capitales de province gr\u00e2ce \u00e0 une vingtaine de crit\u00e8res chiffr\u00e9s rassembl\u00e9s dans six cat\u00e9gories diff\u00e9rentes\u00a0: cadre de vie, sant\u00e9, s\u00e9curit\u00e9, immobilier, d\u00e9mographie et commerces et culture. De quoi confirmer son choix ou s\u2019\u00e9viter de mauvaises surprises.<\/p>\n<p class=\"fig-premium-paywall__infos\">\n        Cet article est r\u00e9serv\u00e9 aux abonn\u00e9s.        Il vous reste 88% \u00e0 d\u00e9couvrir.\n    <\/p>\n<p>                <img  data- alt=\"Le Figaro\" class=\"fig-img--complete fig-img\"\/><\/p>\n<p class=\"fig-premium-paywall__title\">Vous avez envie de lire la suite ?<\/p>\n<p class=\"fig-premium-paywall__subtitle\">D\u00e9bloquez tous les articles imm\u00e9diatement.<\/p>\n<p class=\"fig-premium-paywall__connect\">\n                D\u00e9j\u00e0 abonn\u00e9\u00a0?                <a class=\"fig-premium-paywall__connect-link\" href=\"https:\/\/connect.lefigaro.fr\/login?client=horizon_web&amp;type=main&amp;redirect_uri=https%3A%2F%2Fwww.lefigaro.fr%2Finternational%2Fespagne-le-palmares-des-villes-ou-s-installer-a-la-retraite-20250719\" data-js-gtm=\"{&quot;customCategorie&quot;: &quot;conversion&quot;, &quot;customAction&quot;: &quot;before_Landing_Connexion_paywall_manuel&quot;, &quot;customLabel&quot;: &quot;bGVmaWdhcm8uZnJfXzFmMDViZTJiLWY1MDMtNjU5ZS05YTcyLWExOWUxMzRhNDNhM19fQXJ0aWNsZQ==_Espagne\u00a0: le palmar\u00e8s des villes o\u00f9 s\u2019installer \u00e0 la retraite_368&quot;, &quot;customIDSPE&quot;: &quot;bGVmaWdhcm8uZnJfXzFmMDViZTJiLWY1MDMtNjU5ZS05YTcyLWExOWUxMzRhNDNhM19fQXJ0aWNsZQ==&quot;, &quot;event&quot;: &quot;customEventSPE&quot;}\" target=\"_blank\" rel=\"noopener\"><br \/>\n                    Connectez-vous<br \/>\n                <\/a>\n            <\/p>\n","protected":false},"excerpt":{"rendered":"PALMAR\u00c8S EXCLUSIF \u2013 Cadre de vie, sant\u00e9, s\u00e9curit\u00e9, immobilier\u2026 Le Figaro a class\u00e9 les villes d\u2019Espagne o\u00f9 s\u2019installer&hellip;\n","protected":false},"author":2,"featured_media":258274,"comment_status":"","ping_status":"","sticky":false,"template":"","format":"standard","meta":{"footnotes":""},"categories":[2],"tags":[11,123,1011,27,12,25,9910],"class_list":{"0":"post-258273","1":"post","2":"type-post","3":"status-publish","4":"format-standard","5":"has-post-thumbnail","7":"category-actualites","8":"tag-actualites","9":"tag-espagne","10":"tag-fr","11":"tag-france","12":"tag-news","13":"tag-republique-francaise","14":"tag-retraites"},"share_on_mastodon":{"url":"https:\/\/pubeurope.com\/@fr\/114878664144556497","error":""},"_links":{"self":[{"href":"https:\/\/www.europesays.com\/fr\/wp-json\/wp\/v2\/posts\/258273","targetHints":{"allow":["GET"]}}],"collection":[{"href":"https:\/\/www.europesays.com\/fr\/wp-json\/wp\/v2\/posts"}],"about":[{"href":"https:\/\/www.europesays.com\/fr\/wp-json\/wp\/v2\/types\/post"}],"author":[{"embeddable":true,"href":"https:\/\/www.europesays.com\/fr\/wp-json\/wp\/v2\/users\/2"}],"replies":[{"embeddable":true,"href":"https:\/\/www.europesays.com\/fr\/wp-json\/wp\/v2\/comments?post=258273"}],"version-history":[{"count":0,"href":"https:\/\/www.europesays.com\/fr\/wp-json\/wp\/v2\/posts\/258273\/revisions"}],"wp:featuredmedia":[{"embeddable":true,"href":"https:\/\/www.europesays.com\/fr\/wp-json\/wp\/v2\/media\/258274"}],"wp:attachment":[{"href":"https:\/\/www.europesays.com\/fr\/wp-json\/wp\/v2\/media?parent=258273"}],"wp:term":[{"taxonomy":"category","embeddable":true,"href":"https:\/\/www.europesays.com\/fr\/wp-json\/wp\/v2\/categories?post=258273"},{"taxonomy":"post_tag","embeddable":true,"href":"https:\/\/www.europesays.com\/fr\/wp-json\/wp\/v2\/tags?post=258273"}],"curies":[{"name":"wp","href":"https:\/\/api.w.org\/{rel}","templated":true}]}}