{"id":258295,"date":"2025-07-19T07:26:10","date_gmt":"2025-07-19T07:26:10","guid":{"rendered":"https:\/\/www.europesays.com\/fr\/258295\/"},"modified":"2025-07-19T07:26:10","modified_gmt":"2025-07-19T07:26:10","slug":"jonathan-anderson-un-souffle-dart-frais","status":"publish","type":"post","link":"https:\/\/www.europesays.com\/fr\/258295\/","title":{"rendered":"Jonathan Anderson, un souffle d\u2019art frais"},"content":{"rendered":"<p>                         <img loading=\"lazy\" decoding=\"async\" src=\"https:\/\/www.europesays.com\/fr\/wp-content\/uploads\/2025\/07\/b5e2bd1_ftp-import-images-1-72vxwfzaggzo-390081-3430489.jpg\" alt=\"Jonathan Anderson, en avril.\"   width=\"664\" height=\"443\"\/>    Jonathan Anderson, en avril.  DAVID SIMS                 <\/p>\n<p class=\"article__paragraph  \">D\u00e9cor empruntant \u00e0 une salle de mus\u00e9e, avec deux tableaux de Jean Sim\u00e9on Chardin accroch\u00e9s aux murs\u00a0; veste Bar revisit\u00e9e dans des tweeds irlandais du Donegal\u00a0; queues-de-pie modernis\u00e9es et gilets du XVIIIe\u00a0si\u00e8cle associ\u00e9s \u00e0 des bermudas cargos aux plis millefeuille\u2026 Pour son premier d\u00e9fil\u00e9 homme pour Dior, le 27\u00a0juin, sur l\u2019esplanade des Invalides, \u00e0 Paris, Jonathan Anderson a distill\u00e9 ses codes au sein de la marque de l\u2019avenue Montaigne\u00a0: r\u00e9f\u00e9rences multitemporelles, approche \u00ab\u00a0curatoriale\u00a0\u00bb, fluidit\u00e9 des genres, po\u00e9sie contemporaine\u2026<\/p>\n<p class=\"article__paragraph  \">Succ\u00e9dant \u00e0 <a href=\"https:\/\/www.lemonde.fr\/m-styles\/article\/2025\/06\/07\/a-rome-le-bouquet-final-de-la-styliste-maria-grazia-chiuri_6611004_4497319.html\" rel=\"nofollow noopener\" target=\"_blank\">Maria Grazia Chiuri<\/a> et \u00e0 <a href=\"https:\/\/www.lemonde.fr\/m-styles\/article\/2025\/01\/31\/kim-jones-quitte-la-direction-artistique-de-dior-homme_6525215_4497319.html\" rel=\"nofollow noopener\" target=\"_blank\">Kim Jones<\/a>, il est devenu le premier directeur artistique \u00e0 superviser l\u2019ensemble des collections mode de la maison (haute couture, pr\u00eat-\u00e0-porter, homme, femme). Apr\u00e8s douze ann\u00e9es \u00e0 la t\u00eate de Loewe, o\u00f9 il a red\u00e9fini l\u2019identit\u00e9 de la griffe espagnole, le cr\u00e9ateur britannique acc\u00e8de \u00e0 un nouveau palier symbolique et institutionnel.<\/p>\n<p class=\"reading-mode-only \"><strong>Il vous reste 85.72% de cet article \u00e0 lire. La suite est r\u00e9serv\u00e9e aux abonn\u00e9s.<\/strong><\/p>\n","protected":false},"excerpt":{"rendered":"Jonathan Anderson, en avril. DAVID SIMS D\u00e9cor empruntant \u00e0 une salle de mus\u00e9e, avec deux tableaux de Jean&hellip;\n","protected":false},"author":2,"featured_media":258296,"comment_status":"","ping_status":"","sticky":false,"template":"","format":"standard","meta":{"footnotes":""},"categories":[1358],"tags":[1348,1384,1385,1386,58,59,1011,27],"class_list":{"0":"post-258295","1":"post","2":"type-post","3":"status-publish","4":"format-standard","5":"has-post-thumbnail","7":"category-arts-et-design","8":"tag-arts","9":"tag-arts-and-design","10":"tag-arts-et-design","11":"tag-design","12":"tag-divertissement","13":"tag-entertainment","14":"tag-fr","15":"tag-france"},"share_on_mastodon":{"url":"https:\/\/pubeurope.com\/@fr\/114878715259388651","error":""},"_links":{"self":[{"href":"https:\/\/www.europesays.com\/fr\/wp-json\/wp\/v2\/posts\/258295","targetHints":{"allow":["GET"]}}],"collection":[{"href":"https:\/\/www.europesays.com\/fr\/wp-json\/wp\/v2\/posts"}],"about":[{"href":"https:\/\/www.europesays.com\/fr\/wp-json\/wp\/v2\/types\/post"}],"author":[{"embeddable":true,"href":"https:\/\/www.europesays.com\/fr\/wp-json\/wp\/v2\/users\/2"}],"replies":[{"embeddable":true,"href":"https:\/\/www.europesays.com\/fr\/wp-json\/wp\/v2\/comments?post=258295"}],"version-history":[{"count":0,"href":"https:\/\/www.europesays.com\/fr\/wp-json\/wp\/v2\/posts\/258295\/revisions"}],"wp:featuredmedia":[{"embeddable":true,"href":"https:\/\/www.europesays.com\/fr\/wp-json\/wp\/v2\/media\/258296"}],"wp:attachment":[{"href":"https:\/\/www.europesays.com\/fr\/wp-json\/wp\/v2\/media?parent=258295"}],"wp:term":[{"taxonomy":"category","embeddable":true,"href":"https:\/\/www.europesays.com\/fr\/wp-json\/wp\/v2\/categories?post=258295"},{"taxonomy":"post_tag","embeddable":true,"href":"https:\/\/www.europesays.com\/fr\/wp-json\/wp\/v2\/tags?post=258295"}],"curies":[{"name":"wp","href":"https:\/\/api.w.org\/{rel}","templated":true}]}}