{"id":258297,"date":"2025-07-19T07:27:10","date_gmt":"2025-07-19T07:27:10","guid":{"rendered":"https:\/\/www.europesays.com\/fr\/258297\/"},"modified":"2025-07-19T07:27:10","modified_gmt":"2025-07-19T07:27:10","slug":"michel-testut-livre-son-amour-fou-pour-la-terre-dans-eloge-des-paysans","status":"publish","type":"post","link":"https:\/\/www.europesays.com\/fr\/258297\/","title":{"rendered":"Michel Testut livre son \u00ab\u00a0amour fou\u00a0\u00bb pour la terre dans \u00ab\u00a0Eloge des paysans\u00a0\u00bb"},"content":{"rendered":"<p>Le premier livre de Michel Testut, paru en 1969, s\u2019appelait \u00ab\u00a0Chroniques campagnardes\u00a0\u00bb. Le dernier (pour le moment), sorti en mai 2025, s\u2019intitule \u00ab\u00a0\u00c9loge des paysans\u00a0\u00bb. Entre les deux, il y en a 33 autres, d\u2019o\u00f9 la nature, l\u2019attachement \u00e0 la terre, l\u2019enracinement dans son cher P\u00e9rigord ne sont jamais tout \u00e0 fait absents.<\/p>\n<p>Ce petit livre, publi\u00e9 aux <a href=\"https:\/\/editionsduruisseau.fr\/\" target=\"_blank\" rel=\"nofollow noopener\">\u00c9ditions du ruisseau<\/a> (1), est d\u00e9di\u00e9 \u00e0 Marie-Jeanne et Pierre Le Gall, les fermiers de sa propri\u00e9t\u00e9 familiale de Mareynou, \u00e0 Razac-sur-l\u2019Isle. \u00ab\u00a0Ma troisi\u00e8me paire de grands-parents\u00a0\u00bb, dit Michel Testut avec la gorge serr\u00e9e \u00e0 l\u2019\u00e9vocation du couple, aujourd\u2019hui \u00ab\u00a0parti\u00a0\u00bb. \u00ab\u00a0J\u2019avais 2\u00a0ans quand ils sont arriv\u00e9s.\u00a0\u00bb C\u2019est avec eux que le petit citadin, venant pour les vacances depuis P\u00e9rigueux ( \u00ab\u00a0c\u2019\u00e9tait l\u2019exotisme complet\u00a0\u00bb, sourit-il), a appris \u00e0 traire les vaches et labourer avec un cheval, aidant aux battages ou aux vendanges. \u00ab\u00a0C\u2019\u00e9tait formidable, j\u2019en mettais plein la vue \u00e0 mes camarades du lyc\u00e9e\u00a0!\u00a0\u00bb<\/p>\n<p>Giono, Brassens, Brel\u2026<\/p>\n<p>Avec son habituelle verve po\u00e9tique, l\u2019\u00e9crivain d\u00e9cline au fil des 140 pages l\u2019attachement qu\u2019il ressent \u00ab\u00a0de toutes [ses] fibres \u00e0 la terre paysanne\u00a0\u00bb. Celui qui assure tout devoir \u00e0 Jean Giono qu\u2019il adule (Georges Brassens, Jacques Brel, F\u00e9lix Leclerc et L\u00e9o Ferr\u00e9 comptent aussi dans son Panth\u00e9on personnel d\u2019adorateur des mots), livre son \u00ab\u00a0amour fou\u00a0\u00bb pour cette terre et ceux qui la travaillent. \u00ab\u00a0Mais je ne dis surtout pas que c\u2019\u00e9tait mieux avant ou qu\u2019il s\u2019agissait du bon vieux temps, souligne le P\u00e9rigourdin de 72\u00a0ans. Les gens vivaient tellement durement.\u00a0\u00bb<\/p>\n<p>A-t-il un jour pens\u00e9 reprendre l\u2019exploitation familiale autour de sa ch\u00e8re propri\u00e9t\u00e9 razacoise de Mareynou, afin de s\u2019ancrer encore un peu plus dans cette terre\u00a0? \u00ab\u00a0Oui, r\u00e9pond-il l\u2019\u0153il brillant. Mais Marie-Jeanne et Pierre m\u2019en ont dissuad\u00e9. J\u2019\u00e9tais s\u00e9duit intellectuellement par l\u2019id\u00e9e d\u2019\u00eatre agriculteur, mais je n\u2019aurais pas pu. Il faut savoir tout faire de ses mains\u00a0!\u00a0\u00bb Lui, les a donc plut\u00f4t utilis\u00e9es pour \u00e9crire.<\/p>\n<p>(1) Collection Lapis-Lazuli. 15\u00a0euros.<\/p>\n","protected":false},"excerpt":{"rendered":"Le premier livre de Michel Testut, paru en 1969, s\u2019appelait \u00ab\u00a0Chroniques campagnardes\u00a0\u00bb. Le dernier (pour le moment), sorti&hellip;\n","protected":false},"author":2,"featured_media":258298,"comment_status":"","ping_status":"","sticky":false,"template":"","format":"standard","meta":{"footnotes":""},"categories":[1357],"tags":[1379,58,59,1011,27,1380],"class_list":{"0":"post-258297","1":"post","2":"type-post","3":"status-publish","4":"format-standard","5":"has-post-thumbnail","7":"category-livres","8":"tag-books","9":"tag-divertissement","10":"tag-entertainment","11":"tag-fr","12":"tag-france","13":"tag-livres"},"share_on_mastodon":{"url":"https:\/\/pubeurope.com\/@fr\/114878719173470167","error":""},"_links":{"self":[{"href":"https:\/\/www.europesays.com\/fr\/wp-json\/wp\/v2\/posts\/258297","targetHints":{"allow":["GET"]}}],"collection":[{"href":"https:\/\/www.europesays.com\/fr\/wp-json\/wp\/v2\/posts"}],"about":[{"href":"https:\/\/www.europesays.com\/fr\/wp-json\/wp\/v2\/types\/post"}],"author":[{"embeddable":true,"href":"https:\/\/www.europesays.com\/fr\/wp-json\/wp\/v2\/users\/2"}],"replies":[{"embeddable":true,"href":"https:\/\/www.europesays.com\/fr\/wp-json\/wp\/v2\/comments?post=258297"}],"version-history":[{"count":0,"href":"https:\/\/www.europesays.com\/fr\/wp-json\/wp\/v2\/posts\/258297\/revisions"}],"wp:featuredmedia":[{"embeddable":true,"href":"https:\/\/www.europesays.com\/fr\/wp-json\/wp\/v2\/media\/258298"}],"wp:attachment":[{"href":"https:\/\/www.europesays.com\/fr\/wp-json\/wp\/v2\/media?parent=258297"}],"wp:term":[{"taxonomy":"category","embeddable":true,"href":"https:\/\/www.europesays.com\/fr\/wp-json\/wp\/v2\/categories?post=258297"},{"taxonomy":"post_tag","embeddable":true,"href":"https:\/\/www.europesays.com\/fr\/wp-json\/wp\/v2\/tags?post=258297"}],"curies":[{"name":"wp","href":"https:\/\/api.w.org\/{rel}","templated":true}]}}