{"id":258301,"date":"2025-07-19T07:29:13","date_gmt":"2025-07-19T07:29:13","guid":{"rendered":"https:\/\/www.europesays.com\/fr\/258301\/"},"modified":"2025-07-19T07:29:13","modified_gmt":"2025-07-19T07:29:13","slug":"alonzo-veut-faire-de-son-concert-au-velodrome-la-fete-de-tous-les-marseillais","status":"publish","type":"post","link":"https:\/\/www.europesays.com\/fr\/258301\/","title":{"rendered":"Alonzo veut faire de son concert au V\u00e9lodrome \u00ab\u00a0la f\u00eate de tous les Marseillais\u00a0\u00bb"},"content":{"rendered":"<p>Ils \u00e9taient pr\u00e8s de 250, ce vendredi au stade V\u00e9lodrome, pour voir Alonzo. Pendant un peu plus de deux heures, le \u00ab\u00a0Capo dei Capi\u00a0\u00bb a pris des photos, a sign\u00e9 des d\u00e9dicaces et s\u2019est m\u00eame pr\u00eat\u00e9 au jeu du play-back pour les vid\u00e9os TikTok de quelques fans. Avant que leur tour ne vienne, Aline et Marine ont h\u00e2te d\u2019\u00eatre \u00e0 samedi soir. \u00ab\u00a0On le suit depuis les Psy 4, on l\u2019a d\u00e9j\u00e0 vu en showcase et en concert, toujours au premier rang\u00a0\u00bb, plaisantent-elles.<\/p>\n<p><img alt=\"Comme pr\u00e8s de 250 fans, Sofyan est venu rencontrer Alonzo, son rappeur pr\u00e9f\u00e9r\u00e9.\" loading=\"lazy\" decoding=\"async\" data-nimg=\"fill\" class=\" TwicCore_img__i9TC1 undefined  undefined\" style=\"position:absolute;height:100%;width:100%;left:0;top:0;right:0;bottom:0;color:transparent;background-size:cover;background-position:50% 50%;background-repeat:no-repeat;background-image:url(&quot;data:image\/svg+xml;charset=utf-8,%3Csvg xmlns='http:\/\/www.w3.org\/2000\/svg' %3E%3Cfilter id='b' color-interpolation-filters='sRGB'%3E%3CfeGaussianBlur stdDeviation='20'\/%3E%3CfeColorMatrix values='1 0 0 0 0 0 1 0 0 0 0 0 1 0 0 0 0 0 100 -1' result='s'\/%3E%3CfeFlood x='0' y='0' width='100%25' height='100%25'\/%3E%3CfeComposite operator='out' in='s'\/%3E%3CfeComposite in2='SourceGraphic'\/%3E%3CfeGaussianBlur stdDeviation='20'\/%3E%3C\/filter%3E%3Cimage width='100%25' height='100%25' x='0' y='0' preserveAspectRatio='none' style='filter: url(%23b);' href='https:\/\/pictures.laprovence.com\/cdn-cgi\/image\/blur=250\/media\/melody\/2025\/07\/19\/comme-pres-de-250-fans-sofyen-est-venu-rencontrer-alonzo-son-rappeur-prefere-1752906553_1d9582246a786f0a582246a78c4a58v_.jpg'\/%3E%3C\/svg%3E&quot;)\"   src=\"https:\/\/www.europesays.com\/fr\/wp-content\/uploads\/2025\/07\/comme-pres-de-250-fans-sofyen-est-venu-rencontrer-alonzo-son-rappeur-prefere-1752906553_1d9582246a78.jpeg\"\/>Comme pr\u00e8s de 250 fans, Sofyan est venu rencontrer Alonzo, son rappeur pr\u00e9f\u00e9r\u00e9. \/ PHOTO P.P<\/p>\n<p>Pour rencontrer la star, les \u00ab\u00a0vaillants\u00a0\u00bb ont d\u00fb acheter un pack VIP incluant le dernier album du rappeur (Longue vie \u00e0 nous, Ndlr), une place pour le concert et un ticket pour enfin voir leur idole. Aline d\u00e9taille\u00a0: \u00ab\u00a0On a achet\u00e9 nos places d\u00e8s que le Vel\u2019 a \u00e9t\u00e9 annonc\u00e9 l\u2019ann\u00e9e derni\u00e8re, et pour l\u2019anniversaire de Marine, je nous ai offert le pack VIP.\u00a0\u00bb Vendredi matin, Alonzo a annonc\u00e9 sur ses r\u00e9seaux sociaux que le concert \u00e9tait complet.<\/p>\n<p>Sandy et Jonathan, eux, sont venus de La\u00a0Rochelle, sp\u00e9cialement pour l\u2019occasion. \u00ab\u00a0On a pris des vacances ici, expr\u00e8s pour \u00eatre pr\u00e9sents aujourd\u2019hui et demain\u00a0\u00bb, pr\u00e9cise la premi\u00e8re. Le second s\u2019enthousiasme pour cette date historique\u00a0: \u00ab\u00a0Me dire que je serai au concert d\u2019Alonzo au V\u00e9lodrome, dans cet endroit mythique, c\u2019est un truc de dingue.\u00a0\u00bb Alors quand les deux sortent des loges o\u00f9 ils ont rencontr\u00e9 leur artiste pr\u00e9f\u00e9r\u00e9, les mots manquent. \u00ab\u00a0\u00c7a fait bizarre de le voir pour de vrai, je crois que j\u2019ai eu les frissons\u00a0\u00bb, raconte Sandy.<\/p>\n<p>\u00ab\u00a0Faire profiter la nouvelle g\u00e9n\u00e9ration\u00a0\u00bb<br \/>\n<img alt=\"Sofyan et ses parents ont profit\u00e9 de la s\u00e9ance de d\u00e9dicaces pour faire un cadeau \u00e0 Alonzo.\" loading=\"lazy\" decoding=\"async\" data-nimg=\"fill\" class=\" TwicCore_img__i9TC1 undefined  undefined\" style=\"position:absolute;height:100%;width:100%;left:0;top:0;right:0;bottom:0;color:transparent;background-size:cover;background-position:50% 50%;background-repeat:no-repeat;background-image:url(&quot;data:image\/svg+xml;charset=utf-8,%3Csvg xmlns='http:\/\/www.w3.org\/2000\/svg' %3E%3Cfilter id='b' color-interpolation-filters='sRGB'%3E%3CfeGaussianBlur stdDeviation='20'\/%3E%3CfeColorMatrix values='1 0 0 0 0 0 1 0 0 0 0 0 1 0 0 0 0 0 100 -1' result='s'\/%3E%3CfeFlood x='0' y='0' width='100%25' height='100%25'\/%3E%3CfeComposite operator='out' in='s'\/%3E%3CfeComposite in2='SourceGraphic'\/%3E%3CfeGaussianBlur stdDeviation='20'\/%3E%3C\/filter%3E%3Cimage width='100%25' height='100%25' x='0' y='0' preserveAspectRatio='none' style='filter: url(%23b);' href='https:\/\/pictures.laprovence.com\/cdn-cgi\/image\/blur=250\/media\/melody\/2025\/07\/19\/sofyen-et-ses-parents-ont-profite-de-la-seance-de-dedicaces-pour-faire-un-cadeau-a-alonzo-1752906554_5376e4546a7868776e4546a785b76ev_.jpg'\/%3E%3C\/svg%3E&quot;)\"   src=\"https:\/\/www.europesays.com\/fr\/wp-content\/uploads\/2025\/07\/sofyen-et-ses-parents-ont-profite-de-la-seance-de-dedicaces-pour-faire-un-cadeau-a-alonzo-1752906554.jpeg\"\/>Sofyan et ses parents ont profit\u00e9 de la s\u00e9ance de d\u00e9dicaces pour faire un cadeau \u00e0 Alonzo. \/PHOTO P.P<\/p>\n<p>Alonzo, lui, a avou\u00e9 ressentir \u00ab\u00a0pas mal de pression\u00a0\u00bb, \u00e0 la veille de remplir le V\u00e9lodrome. Pas de quoi l\u2019emp\u00eacher, pour autant, de profiter du \u00ab\u00a0concert de (sa) vie\u00a0\u00bb. \u00ab\u00a0J\u2019ai qu\u2019une envie, c\u2019est de rigoler sur sc\u00e8ne avec mes potes\u00a0\u00bb, a-t-il confi\u00e9, tout en d\u00e9voilant son mantra pour le show\u00a0: \u00ab\u00a0Je vais jouer 48 ou 49 titres, il ne faut pas de moments de flottement.\u00a0\u00bb Quid des possibles surprises et invit\u00e9s pr\u00e9vus\u00a0?<\/p>\n<p>Rien ne sera dit \u00e0 l\u2019avance, le membre des Psy 4 confirmant seulement la pr\u00e9sence de son cousin Soprano, \u00ab\u00a0\u00e9videmment\u00a0\u00bb. Depuis toujours, en groupe comme en solo, Alonzo est connu pour son \u00e9nergie sur sc\u00e8ne. \u00ab\u00a0\u00c0\u00a0l\u2019\u00e9poque, on s\u2019inspirait de groupes comme NTM, Puissance Nord ou 2 Bal 2 Neg. Pour le stade, j\u2019ai regard\u00e9 beaucoup de concerts de The Weeknd, Kendrick Lamar et Travis Scott.\u00a0\u00bb<\/p>\n<p><img alt=\"Comme pr\u00e8s de 250 fans, Sofyan, Greg et Aur\u00e9lie sont venus rencontrer Alonzo, ce vendredi 18 juillet.\" loading=\"lazy\" decoding=\"async\" data-nimg=\"fill\" class=\" TwicCore_img__i9TC1 undefined  undefined\" style=\"position:absolute;height:100%;width:100%;left:0;top:0;right:0;bottom:0;color:transparent;background-size:cover;background-position:50% 50%;background-repeat:no-repeat;background-image:url(&quot;data:image\/svg+xml;charset=utf-8,%3Csvg xmlns='http:\/\/www.w3.org\/2000\/svg' %3E%3Cfilter id='b' color-interpolation-filters='sRGB'%3E%3CfeGaussianBlur stdDeviation='20'\/%3E%3CfeColorMatrix values='1 0 0 0 0 0 1 0 0 0 0 0 1 0 0 0 0 0 100 -1' result='s'\/%3E%3CfeFlood x='0' y='0' width='100%25' height='100%25'\/%3E%3CfeComposite operator='out' in='s'\/%3E%3CfeComposite in2='SourceGraphic'\/%3E%3CfeGaussianBlur stdDeviation='20'\/%3E%3C\/filter%3E%3Cimage width='100%25' height='100%25' x='0' y='0' preserveAspectRatio='none' style='filter: url(%23b);' href='https:\/\/pictures.laprovence.com\/cdn-cgi\/image\/blur=250\/media\/melody\/2025\/07\/19\/comme-pres-de-250-fans-sofyen-greg-et-aurelie-sont-venu-rencontrer-alonzo-ce-vendredi-18-juillet-1752906554_e15412a46a786e55412a46a78d9541v_.jpg'\/%3E%3C\/svg%3E&quot;)\"   src=\"https:\/\/www.europesays.com\/fr\/wp-content\/uploads\/2025\/07\/comme-pres-de-250-fans-sofyen-greg-et-aurelie-sont-venu-rencontrer-alonzo-ce-vendredi-18-juillet-175.jpeg\"\/>Comme pr\u00e8s de 250 fans, Sofyan, Greg et Aur\u00e9lie sont venus rencontrer Alonzo, ce vendredi 18 juillet. \/ PHOTO P.P<\/p>\n<p>Apr\u00e8s plus de 30\u00a0ans de carri\u00e8re, celui qui r\u00eavait de remplir le Vel\u2019 depuis tout jeune contemple le chemin parcouru\u00a0: \u00ab\u00a0Dix ou quinze ans en arri\u00e8re, on pensait que c\u2019\u00e9tait r\u00e9serv\u00e9 \u00e0 Johnny ou Myl\u00e8ne Farmer.\u00a0\u00bb Et pourtant, c\u2019est bien lui qui montera sur sc\u00e8ne, ce samedi soir, apr\u00e8s une premi\u00e8re partie g\u00e9r\u00e9e par neuf jeunes rappeurs marseillais de son choix (TK, Thabiti, Gambino, Houz, G29, Lebeey, HDPRK, Dexe et SMY).<\/p>\n<p>\u00ab\u00a0\u00c7a aurait \u00e9t\u00e9 \u00e9go\u00efste de ne pas faire profiter la nouvelle g\u00e9n\u00e9ration d\u2019ici\u00a0\u00bb, explique-t-il, sourire aux l\u00e8vres. Avant de conclure en \u00e9voquant l\u2019importance d\u2019une telle date pour la sc\u00e8ne locale\u00a0: \u00ab\u00a0Ce concert doit \u00eatre la f\u00eate de tous les Marseillais, de tous les quartiers populaires.\u00a0\u00bb Le public du V\u00e9lodrome est pr\u00e9venu.<\/p>\n<p>Samedi 19\u00a0juillet \u00e0 20h30 \u00e0 l\u2019Orange V\u00e9lodrome (8e). Complet.<\/p>\n","protected":false},"excerpt":{"rendered":"Ils \u00e9taient pr\u00e8s de 250, ce vendredi au stade V\u00e9lodrome, pour voir Alonzo. Pendant un peu plus de&hellip;\n","protected":false},"author":2,"featured_media":258302,"comment_status":"","ping_status":"","sticky":false,"template":"","format":"standard","meta":{"footnotes":""},"categories":[1355],"tags":[17,31410,1697,251,58,59,4560,1011,27,1361,873,3711,957,9870,133],"class_list":{"0":"post-258301","1":"post","2":"type-post","3":"status-publish","4":"format-standard","5":"has-post-thumbnail","7":"category-musique","8":"tag-17","9":"tag-alonzo","10":"tag-concert","11":"tag-culture","12":"tag-divertissement","13":"tag-entertainment","14":"tag-faire","15":"tag-fr","16":"tag-france","17":"tag-music","18":"tag-musique","19":"tag-son","20":"tag-velodrome","21":"tag-veut","22":"tag-video"},"share_on_mastodon":{"url":"https:\/\/pubeurope.com\/@fr\/114878727278466614","error":""},"_links":{"self":[{"href":"https:\/\/www.europesays.com\/fr\/wp-json\/wp\/v2\/posts\/258301","targetHints":{"allow":["GET"]}}],"collection":[{"href":"https:\/\/www.europesays.com\/fr\/wp-json\/wp\/v2\/posts"}],"about":[{"href":"https:\/\/www.europesays.com\/fr\/wp-json\/wp\/v2\/types\/post"}],"author":[{"embeddable":true,"href":"https:\/\/www.europesays.com\/fr\/wp-json\/wp\/v2\/users\/2"}],"replies":[{"embeddable":true,"href":"https:\/\/www.europesays.com\/fr\/wp-json\/wp\/v2\/comments?post=258301"}],"version-history":[{"count":0,"href":"https:\/\/www.europesays.com\/fr\/wp-json\/wp\/v2\/posts\/258301\/revisions"}],"wp:featuredmedia":[{"embeddable":true,"href":"https:\/\/www.europesays.com\/fr\/wp-json\/wp\/v2\/media\/258302"}],"wp:attachment":[{"href":"https:\/\/www.europesays.com\/fr\/wp-json\/wp\/v2\/media?parent=258301"}],"wp:term":[{"taxonomy":"category","embeddable":true,"href":"https:\/\/www.europesays.com\/fr\/wp-json\/wp\/v2\/categories?post=258301"},{"taxonomy":"post_tag","embeddable":true,"href":"https:\/\/www.europesays.com\/fr\/wp-json\/wp\/v2\/tags?post=258301"}],"curies":[{"name":"wp","href":"https:\/\/api.w.org\/{rel}","templated":true}]}}