{"id":258311,"date":"2025-07-19T07:34:10","date_gmt":"2025-07-19T07:34:10","guid":{"rendered":"https:\/\/www.europesays.com\/fr\/258311\/"},"modified":"2025-07-19T07:34:10","modified_gmt":"2025-07-19T07:34:10","slug":"cet-ancien-fashion-faux-pas-est-devenu-le-chouchou-des-modeuses","status":"publish","type":"post","link":"https:\/\/www.europesays.com\/fr\/258311\/","title":{"rendered":"Cet ancien\u00a0\u00ab\u00a0fashion faux-pas\u00a0\u00bb est devenu le chouchou des modeuses"},"content":{"rendered":"<p>Oubli\u00e9e puis carr\u00e9ment \u00e9cart\u00e9e des dressings tendance, une pi\u00e8ce jadis jug\u00e9e \u00ab ringarde \u00bb refait aujourd\u2019hui surface\u202f: la jupe asym\u00e9trique s\u2019impose comme le must de l\u2019\u00e9t\u00e9 2025, adopt\u00e9e par les modeuses du monde entier. Un retour aussi inattendu que r\u00e9jouissant, qui r\u00e9volutionne la silhouette estivale.<\/p>\n<p>Le grand retour de la jupe asym\u00e9trique<\/p>\n<p>Longtemps consid\u00e9r\u00e9e comme difficile \u00e0 porter et trop audacieuse, la jupe asym\u00e9trique revient en force cette saison. Sa d\u00e9coupe irr\u00e9guli\u00e8re, autrefois boud\u00e9e, offre d\u00e9sormais un jeu de longueurs raffin\u00e9, d\u00e9voilant subtilement la jambe tout en allongeant la silhouette. Dot\u00e9e d\u2019un \u00e9lastique \u00e0 la taille, elle \u00e9pouse les courbes tout en assurant un confort optimal. Sa mati\u00e8re fluide accompagne le mouvement et sublime chaque d\u00e9marche, m\u00ealant audace et \u00e9l\u00e9gance naturelle.<\/p>\n<blockquote class=\"instagram-media\" style=\"background: #FFF; border: 0; border-radius: 3px; box-shadow: 0 0 1px 0 rgba(0,0,0,0.5),0 1px 10px 0 rgba(0,0,0,0.15); margin: 1px; max-width: 540px; min-width: 326px; padding: 0; width: calc(100% - 2px);\" data-instgrm-permalink=\"https:\/\/www.instagram.com\/reel\/C9XzljoNv2f\/?utm_source=ig_embed&amp;utm_campaign=loading\" data-instgrm-version=\"14\">\n<\/blockquote>\n<p>Des versions pour tous les styles<\/p>\n<p>Cet \u00e9t\u00e9, la jupe asym\u00e9trique se d\u00e9cline selon toutes les envies :<\/p>\n<ul>\n<li>Vichy ou imprim\u00e9s fleuris pour une allure fra\u00eeche et bucolique<\/li>\n<li>Paillettes et mati\u00e8res satin\u00e9es pour transformer une tenue en c\u00e9l\u00e9bration nocturne<\/li>\n<li>Tissus unis et nobles pour une sophistication sobre et urbaine<\/li>\n<\/ul>\n<p>Cette diversit\u00e9 permet \u00e0 chacune d\u2019adopter la jupe asym\u00e9trique selon son propre style, du plus casual au plus chic.<\/p>\n<blockquote class=\"instagram-media\" style=\"background: #FFF; border: 0; border-radius: 3px; box-shadow: 0 0 1px 0 rgba(0,0,0,0.5),0 1px 10px 0 rgba(0,0,0,0.15); margin: 1px; max-width: 540px; min-width: 326px; padding: 0; width: calc(100% - 2px);\" data-instgrm-permalink=\"https:\/\/www.instagram.com\/p\/BSRdlvcAtVo\/?utm_source=ig_embed&amp;utm_campaign=loading\" data-instgrm-version=\"14\">\n<\/blockquote>\n<p>Pour booster son look, l\u2019astuce consiste \u00e0 jouer sur l\u2019\u00e9quilibre :<\/p>\n<ul>\n<li>Les tongs \u00e0 talon allongent la jambe et renforcent l\u2019esprit d\u00e9structur\u00e9<\/li>\n<li>Les sandales plates insufflent une d\u00e9contraction estivale bienvenue<\/li>\n<li>Un crop top ou un d\u00e9bardeur ajust\u00e9 structurent la silhouette<\/li>\n<li>Privil\u00e9gier des accessoires sobres pour laisser la jupe s\u2019exprimer pleinement<\/li>\n<\/ul>\n<p>L\u2019essentiel ? Garder en t\u00eate que la jupe asym\u00e9trique est la pi\u00e8ce forte de la saison : inutile d\u2019en faire trop, la simplicit\u00e9 est souvent la mieux alli\u00e9e \u00e0 son originalit\u00e9.<\/p>\n<p>Si la jupe asym\u00e9trique s\u00e9duit autant, c\u2019est ainsi parce qu\u2019elle propose une alternative fra\u00eeche \u00e0 la jupe longue classique : plus moderne, plus audacieuse, elle affine le look et permet d\u2019oser, quelle que soit sa morphologie. Plus qu\u2019un simple effet de mode, son retour t\u00e9moigne de l\u2019envie de bousculer les codes, de gagner en confort sans sacrifier le style.<\/p>\n<p><script async src=\"\/\/www.instagram.com\/embed.js\"><\/script><\/p>\n","protected":false},"excerpt":{"rendered":"Oubli\u00e9e puis carr\u00e9ment \u00e9cart\u00e9e des dressings tendance, une pi\u00e8ce jadis jug\u00e9e \u00ab ringarde \u00bb refait aujourd\u2019hui surface\u202f: la&hellip;\n","protected":false},"author":2,"featured_media":258312,"comment_status":"","ping_status":"","sticky":false,"template":"","format":"standard","meta":{"footnotes":""},"categories":[7],"tags":[1111,1011,27,43,40,41,39,42,44,11644],"class_list":{"0":"post-258311","1":"post","2":"type-post","3":"status-publish","4":"format-standard","5":"has-post-thumbnail","7":"category-sciences-et-technologies","8":"tag-actu","9":"tag-fr","10":"tag-france","11":"tag-science","12":"tag-science-and-technology","13":"tag-sciences","14":"tag-sciences-et-technologies","15":"tag-technologies","16":"tag-technology","17":"tag-vetements"},"share_on_mastodon":{"url":"https:\/\/pubeurope.com\/@fr\/114878746721158916","error":""},"_links":{"self":[{"href":"https:\/\/www.europesays.com\/fr\/wp-json\/wp\/v2\/posts\/258311","targetHints":{"allow":["GET"]}}],"collection":[{"href":"https:\/\/www.europesays.com\/fr\/wp-json\/wp\/v2\/posts"}],"about":[{"href":"https:\/\/www.europesays.com\/fr\/wp-json\/wp\/v2\/types\/post"}],"author":[{"embeddable":true,"href":"https:\/\/www.europesays.com\/fr\/wp-json\/wp\/v2\/users\/2"}],"replies":[{"embeddable":true,"href":"https:\/\/www.europesays.com\/fr\/wp-json\/wp\/v2\/comments?post=258311"}],"version-history":[{"count":0,"href":"https:\/\/www.europesays.com\/fr\/wp-json\/wp\/v2\/posts\/258311\/revisions"}],"wp:featuredmedia":[{"embeddable":true,"href":"https:\/\/www.europesays.com\/fr\/wp-json\/wp\/v2\/media\/258312"}],"wp:attachment":[{"href":"https:\/\/www.europesays.com\/fr\/wp-json\/wp\/v2\/media?parent=258311"}],"wp:term":[{"taxonomy":"category","embeddable":true,"href":"https:\/\/www.europesays.com\/fr\/wp-json\/wp\/v2\/categories?post=258311"},{"taxonomy":"post_tag","embeddable":true,"href":"https:\/\/www.europesays.com\/fr\/wp-json\/wp\/v2\/tags?post=258311"}],"curies":[{"name":"wp","href":"https:\/\/api.w.org\/{rel}","templated":true}]}}