{"id":258313,"date":"2025-07-19T07:35:09","date_gmt":"2025-07-19T07:35:09","guid":{"rendered":"https:\/\/www.europesays.com\/fr\/258313\/"},"modified":"2025-07-19T07:35:09","modified_gmt":"2025-07-19T07:35:09","slug":"combien-economise-t-on-vraiment-en-empruntant-les-nationales-plutot-que-les-autoroutes","status":"publish","type":"post","link":"https:\/\/www.europesays.com\/fr\/258313\/","title":{"rendered":"combien \u00e9conomise-t-on vraiment en empruntant les nationales plut\u00f4t que les autoroutes\u00a0?"},"content":{"rendered":"<p>\u00c9viter les p\u00e9ages d\u2019autoroute pour faire des \u00e9conomies\u00a0: bonne ou mauvaise id\u00e9e\u00a0? D\u00e9couvrez, pour les trajets de l\u2019\u00e9t\u00e9 les plus courants, toutes les donn\u00e9es.<\/p>\n<p class=\"fig-paragraph\">La\u00a0<a href=\"http:\/\/www.lefigaro.fr\/conso\/malgre-l-inflation-un-francais-sur-deux-prevoit-de-partir-en-vacances-cet-ete-20250507\" target=\"_blank\" data-fig-type=\"NewsFlash\" rel=\"noopener\" data-gtm-custom-categorie=\"navigation\" data-gtm-custom-action=\"crossclick\" data-gtm-custom-label=\"Contextuel\" data-gtm-event=\"customEventSPE\" data-fig-domain=\"LEFIGARO\">pression budg\u00e9taire<\/a>\u00a0qui p\u00e8se sur les vacances d\u2019\u00e9t\u00e9 est encore bien r\u00e9elle cette ann\u00e9e, et le trajet en voiture n\u2019\u00e9chappe pas \u00e0 la r\u00e8gle. Selon une \u00e9tude Roole avec l\u2019Institut \u00abBona fid\u00e9\u00bb du 1er juillet, pr\u00e8s d\u2019un Fran\u00e7ais sur deux (45%) a d\u00e9j\u00e0 d\u00fb modifier ou annuler un projet de vacances \u00e0 cause des co\u00fbts li\u00e9s \u00e0\u00a0<a href=\"http:\/\/www.lefigaro.fr\/automobile\/depart-en-vacances-5-jeux-pour-occuper-les-enfants-en-voiture-pendant-les-longs-trajets-20250712\" target=\"_blank\" data-fig-type=\"Article\" rel=\"noopener\" data-gtm-custom-categorie=\"navigation\" data-gtm-custom-action=\"crossclick\" data-gtm-custom-label=\"Contextuel\" data-gtm-event=\"customEventSPE\" data-fig-domain=\"LEFIGARO\">l\u2019usage de la voiture<\/a>. Cette proportion grimpe m\u00eame \u00e0 61% chez les m\u00e9nages aux revenus modestes.<\/p>\n<p class=\"fig-paragraph\">Pour les huit vacanciers sur dix qui se d\u00e9placeront en voiture cet \u00e9t\u00e9, le budget automobile repr\u00e9sente en moyenne 260 euros, soit jusqu\u2019\u00e0 un tiers de leur budget vacances total pour deux tiers d\u2019entre eux&#8230; Bref, la voiture repr\u00e9sente une contrainte budg\u00e9taire qui pousse les automobilistes \u00e0 chercher des solutions pour all\u00e9ger la facture.<\/p>\n<p>                                    <a class=\"fig-a11y-skip a11y-hidden\" href=\"#fig-a11y-skip-main-inarticle\"><br \/>\n        Passer la publicit\u00e9<br \/>\n    <\/a><\/p>\n<p>\u00c9viter les p\u00e9ages, une strat\u00e9gie populaire<\/p>\n<p class=\"fig-paragraph\">Parmi les strat\u00e9gies les plus populaires, 55% des Fran\u00e7ais d\u00e9clarent emprunter parfois\u00a0<a href=\"http:\/\/www.lefigaro.fr\/conjoncture\/les-plus-degradees-du-reseau-national-la-cour-des-comptes-alerte-sur-l-etat-des-routes-d-ile-de-france-20250624\" target=\"_blank\" data-fig-type=\"NewsFlash\" rel=\"noopener\" data-gtm-custom-categorie=\"navigation\" data-gtm-custom-action=\"crossclick\" data-gtm-custom-label=\"Contextuel\" data-gtm-event=\"customEventSPE\" data-fig-domain=\"LEFIGARO\">les nationales<\/a>\u00a0et petites routes plut\u00f4t que les autoroutes \u00e0 p\u00e9age. Une approche s\u00e9duisante sur le papier, mais qu\u2019en est-il r\u00e9ellement des \u00e9conomies r\u00e9alisables\u00a0?<\/p>\n<p class=\"fig-paragraph\">Pour en avoir le c\u0153ur net, Roole Data a compar\u00e9 plusieurs destinations populaires, en calculant le co\u00fbt total d\u2019un trajet (<a href=\"http:\/\/www.lefigaro.fr\/automobile\/faire-son-plein-d-essence-un-jour-de-canicule-ferait-perdre-de-l-argent-vrai-ou-faux-20250701\" target=\"_blank\" data-fig-type=\"Article\" rel=\"noopener\" data-gtm-custom-categorie=\"navigation\" data-gtm-custom-action=\"crossclick\" data-gtm-custom-label=\"Contextuel\" data-gtm-event=\"customEventSPE\" data-fig-domain=\"LEFIGARO\">carburant<\/a>\u00a0+ p\u00e9ages), suivant un itin\u00e9raire autoroutier ou une alternative sans p\u00e9age. Les r\u00e9sultats r\u00e9v\u00e8lent des \u00e9conomies consid\u00e9rables sur certaines destinations. Par contre, il faudra \u00eatre patient\u00a0:<\/p>\n<ul class=\"fig-list\">\n<li><strong>Paris &#8211; Nice<\/strong>\u00a0: 85\u20ac d\u2019\u00e9conomies pour un trajet sans p\u00e9ages, mais 5h29 suppl\u00e9mentaires de route<\/li>\n<li><strong>Paris &#8211; Biarritz<\/strong>\u00a0: 71\u20ac d\u2019\u00e9conomies pour 5h11 de trajet additionnel<\/li>\n<li><strong>Paris &#8211; Marseille<\/strong>\u00a0: 59\u20ac d\u2019\u00e9conomies contre 5h38 de temps de trajet suppl\u00e9mentaire<\/li>\n<li><strong>Paris &#8211; Arcachon<\/strong>\u00a0: 60\u20ac d\u2019\u00e9conomies pour 4h17 de trajet suppl\u00e9mentaires<\/li>\n<li><strong>Paris &#8211; Toulouse<\/strong>\u00a0: 39\u20ac d\u2019\u00e9conomies pour 4h39 de route additionnelle<\/li>\n<li><strong>Paris &#8211; La Baule<\/strong>\u00a0: 42\u20ac d\u2019\u00e9conomies pour 2h30 de trajet suppl\u00e9mentaires<\/li>\n<li><strong>Paris &#8211; P\u00e9rigord<\/strong>\u00a0: 41\u20ac d\u2019\u00e9conomies pour 2h43 de temps additionnel<\/li>\n<li><strong>Paris &#8211; Quiberon<\/strong>\u00a0: 31\u20ac d\u2019\u00e9conomies pour 2h55 de trajet suppl\u00e9mentaires<\/li>\n<li><strong>Lyon &#8211; Montpellier<\/strong>\u00a0: 30\u20ac d\u2019\u00e9conomies pour 1h43 de route additionnelle<\/li>\n<\/ul>\n<p class=\"fig-paragraph\">En moyenne sur ces trajets, \u00e9viter les p\u00e9ages permet d\u2019\u00e9conomiser 13\u20ac par heure de trajet suppl\u00e9mentaire. Cette strat\u00e9gie s\u2019av\u00e8re donc effectivement rentable d\u2019un point de vue purement financier, mais cela implique un investissement temps consid\u00e9rable et une exp\u00e9rience de conduite potentiellement\u00a0<a href=\"https:\/\/sante.lefigaro.fr\/mieux-etre\/accident\/fatigue-conduite\/attention-vigilance-quest-ce-que-cest\" target=\"_blank\" data-fig-type=\"Keyword\" rel=\"sponsored noopener\" data-gtm-custom-categorie=\"navigation\" data-gtm-custom-action=\"crossclick\" data-gtm-custom-label=\"Contextuel\" data-gtm-event=\"customEventSPE\" data-fig-domain=\"SANTE\">plus fatigante<\/a>. Comme dans beaucoup de situations, il faut maintenant arbitrer.<\/p>\n","protected":false},"excerpt":{"rendered":"\u00c9viter les p\u00e9ages d\u2019autoroute pour faire des \u00e9conomies\u00a0: bonne ou mauvaise id\u00e9e\u00a0? D\u00e9couvrez, pour les trajets de l\u2019\u00e9t\u00e9&hellip;\n","protected":false},"author":2,"featured_media":258314,"comment_status":"","ping_status":"","sticky":false,"template":"","format":"standard","meta":{"footnotes":""},"categories":[6],"tags":[6955,35,33,34,1011,27,39853,2528],"class_list":{"0":"post-258313","1":"post","2":"type-post","3":"status-publish","4":"format-standard","5":"has-post-thumbnail","7":"category-economie","8":"tag-autoroute","9":"tag-business","10":"tag-economie","11":"tag-economy","12":"tag-fr","13":"tag-france","14":"tag-peage","15":"tag-vacances"},"share_on_mastodon":{"url":"https:\/\/pubeurope.com\/@fr\/114878750592813378","error":""},"_links":{"self":[{"href":"https:\/\/www.europesays.com\/fr\/wp-json\/wp\/v2\/posts\/258313","targetHints":{"allow":["GET"]}}],"collection":[{"href":"https:\/\/www.europesays.com\/fr\/wp-json\/wp\/v2\/posts"}],"about":[{"href":"https:\/\/www.europesays.com\/fr\/wp-json\/wp\/v2\/types\/post"}],"author":[{"embeddable":true,"href":"https:\/\/www.europesays.com\/fr\/wp-json\/wp\/v2\/users\/2"}],"replies":[{"embeddable":true,"href":"https:\/\/www.europesays.com\/fr\/wp-json\/wp\/v2\/comments?post=258313"}],"version-history":[{"count":0,"href":"https:\/\/www.europesays.com\/fr\/wp-json\/wp\/v2\/posts\/258313\/revisions"}],"wp:featuredmedia":[{"embeddable":true,"href":"https:\/\/www.europesays.com\/fr\/wp-json\/wp\/v2\/media\/258314"}],"wp:attachment":[{"href":"https:\/\/www.europesays.com\/fr\/wp-json\/wp\/v2\/media?parent=258313"}],"wp:term":[{"taxonomy":"category","embeddable":true,"href":"https:\/\/www.europesays.com\/fr\/wp-json\/wp\/v2\/categories?post=258313"},{"taxonomy":"post_tag","embeddable":true,"href":"https:\/\/www.europesays.com\/fr\/wp-json\/wp\/v2\/tags?post=258313"}],"curies":[{"name":"wp","href":"https:\/\/api.w.org\/{rel}","templated":true}]}}