{"id":258315,"date":"2025-07-19T07:36:12","date_gmt":"2025-07-19T07:36:12","guid":{"rendered":"https:\/\/www.europesays.com\/fr\/258315\/"},"modified":"2025-07-19T07:36:12","modified_gmt":"2025-07-19T07:36:12","slug":"affaire-epstein-trump-attaque-en-justice-le-wall-street-journal-et-reclame-des-milliards-19-07-2025-a-0431","status":"publish","type":"post","link":"https:\/\/www.europesays.com\/fr\/258315\/","title":{"rendered":"Affaire Epstein: Trump attaque en justice le Wall Street Journal et r\u00e9clame des milliards &#8211; 19\/07\/2025 \u00e0 04:31"},"content":{"rendered":"<p>        <img fetchpriority=\"high\" decoding=\"async\" src=\"https:\/\/www.europesays.com\/fr\/wp-content\/uploads\/2025\/07\/101caa66099c2a413d996c3184cc4c8a-760x507.jpg\" alt=\"Le pr\u00e9sident am\u00e9ricain Donald Trump \u00e0 la Maison Blanche, \u00e0 Washington, aux Etats-Unis, le 18 juillet 2025 ( AFP \/ Brendan SMIALOWSKI )\" loading=\"eager\" width=\"760\" height=\"507\" style=\"max-width: 100%!important; height: auto;\"\/><\/p>\n<p class=\"c-image-news__legend\">Le pr\u00e9sident am\u00e9ricain Donald Trump \u00e0 la Maison Blanche, \u00e0 Washington, aux Etats-Unis, le 18 juillet 2025 ( AFP \/ Brendan SMIALOWSKI )<\/p>\n<p>\n Donald Trump r\u00e9clame au moins dix milliards de dollars pour diffamation au Wall Street Journal apr\u00e8s la publication d&rsquo;un article lui attribuant une lettre salace adress\u00e9e au financier et d\u00e9linquant sexuel Jeffrey Epstein, dans un dossier qui embarrasse le pr\u00e9sident am\u00e9ricain aupr\u00e8s de sa base.\n<\/p>\n<p>\n Le locataire de la Maison Blanche est emp\u00eatr\u00e9 depuis plusieurs jours dans cette affaire, qui fait l&rsquo;objet d&rsquo;une multitude de th\u00e9ories complotistes, et sur laquelle il avait jur\u00e9 de faire toute la lumi\u00e8re.\n<\/p>\n<p>\n Elle a connu un nouveau rebondissement jeudi avec un article du Wall Street Journal, selon lequel Donald Trump avait adress\u00e9 en 2003 une lettre embarrassante \u00e0 Jeffrey Epstein, dont il avait \u00e9t\u00e9 proche.\n<\/p>\n<p>\n Le pr\u00e9sident am\u00e9ricain a attaqu\u00e9 en justice d\u00e8s le lendemain le prestigieux quotidien, son patron Rupert Murdoch et deux de ses journalistes, et leur r\u00e9clame au moins dix milliards de dollars, selon la plainte consult\u00e9e par l&rsquo;AFP.\n<\/p>\n<p>\n Donald Trump, en croisade contre les m\u00e9dias traditionnels depuis son retour au pouvoir, a d\u00e9nonc\u00e9 sur sa plateforme Truth Social un \u00ab\u00a0+article+ mensonger, malveillant, diffamatoire et totalement FAKE NEWS, paru dans (un) +torchon+ inutile\u00a0\u00bb.\n<\/p>\n<p>\n Ils \u00ab\u00a0ont invent\u00e9 cette histoire pour ternir la r\u00e9putation et l&rsquo;int\u00e9grit\u00e9 du pr\u00e9sident Trump, et le pr\u00e9senter de mani\u00e8re trompeuse sous un jour mensonger\u00a0\u00bb, peut-on lire dans la plainte.\n<\/p>\n<p>\n \u00ab\u00a0Nous avons toute confiance dans la rigueur et l&rsquo;exactitude de nos informations, et nous nous d\u00e9fendrons vigoureusement\u00a0\u00bb, a r\u00e9agi le groupe propri\u00e9taire du Wall Street Journal, Dow Jones.\n<\/p>\n<p> &#8211; Fureur des \u00ab\u00a0MAGA\u00a0\u00bb &#8211;<\/p>\n<p>\n Dans le m\u00eame temps, le minist\u00e8re de la Justice a demand\u00e9 \u00e0 un tribunal f\u00e9d\u00e9ral d&rsquo;autoriser la publication des documents judiciaires ayant conduit \u00e0 l&rsquo;inculpation de Jeffrey Epstein pour trafic sexuel de mineures en 2019.\n<\/p>\n<p>\n Le pr\u00e9sident am\u00e9ricain en avait donn\u00e9 l&rsquo;ordre la veille \u00e0 sa ministre Pam Bondi, en r\u00e9ponse aux critiques de certains de ses partisans, qui l&rsquo;accusent de vouloir \u00e9touffer la pol\u00e9mique.\n<\/p>\n<p>\n Jeffrey Epstein n&rsquo;a jamais \u00e9t\u00e9 jug\u00e9 pour ces faits: ce riche financier avait \u00e9t\u00e9 retrouv\u00e9 mort dans sa cellule de prison peu de temps apr\u00e8s son inculpation.\n<\/p>\n<p>\n Interrog\u00e9 vendredi \u00e0 la Maison Blanche pour savoir s&rsquo;il comptait r\u00e9clamer la publication d&rsquo;autres documents li\u00e9s au dossier Epstein, le milliardaire de 79 ans n&rsquo;a pas r\u00e9pondu.\n<\/p>\n<p>\n Jeffrey Epstein a \u00e9t\u00e9 arr\u00eat\u00e9 et inculp\u00e9 en juillet 2019 pour trafic sexuel de mineures et association de malfaiteurs en vue de commettre cette infraction.\n<\/p>\n<p>\n La mort de cet ami des stars et des puissants, retrouv\u00e9 pendu dans sa cellule \u00e0 New York un mois plus tard, avant d&rsquo;\u00eatre jug\u00e9, a aliment\u00e9 nombre de th\u00e9ories complotistes selon lesquelles il aurait \u00e9t\u00e9 assassin\u00e9 pour emp\u00eacher des r\u00e9v\u00e9lations impliquant des personnalit\u00e9s de premier plan.\n<\/p>\n<p>\n Il avait d\u00e9j\u00e0 \u00e9t\u00e9 condamn\u00e9 \u00e0 une courte peine de prison en 2008, notamment pour avoir recrut\u00e9 une mineure \u00e0 des fins de prostitution.\n<\/p>\n<p>\n Des figures proches du mouvement trumpiste \u00ab\u00a0Make America Great Again\u00a0\u00bb (\u00ab\u00a0Rendre sa grandeur \u00e0 l&rsquo;Am\u00e9rique\u00a0\u00bb, en fran\u00e7ais) militent depuis des ann\u00e9es pour la publication d&rsquo;une suppos\u00e9e liste secr\u00e8te de clients de Jeffrey Epstein.\n<\/p>\n<p> &#8211; Croquis de femme nue &#8211;<\/p>\n<p>\n Mais le 7 juillet, le minist\u00e8re de la Justice et la police f\u00e9d\u00e9rale, le FBI, ont \u00e9tabli dans un rapport commun qu&rsquo;il n&rsquo;existait pas de preuve de l&rsquo;existence d&rsquo;une telle liste ou d&rsquo;un chantage envers certaines personnalit\u00e9s.\n<\/p>\n<p>\n Des annonces qui ont entra\u00een\u00e9 un d\u00e9ferlement de messages furieux venant de comptes \u00ab\u00a0MAGA\u00a0\u00bb sur les r\u00e9seaux sociaux.\n<\/p>\n<p>\n Donald Trump, qui a \u00e9t\u00e9 proche de Jeffrey Epstein jusqu&rsquo;au milieu des ann\u00e9es 2000, s&rsquo;en est ouvertement agac\u00e9. Il a qualifi\u00e9 cette frange de ses partisans de \u00ab\u00a0stupides\u00a0\u00bb, tout en accusant l&rsquo;opposition d\u00e9mocrate d&rsquo;avoir orchestr\u00e9 une campagne visant \u00e0 le m\u00ealer \u00e0 l&rsquo;affaire.\n<\/p>\n<p>\n L&rsquo;article du Wall Street Journal ne risque pas de l&rsquo;enterrer.\n<\/p>\n<p>\n Le quotidien y affirme que, pour un livre d&rsquo;or destin\u00e9 \u00e0 Jeffrey Epstein en 2003 \u00e0 l&rsquo;occasion de son 50e anniversaire, sa compagne Ghislaine Maxwell avait sollicit\u00e9 plusieurs dizaines de ses proches, dont Donald Trump, alors magnat de l&rsquo;immobilier.\n<\/p>\n<p>\n La lettre au nom de Donald Trump comporte plusieurs lignes de texte dactylographi\u00e9 entour\u00e9es d&rsquo;un croquis de femme nue avec sa signature \u00e9voquant une toison pubienne, selon le journal.\n<\/p>\n<p>\n \u00ab\u00a0Joyeux anniversaire &#8211; et que chaque jour soit un autre merveilleux secret\u00a0\u00bb, affirme avoir lu le Wall Street Journal, sans reproduire la lettre.<\/p>\n","protected":false},"excerpt":{"rendered":"Le pr\u00e9sident am\u00e9ricain Donald Trump \u00e0 la Maison Blanche, \u00e0 Washington, aux Etats-Unis, le 18 juillet 2025 (&hellip;\n","protected":false},"author":2,"featured_media":258316,"comment_status":"","ping_status":"","sticky":false,"template":"","format":"standard","meta":{"footnotes":""},"categories":[5],"tags":[400,11,398,408,405,1011,27,403,14,402,399,404,12,401,406,407,28],"class_list":{"0":"post-258315","1":"post","2":"type-post","3":"status-publish","4":"format-standard","5":"has-post-thumbnail","7":"category-international","8":"tag-action-cac-40","9":"tag-actualites","10":"tag-bourse-de-paris","11":"tag-boursorama","12":"tag-cotations","13":"tag-fr","14":"tag-france","15":"tag-indices-devises","16":"tag-international","17":"tag-investir","18":"tag-investissement","19":"tag-marche-boursier","20":"tag-news","21":"tag-sicav","22":"tag-trackers","23":"tag-warrants","24":"tag-world"},"share_on_mastodon":{"url":"https:\/\/pubeurope.com\/@fr\/114878754786900514","error":""},"_links":{"self":[{"href":"https:\/\/www.europesays.com\/fr\/wp-json\/wp\/v2\/posts\/258315","targetHints":{"allow":["GET"]}}],"collection":[{"href":"https:\/\/www.europesays.com\/fr\/wp-json\/wp\/v2\/posts"}],"about":[{"href":"https:\/\/www.europesays.com\/fr\/wp-json\/wp\/v2\/types\/post"}],"author":[{"embeddable":true,"href":"https:\/\/www.europesays.com\/fr\/wp-json\/wp\/v2\/users\/2"}],"replies":[{"embeddable":true,"href":"https:\/\/www.europesays.com\/fr\/wp-json\/wp\/v2\/comments?post=258315"}],"version-history":[{"count":0,"href":"https:\/\/www.europesays.com\/fr\/wp-json\/wp\/v2\/posts\/258315\/revisions"}],"wp:featuredmedia":[{"embeddable":true,"href":"https:\/\/www.europesays.com\/fr\/wp-json\/wp\/v2\/media\/258316"}],"wp:attachment":[{"href":"https:\/\/www.europesays.com\/fr\/wp-json\/wp\/v2\/media?parent=258315"}],"wp:term":[{"taxonomy":"category","embeddable":true,"href":"https:\/\/www.europesays.com\/fr\/wp-json\/wp\/v2\/categories?post=258315"},{"taxonomy":"post_tag","embeddable":true,"href":"https:\/\/www.europesays.com\/fr\/wp-json\/wp\/v2\/tags?post=258315"}],"curies":[{"name":"wp","href":"https:\/\/api.w.org\/{rel}","templated":true}]}}