{"id":258325,"date":"2025-07-19T07:42:12","date_gmt":"2025-07-19T07:42:12","guid":{"rendered":"https:\/\/www.europesays.com\/fr\/258325\/"},"modified":"2025-07-19T07:42:12","modified_gmt":"2025-07-19T07:42:12","slug":"le-rock-sinvite-au-parc-sainte-therese","status":"publish","type":"post","link":"https:\/\/www.europesays.com\/fr\/258325\/","title":{"rendered":"le rock s\u2019invite au parc Sainte-Th\u00e9r\u00e8se"},"content":{"rendered":"<p>Esp\u00e9rons que la 2e\u00a0 \u00e9dition des Dimanches au Kiosque, au Parc Sainte-Th\u00e9r\u00e8se, soit plus s\u00e8che que celle du dimanche 6\u00a0juillet avec le groupe Charles Despres and the Midnight Creepers. Ce dimanche, \u00e0 16\u00a0h, ce sera au groupe J.O.N de transporter le public dans les ann\u00e9es 60-70 avec un registre 100\u00a0% rock. Form\u00e9 en 2015, J.O.N est compos\u00e9 de 4 musiciens dont un guitariste, un clavi\u00e9riste, un bassiste et un batteur. Ils revisitent avec talent les standards du rock, de la pop et du blues.<\/p>\n<p>Une buvette sera tenue par une association ludr\u00e9enne. \u00c0 noter que le concert pourra \u00eatre annul\u00e9 en cas de mauvaises conditions m\u00e9t\u00e9orologiques. Les Dimanches au Kiosque reviendront le 3\u00a0ao\u00fbt avec Soul Stuff, le 24\u00a0ao\u00fbt avec Atom\u2019s et le 7\u00a0septembre avec Paradox, toujours \u00e0 l\u2019ombre du kiosque du Parc Sainte-Th\u00e9r\u00e8se.<\/p>\n","protected":false},"excerpt":{"rendered":"Esp\u00e9rons que la 2e\u00a0 \u00e9dition des Dimanches au Kiosque, au Parc Sainte-Th\u00e9r\u00e8se, soit plus s\u00e8che que celle du&hellip;\n","protected":false},"author":2,"featured_media":258326,"comment_status":"","ping_status":"","sticky":false,"template":"","format":"standard","meta":{"footnotes":""},"categories":[9635],"tags":[1111,11,1687,1704,1777,674,1011,27,775,11413,9649,1702,12,25,3140],"class_list":{"0":"post-258325","1":"post","2":"type-post","3":"status-publish","4":"format-standard","5":"has-post-thumbnail","7":"category-nancy","8":"tag-actu","9":"tag-actualites","10":"tag-culture-loisirs","11":"tag-edition-nancy-et-agglomeration","12":"tag-eu","13":"tag-europe","14":"tag-fr","15":"tag-france","16":"tag-grand-est","17":"tag-ludres","18":"tag-metropole-du-grand-nancy-54b2","19":"tag-nancy","20":"tag-news","21":"tag-republique-francaise","22":"tag-spectacle"},"share_on_mastodon":{"url":"https:\/\/pubeurope.com\/@fr\/114878778075489522","error":""},"_links":{"self":[{"href":"https:\/\/www.europesays.com\/fr\/wp-json\/wp\/v2\/posts\/258325","targetHints":{"allow":["GET"]}}],"collection":[{"href":"https:\/\/www.europesays.com\/fr\/wp-json\/wp\/v2\/posts"}],"about":[{"href":"https:\/\/www.europesays.com\/fr\/wp-json\/wp\/v2\/types\/post"}],"author":[{"embeddable":true,"href":"https:\/\/www.europesays.com\/fr\/wp-json\/wp\/v2\/users\/2"}],"replies":[{"embeddable":true,"href":"https:\/\/www.europesays.com\/fr\/wp-json\/wp\/v2\/comments?post=258325"}],"version-history":[{"count":0,"href":"https:\/\/www.europesays.com\/fr\/wp-json\/wp\/v2\/posts\/258325\/revisions"}],"wp:featuredmedia":[{"embeddable":true,"href":"https:\/\/www.europesays.com\/fr\/wp-json\/wp\/v2\/media\/258326"}],"wp:attachment":[{"href":"https:\/\/www.europesays.com\/fr\/wp-json\/wp\/v2\/media?parent=258325"}],"wp:term":[{"taxonomy":"category","embeddable":true,"href":"https:\/\/www.europesays.com\/fr\/wp-json\/wp\/v2\/categories?post=258325"},{"taxonomy":"post_tag","embeddable":true,"href":"https:\/\/www.europesays.com\/fr\/wp-json\/wp\/v2\/tags?post=258325"}],"curies":[{"name":"wp","href":"https:\/\/api.w.org\/{rel}","templated":true}]}}