{"id":258343,"date":"2025-07-19T07:59:36","date_gmt":"2025-07-19T07:59:36","guid":{"rendered":"https:\/\/www.europesays.com\/fr\/258343\/"},"modified":"2025-07-19T07:59:36","modified_gmt":"2025-07-19T07:59:36","slug":"metz-strasbourg-programme-football-club-de-metz-infos-fc-metz-entrainements-fc-metz","status":"publish","type":"post","link":"https:\/\/www.europesays.com\/fr\/258343\/","title":{"rendered":"Metz &#8211; Strasbourg programm\u00e9 | Football Club de Metz &#8211; Infos FC Metz &#8211; Entra\u00eenements FC Metz"},"content":{"rendered":"<p>\t\tActualit\u00e9s\n<\/p>\n<p>Le retour de la Ligue 1 Mc Donald&rsquo;s approche, et les grands rendez-vous aussi !<br \/>\nPour c\u00e9l\u00e9brer le retour des Grenats dans l\u2019\u00e9lite du football fran\u00e7ais&#8230;<\/p>\n<p><a href=\"https:\/\/www.fcmetz.com\/2025-2026\/actualites\/equipe-pro\/les-packs-sont-de-retour\" class=\"btn-or-xs\" target=\"_blank\" rel=\"noopener\">Lire la suite<\/a>\t\t\t<\/p>\n<p>\t\tActualit\u00e9s\n<\/p>\n<p>Dans le cadre de sa pr\u00e9paration estivale, le FC Metz affrontera le TSG Hoffenheim.\u00a0Le coup d&rsquo;envoi de cette rencontre amicale sera donn\u00e9\u00a0le samedi 9\u00a0&#8230;<\/p>\n<p><a href=\"https:\/\/www.fcmetz.com\/2025-2026\/actualites\/equipe-pro\/hoffenheim-metz-les-modalites-billetterie\" class=\"btn-or-xs\" target=\"_blank\" rel=\"noopener\">Lire la suite<\/a>\t\t\t<\/p>\n","protected":false},"excerpt":{"rendered":"Actualit\u00e9s Le retour de la Ligue 1 Mc Donald&rsquo;s approche, et les grands rendez-vous aussi ! Pour c\u00e9l\u00e9brer&hellip;\n","protected":false},"author":2,"featured_media":258344,"comment_status":"","ping_status":"","sticky":false,"template":"","format":"standard","meta":{"footnotes":""},"categories":[2820],"tags":[1111,11,19298,1777,674,1011,27,775,19297,12,25,640,19299],"class_list":{"0":"post-258343","1":"post","2":"type-post","3":"status-publish","4":"format-standard","5":"has-post-thumbnail","7":"category-strasbourg","8":"tag-actu","9":"tag-actualites","10":"tag-entrainements-fc-metz","11":"tag-eu","12":"tag-europe","13":"tag-fr","14":"tag-france","15":"tag-grand-est","16":"tag-infos-fc-metz","17":"tag-news","18":"tag-republique-francaise","19":"tag-strasbourg","20":"tag-videos-fc-metz"},"share_on_mastodon":{"url":"https:\/\/pubeurope.com\/@fr\/114878844999036542","error":""},"_links":{"self":[{"href":"https:\/\/www.europesays.com\/fr\/wp-json\/wp\/v2\/posts\/258343","targetHints":{"allow":["GET"]}}],"collection":[{"href":"https:\/\/www.europesays.com\/fr\/wp-json\/wp\/v2\/posts"}],"about":[{"href":"https:\/\/www.europesays.com\/fr\/wp-json\/wp\/v2\/types\/post"}],"author":[{"embeddable":true,"href":"https:\/\/www.europesays.com\/fr\/wp-json\/wp\/v2\/users\/2"}],"replies":[{"embeddable":true,"href":"https:\/\/www.europesays.com\/fr\/wp-json\/wp\/v2\/comments?post=258343"}],"version-history":[{"count":0,"href":"https:\/\/www.europesays.com\/fr\/wp-json\/wp\/v2\/posts\/258343\/revisions"}],"wp:featuredmedia":[{"embeddable":true,"href":"https:\/\/www.europesays.com\/fr\/wp-json\/wp\/v2\/media\/258344"}],"wp:attachment":[{"href":"https:\/\/www.europesays.com\/fr\/wp-json\/wp\/v2\/media?parent=258343"}],"wp:term":[{"taxonomy":"category","embeddable":true,"href":"https:\/\/www.europesays.com\/fr\/wp-json\/wp\/v2\/categories?post=258343"},{"taxonomy":"post_tag","embeddable":true,"href":"https:\/\/www.europesays.com\/fr\/wp-json\/wp\/v2\/tags?post=258343"}],"curies":[{"name":"wp","href":"https:\/\/api.w.org\/{rel}","templated":true}]}}