{"id":258349,"date":"2025-07-19T08:02:28","date_gmt":"2025-07-19T08:02:28","guid":{"rendered":"https:\/\/www.europesays.com\/fr\/258349\/"},"modified":"2025-07-19T08:02:28","modified_gmt":"2025-07-19T08:02:28","slug":"le-manque-de-precipitations-et-la-chaleur-font-baisser-les-cours-deau-en-loire-atlantique-2","status":"publish","type":"post","link":"https:\/\/www.europesays.com\/fr\/258349\/","title":{"rendered":"Le manque de pr\u00e9cipitations et la chaleur font baisser les cours d\u2019eau en Loire-Atlantique"},"content":{"rendered":"<p>Les fortes chaleurs des derniers jours et le manque de pr\u00e9cipitations continuent de faire diminuer les d\u00e9bits des cours d\u2019eau de la Loire-Atlantique. <strong>\u00ab\u00a0Les pr\u00e9visions m\u00e9t\u00e9orologiques ne permettent toujours pas d\u2019envisager une am\u00e9lioration de la situation \u00e0 court terme\u00a0\u00bb,<\/strong> fait savoir la pr\u00e9fecture. Ces conditions <strong>\u00ab\u00a0entra\u00eenent la prise de nouvelles mesures de restrictions par le pr\u00e9fet des usages de l\u2019eau sur plusieurs zones de gestion superficielles\u00a0\u00bb.<\/strong><\/p>\n<p>\t<img decoding=\"async\" src=\"https:\/\/www.europesays.com\/fr\/wp-content\/uploads\/2025\/07\/1752912148_574_P35362849D6905308G_px_640_.jpg\" alt=\"photo la carte des nouvelles restrictions.  \u00a9  pr\u00e9fecture de loire-atlantique\" width=\"640\" title=\" La carte des nouvelles restrictions.   Pr\u00e9fecture de Loire-Atlantique \"\/><\/p>\n<p class=\"elmt-legende\"> La carte des nouvelles restrictions.   Pr\u00e9fecture de Loire-Atlantique <\/p>\n<p>Le seuil de crise a \u00e9t\u00e9 franchi sur le secteur de la Sangu\u00e8ze (\u00e0 l\u2019est du d\u00e9partement). \u00c0 ce stade, l\u2019eau ne peut \u00eatre pr\u00e9lev\u00e9e que pour les usages prioritaires (sant\u00e9, eau potable, s\u00e9curit\u00e9 civile,\u00a0etc.). Les pr\u00e9l\u00e8vements en eau sont interdits pour l\u2019agriculture (totalement ou partiellement), pour de nombreux usages domestiques (le lavage de votre v\u00e9hicule chez vous ou chez un professionnel, le remplissage ou la remise \u00e0 niveau de votre piscine priv\u00e9e,\u00a0etc.) et pour les espaces publics.<\/p>\n<p>Le seuil d\u2019alerte renforc\u00e9e a \u00e9t\u00e9 franchi sur le secteur de l\u2019Oudon, des bassins-versants des affluents Sud et Nord Loire et du Brivet. Le seuil d\u2019alerte simple a \u00e9t\u00e9 franchi pour le bassin-versant de la S\u00e8vre Nantaise. <strong>\u00ab\u00a0Ces mesures de limitation de l\u2019usage de l\u2019eau visent \u00e0 pr\u00e9server les usages prioritaires et les milieux aquatiques\u00a0\u00bb,<\/strong> soulignent les services de l\u2019\u00c9tat.<\/p>\n<p>Pas de restriction sur l\u2019eau potable<\/p>\n<p>Les restrictions s\u2019appliquent aux eaux de surface et \u00e0 leurs nappes d\u2019accompagnement (incluant les forages et retenues d\u2019eau connect\u00e9s au cours d\u2019eau ou \u00e0 sa nappe d\u2019accompagnement). Les restrictions ne s\u2019appliquent pas \u00e0 l\u2019eau potable.<\/p>\n<p>Compte tenu de la diminution des d\u00e9bits des cours d\u2019eau du d\u00e9partement, le pr\u00e9fet de la Loire-Atlantique<strong> \u00ab\u00a0invite chacun \u00e0 \u00e9viter tout gaspillage et \u00e0 ma\u00eetriser sa consommation d\u2019eau\u00a0\u00bb.<\/strong><\/p>\n<p>Situation en temps r\u00e9el sur<strong>\u00a0<\/strong> <a href=\"https:\/\/vigieau.gouv.fr\/\" target=\"_self\" rel=\"noopener\">VigiEAU<\/a>\u00a0<\/p>\n<p>\u00a0<\/p>\n","protected":false},"excerpt":{"rendered":"Les fortes chaleurs des derniers jours et le manque de pr\u00e9cipitations continuent de faire diminuer les d\u00e9bits des&hellip;\n","protected":false},"author":2,"featured_media":257420,"comment_status":"","ping_status":"","sticky":false,"template":"","format":"standard","meta":{"footnotes":""},"categories":[2818],"tags":[1111,11,5056,13208,703,4858,1777,674,7234,1011,27,3047,3027,766,12,2636,15122,25],"class_list":{"0":"post-258349","1":"post","2":"type-post","3":"status-publish","4":"format-standard","5":"has-post-thumbnail","7":"category-nantes","8":"tag-actu","9":"tag-actualites","10":"tag-baisser","11":"tag-chaleur","12":"tag-cours","13":"tag-eau","14":"tag-eu","15":"tag-europe","16":"tag-font","17":"tag-fr","18":"tag-france","19":"tag-loire-atlantique","20":"tag-manque","21":"tag-nantes","22":"tag-news","23":"tag-pays-de-la-loire","24":"tag-precipitations","25":"tag-republique-francaise"},"share_on_mastodon":{"url":"https:\/\/pubeurope.com\/@fr\/114878856870360720","error":""},"_links":{"self":[{"href":"https:\/\/www.europesays.com\/fr\/wp-json\/wp\/v2\/posts\/258349","targetHints":{"allow":["GET"]}}],"collection":[{"href":"https:\/\/www.europesays.com\/fr\/wp-json\/wp\/v2\/posts"}],"about":[{"href":"https:\/\/www.europesays.com\/fr\/wp-json\/wp\/v2\/types\/post"}],"author":[{"embeddable":true,"href":"https:\/\/www.europesays.com\/fr\/wp-json\/wp\/v2\/users\/2"}],"replies":[{"embeddable":true,"href":"https:\/\/www.europesays.com\/fr\/wp-json\/wp\/v2\/comments?post=258349"}],"version-history":[{"count":0,"href":"https:\/\/www.europesays.com\/fr\/wp-json\/wp\/v2\/posts\/258349\/revisions"}],"wp:featuredmedia":[{"embeddable":true,"href":"https:\/\/www.europesays.com\/fr\/wp-json\/wp\/v2\/media\/257420"}],"wp:attachment":[{"href":"https:\/\/www.europesays.com\/fr\/wp-json\/wp\/v2\/media?parent=258349"}],"wp:term":[{"taxonomy":"category","embeddable":true,"href":"https:\/\/www.europesays.com\/fr\/wp-json\/wp\/v2\/categories?post=258349"},{"taxonomy":"post_tag","embeddable":true,"href":"https:\/\/www.europesays.com\/fr\/wp-json\/wp\/v2\/tags?post=258349"}],"curies":[{"name":"wp","href":"https:\/\/api.w.org\/{rel}","templated":true}]}}