{"id":258350,"date":"2025-07-19T08:03:24","date_gmt":"2025-07-19T08:03:24","guid":{"rendered":"https:\/\/www.europesays.com\/fr\/258350\/"},"modified":"2025-07-19T08:03:24","modified_gmt":"2025-07-19T08:03:24","slug":"n2-a-chateaubriant-lancien-joueur-du-fc-nantes-valentin-miroux-debute-un-nouveau","status":"publish","type":"post","link":"https:\/\/www.europesays.com\/fr\/258350\/","title":{"rendered":"N2. \u00c0 Ch\u00e2teaubriant, l\u2019ancien joueur du FC Nantes Valentin Miroux d\u00e9bute \u00ab\u00a0un nouveau"},"content":{"rendered":"<tr wp_automatic_readability=\"6.8734939759036\">\n<td valign=\"middle\" align=\"center\" class=\"col-logo\" wp_automatic_readability=\"5\">\n    <img decoding=\"async\" src=\"https:\/\/maville.com\/design\/images\/logo-of-monetise.svg?version=20130627\" alt=\"logo Ouest-France\" height=\"66\"\/><\/p>\n<p>Contenu r\u00e9serv\u00e9 aux abonn\u00e9s<\/p>\n<\/td>\n<td class=\"col-titre\">\n\t\t\tSamedi 19 juillet 2025 08:30<br \/>\n\t\t\t<a class=\"icon-bulle sizeL count\" href=\"#ancreAvis\"><br \/>\n\t&#8230;<br \/>\n<\/a><\/td>\n<\/tr>\n<p>\t\t<a class=\"mavillebox2 elmt-photo\" href=\"https:\/\/maville.com\/photosmvi\/2025\/07\/19\/P35364198D6906344G.jpg\" title=\" Pour son plus grand plaisir, Valentin Miroux retrouve famille et amis en Loire-Atlantique.  \u00a9  Ouest-France  &lt;!--TAG-BLC credit--&gt;\" rel=\"galerie_actu noopener\" target=\"_blank\"><br \/>\n\t<img decoding=\"async\" src=\"https:\/\/www.europesays.com\/fr\/wp-content\/uploads\/2025\/07\/P35364198D6906344G_crop_640-330_.jpg\" alt=\"photo  pour son plus grand plaisir, valentin miroux retrouve famille et amis en loire-atlantique.  \u00a9  ouest-france \"\/><br \/>\n\t1<br \/>\n<\/a><\/p>\n<p class=\"elmt-legende\"> Pour son plus grand plaisir, Valentin Miroux retrouve famille et amis en Loire-Atlantique.  \u00a9  Ouest-France  <\/p>\n<p>\t\tL\u2019ex-Canari a bien grandi. Devenu mari et p\u00e8re de famille, Valentin Miroux aborde son retour en Loire-Atlantique avec enthousiasme. Grandi par deux saisons \u00e0 Colomiers (National 3), le d\u00e9fenseur central de 27\u00a0ans compte apporter son leadership \u00e0 l\u2019effectif castelbriantais, qui affronte Saint-Malo (National 2), samedi 19\u00a0juillet (16\u00a0h\u00a030), \u00e0 Pont-P\u00e9an.<\/p>\n<p><b>Cet article est r\u00e9serv\u00e9 aux abonn\u00e9s<\/b><\/p>\n<p>Pour un acc\u00e8s imm\u00e9diat, abonnez-vous<\/p>\n<p><b>1\u00e8re semaine offerte<\/b><\/p>\n<p>\t\t Laurent OFFERLE-GUILLOTIN. \u00a0\u00a0<br \/>\n\t\tOuest-France<\/p>\n<p>Retrouvez d&rsquo;autres actus sur la commune de :<\/p>\n<p>\t\t&#13;<\/p>\n","protected":false},"excerpt":{"rendered":"Contenu r\u00e9serv\u00e9 aux abonn\u00e9s Samedi 19 juillet 2025 08:30 &#8230; 1 Pour son plus grand plaisir, Valentin Miroux&hellip;\n","protected":false},"author":2,"featured_media":258351,"comment_status":"","ping_status":"","sticky":false,"template":"","format":"standard","meta":{"footnotes":""},"categories":[2818],"tags":[1111,11,3809,1465,1777,674,63,1011,27,1792,1922,766,12,2636,25,479,3272,517,1470],"class_list":{"0":"post-258350","1":"post","2":"type-post","3":"status-publish","4":"format-standard","5":"has-post-thumbnail","7":"category-nantes","8":"tag-actu","9":"tag-actualites","10":"tag-ball","11":"tag-basket","12":"tag-eu","13":"tag-europe","14":"tag-football","15":"tag-fr","16":"tag-france","17":"tag-handball","18":"tag-info","19":"tag-nantes","20":"tag-news","21":"tag-pays-de-la-loire","22":"tag-republique-francaise","23":"tag-rugby","24":"tag-saint-nazaire","25":"tag-sport","26":"tag-volley"},"share_on_mastodon":{"url":"https:\/\/pubeurope.com\/@fr\/114878860777766348","error":""},"_links":{"self":[{"href":"https:\/\/www.europesays.com\/fr\/wp-json\/wp\/v2\/posts\/258350","targetHints":{"allow":["GET"]}}],"collection":[{"href":"https:\/\/www.europesays.com\/fr\/wp-json\/wp\/v2\/posts"}],"about":[{"href":"https:\/\/www.europesays.com\/fr\/wp-json\/wp\/v2\/types\/post"}],"author":[{"embeddable":true,"href":"https:\/\/www.europesays.com\/fr\/wp-json\/wp\/v2\/users\/2"}],"replies":[{"embeddable":true,"href":"https:\/\/www.europesays.com\/fr\/wp-json\/wp\/v2\/comments?post=258350"}],"version-history":[{"count":0,"href":"https:\/\/www.europesays.com\/fr\/wp-json\/wp\/v2\/posts\/258350\/revisions"}],"wp:featuredmedia":[{"embeddable":true,"href":"https:\/\/www.europesays.com\/fr\/wp-json\/wp\/v2\/media\/258351"}],"wp:attachment":[{"href":"https:\/\/www.europesays.com\/fr\/wp-json\/wp\/v2\/media?parent=258350"}],"wp:term":[{"taxonomy":"category","embeddable":true,"href":"https:\/\/www.europesays.com\/fr\/wp-json\/wp\/v2\/categories?post=258350"},{"taxonomy":"post_tag","embeddable":true,"href":"https:\/\/www.europesays.com\/fr\/wp-json\/wp\/v2\/tags?post=258350"}],"curies":[{"name":"wp","href":"https:\/\/api.w.org\/{rel}","templated":true}]}}