{"id":258364,"date":"2025-07-19T08:11:10","date_gmt":"2025-07-19T08:11:10","guid":{"rendered":"https:\/\/www.europesays.com\/fr\/258364\/"},"modified":"2025-07-19T08:11:10","modified_gmt":"2025-07-19T08:11:10","slug":"aubameyang-refuse-larabie-saoudite-pour-revenir-a-marseille","status":"publish","type":"post","link":"https:\/\/www.europesays.com\/fr\/258364\/","title":{"rendered":"Aubameyang refuse l&rsquo;Arabie saoudite pour revenir \u00e0 Marseille"},"content":{"rendered":"<p>Libre de s&rsquo;engager o\u00f9 il le d\u00e9sire depuis jeudi et la r\u00e9siliation du contrat le liant \u00e0 Al-Qadsiah, club saoudien qu&rsquo;il avait rejoint l&rsquo;\u00e9t\u00e9 dernier apr\u00e8s une saison \u00e9poustouflante en ciel et blanc (30 buts, 11 passes d\u00e9cisives), la Panth\u00e8re a d\u00e9clin\u00e9 cette nuit une offre tr\u00e8s all\u00e9chante d&rsquo;Al-Ettifaq, principal concurrent \u00e0 l&rsquo;OM dans ce dossier.<\/p>\n<p>Un contrat de deux ans<\/p>\n<p>\u00ab\u00a0Auba\u00a0\u00bb (36 ans) a, en effet, pr\u00e9f\u00e9r\u00e9 la proposition marseillaise, m\u00eame s&rsquo;il reste encore quelques petits d\u00e9tails \u00e0 r\u00e9gler avant d&rsquo;officialiser la nouvelle. Au pied de la Bonne M\u00e8re, o\u00f9 un contrat de deux ans l&rsquo;attend, l&rsquo;ancien goleador de Dortmund, d&rsquo;Arsenal et du Bar\u00e7a renouera avec la Ligue des champions (contrairement \u00e0 sa premi\u00e8re pige en Provence), une \u00e9quipe enfin comp\u00e9titive et <a href=\"https:\/\/www.laprovence.com\/article\/om\/98788161758431\/aubameyang-annonce-son-depart-de-lom\" target=\"_blank\" rel=\"nofollow noopener\">Roberto De Zerbi, qui d\u00e9sirait ardemment le conserver l&rsquo;an pass\u00e9.<\/a><\/p>\n","protected":false},"excerpt":{"rendered":"Libre de s&rsquo;engager o\u00f9 il le d\u00e9sire depuis jeudi et la r\u00e9siliation du contrat le liant \u00e0 Al-Qadsiah,&hellip;\n","protected":false},"author":2,"featured_media":258365,"comment_status":"","ping_status":"","sticky":false,"template":"","format":"standard","meta":{"footnotes":""},"categories":[2814],"tags":[17,1111,11,39855,1777,674,1011,27,39856,884,1434,12,149,471,882,21069,25,39857],"class_list":{"0":"post-258364","1":"post","2":"type-post","3":"status-publish","4":"format-standard","5":"has-post-thumbnail","7":"category-marseille","8":"tag-17","9":"tag-actu","10":"tag-actualites","11":"tag-aubameyang","12":"tag-eu","13":"tag-europe","14":"tag-fr","15":"tag-france","16":"tag-larabie","17":"tag-marseille","18":"tag-mercato","19":"tag-news","20":"tag-om","21":"tag-pour","22":"tag-provence-alpes-cote-dazur","23":"tag-refuse","24":"tag-republique-francaise","25":"tag-saoudite"},"share_on_mastodon":{"url":"https:\/\/pubeurope.com\/@fr\/114878892258349909","error":""},"_links":{"self":[{"href":"https:\/\/www.europesays.com\/fr\/wp-json\/wp\/v2\/posts\/258364","targetHints":{"allow":["GET"]}}],"collection":[{"href":"https:\/\/www.europesays.com\/fr\/wp-json\/wp\/v2\/posts"}],"about":[{"href":"https:\/\/www.europesays.com\/fr\/wp-json\/wp\/v2\/types\/post"}],"author":[{"embeddable":true,"href":"https:\/\/www.europesays.com\/fr\/wp-json\/wp\/v2\/users\/2"}],"replies":[{"embeddable":true,"href":"https:\/\/www.europesays.com\/fr\/wp-json\/wp\/v2\/comments?post=258364"}],"version-history":[{"count":0,"href":"https:\/\/www.europesays.com\/fr\/wp-json\/wp\/v2\/posts\/258364\/revisions"}],"wp:featuredmedia":[{"embeddable":true,"href":"https:\/\/www.europesays.com\/fr\/wp-json\/wp\/v2\/media\/258365"}],"wp:attachment":[{"href":"https:\/\/www.europesays.com\/fr\/wp-json\/wp\/v2\/media?parent=258364"}],"wp:term":[{"taxonomy":"category","embeddable":true,"href":"https:\/\/www.europesays.com\/fr\/wp-json\/wp\/v2\/categories?post=258364"},{"taxonomy":"post_tag","embeddable":true,"href":"https:\/\/www.europesays.com\/fr\/wp-json\/wp\/v2\/tags?post=258364"}],"curies":[{"name":"wp","href":"https:\/\/api.w.org\/{rel}","templated":true}]}}