{"id":258369,"date":"2025-07-19T08:14:08","date_gmt":"2025-07-19T08:14:08","guid":{"rendered":"https:\/\/www.europesays.com\/fr\/258369\/"},"modified":"2025-07-19T08:14:08","modified_gmt":"2025-07-19T08:14:08","slug":"ciel-capricieux-baisse-des-temperatures-une-semaine-instable-a-venir-a-paris-et-en-ile-de-france","status":"publish","type":"post","link":"https:\/\/www.europesays.com\/fr\/258369\/","title":{"rendered":"Ciel capricieux, baisse des temp\u00e9ratures&#8230; Une semaine instable \u00e0 venir \u00e0 Paris et en \u00cele-de-France"},"content":{"rendered":"<p>            Par<br \/>\n        <strong><br \/>\n            <a href=\"https:\/\/actu.fr\/auteur\/redaction-paris\" title=\"Consulter tous les articles de R\u00e9daction Paris\" target=\"_blank\" rel=\"noopener\">R\u00e9daction Paris<\/a><br \/>\n        <\/strong><\/p>\n<p>        Publi\u00e9 le<\/p>\n<p>            19 juil. 2025 \u00e0 9h59        <\/p>\n<p>La touffeur laisse place \u00e0 une <strong>douceur<\/strong> salvatrice, mais potentiellement <strong>orageuse<\/strong>. Voil\u00e0 pourquoi <a href=\"https:\/\/actu.fr\/tag\/meteo-france\" target=\"_blank\" rel=\"noopener\">M\u00e9t\u00e9o-France<\/a> a d\u00e9cid\u00e9 de placer <a href=\"https:\/\/actu.fr\/paris\/\" target=\"_blank\" rel=\"noopener\">Paris<\/a> et <a href=\"https:\/\/actu.fr\/ile-de-france\/\" target=\"_blank\" rel=\"noopener\">l\u2019\u00cele-de-France<\/a> en vigilance jaune ce samedi 19\u00a0juillet 2025. L\u2019institut m\u00e9t\u00e9orologique anticipe l\u2019arriv\u00e9e d\u2019une perturbation orageuse. Corollaire de cette activit\u00e9 \u00e9lectrique mod\u00e9r\u00e9e \u00e0 venir, des <strong>rafales de vent<\/strong> jusqu\u2019\u00e0 45\u00a0km\/h et des averses.<\/p>\n<p>Un mercure qui d\u00e9passe \u00e0 peine les 20 degr\u00e9s<\/p>\n<p class=\" wall-content\">Cette d\u00e9gradation, qui fait suite \u00e0 une journ\u00e9e moite durant laquelle le mercure a d\u00e9pass\u00e9 les 30 degr\u00e9s, marque le d\u00e9but d\u2019une p\u00e9riode instable dans le ciel et dans l\u2019air. Ce dimanche 20\u00a0juillet, les Franciliens subiront un front faiblement <a href=\"https:\/\/actu.fr\/tag\/pluie\" target=\"_blank\" rel=\"noopener\">pluvieux<\/a>, accompagn\u00e9 de <strong>bourrasques<\/strong>, avec des temp\u00e9ratures bloqu\u00e9es \u00e0 <strong>22\u00b0C<\/strong>. L\u2019apr\u00e8s-midi, les gouttes d\u2019eau cesseront.<\/p>\n<p class=\" wall-content\">\n<p class=\" wall-content\">Le d\u00e9but de semaine <strong>ne sera pas marqu\u00e9 du sceau de l\u2019am\u00e9lioration<\/strong>. Des orages sont m\u00eames pr\u00e9vus ce lundi, avec un vent davantage prononc\u00e9 pouvant souffler jusqu\u2019\u00e0 60\u00a0km\/h. Le thermom\u00e8tre affichera 22\u00b0C au maximum. Mardi, la pluie devrait cesser, mais la hausse des temp\u00e9ratures sera relative. <strong>24\u00b0C<\/strong> sont attendus mercredi et jeudi, sous un ciel largement <strong>gris<\/strong>. Le temps week-end du 26 et 27\u00a0juillet reste encore <strong>incertain<\/strong>, selon les pr\u00e9visions de M\u00e9t\u00e9o-France.<\/p>\n<p class=\" wall-content\">Alors que le mois en cours s\u2019ach\u00e8ve, les temp\u00e9ratures moyennes restent inf\u00e9rieures \u00e0 juin\u00a02025. Ce dernier est le <strong>deuxi\u00e8me le plus chaud<\/strong> depuis le d\u00e9but des relev\u00e9s m\u00e9t\u00e9orologiques en 1900. Seule la <a href=\"https:\/\/actu.fr\/ile-de-france\/paris_75056\/canicule-a-paris-jusqu-a-33-c-au-sommet-de-la-tour-eiffel-le-monument-ferme-aux-visiteurs_62849057.html\" target=\"_blank\" rel=\"noopener\">canicule<\/a> de 2003 exc\u00e8de ce bilan.<\/p>\n<p class=\" wall-content\">Suivez toute l\u2019actualit\u00e9 de vos villes et m\u00e9dias favoris en vous inscrivant \u00e0 <a href=\"https:\/\/moncompte.actu.fr\" title=\"D\u00e9couvez Mon Actu\" rel=\"nofollow noopener\" data-trk=\"{&quot;cta&quot;:{&quot;action&quot;:&quot;https:\\\/\\\/moncompte.actu.fr&quot;,&quot;category&quot;:&quot;mon compte&quot;,&quot;from&quot;:&quot;article footer&quot;,&quot;name&quot;:&quot;Mon actu&quot;,&quot;type&quot;:&quot;cta&quot;}}\" target=\"_blank\">Mon Actu<\/a>.<\/p>\n","protected":false},"excerpt":{"rendered":"Par R\u00e9daction Paris Publi\u00e9 le 19 juil. 2025 \u00e0 9h59 La touffeur laisse place \u00e0 une douceur salvatrice,&hellip;\n","protected":false},"author":2,"featured_media":258370,"comment_status":"","ping_status":"","sticky":false,"template":"","format":"standard","meta":{"footnotes":""},"categories":[1592],"tags":[1111,11,1777,674,1011,27,662,2357,12,4594,626,4459,25,104],"class_list":{"0":"post-258369","1":"post","2":"type-post","3":"status-publish","4":"format-standard","5":"has-post-thumbnail","7":"category-ile-de-france","8":"tag-actu","9":"tag-actualites","10":"tag-eu","11":"tag-europe","12":"tag-fr","13":"tag-france","14":"tag-ile-de-france","15":"tag-meteo-france","16":"tag-news","17":"tag-orages","18":"tag-paris","19":"tag-pluie","20":"tag-republique-francaise","21":"tag-societe"},"share_on_mastodon":{"url":"https:\/\/pubeurope.com\/@fr\/114878903907824964","error":""},"_links":{"self":[{"href":"https:\/\/www.europesays.com\/fr\/wp-json\/wp\/v2\/posts\/258369","targetHints":{"allow":["GET"]}}],"collection":[{"href":"https:\/\/www.europesays.com\/fr\/wp-json\/wp\/v2\/posts"}],"about":[{"href":"https:\/\/www.europesays.com\/fr\/wp-json\/wp\/v2\/types\/post"}],"author":[{"embeddable":true,"href":"https:\/\/www.europesays.com\/fr\/wp-json\/wp\/v2\/users\/2"}],"replies":[{"embeddable":true,"href":"https:\/\/www.europesays.com\/fr\/wp-json\/wp\/v2\/comments?post=258369"}],"version-history":[{"count":0,"href":"https:\/\/www.europesays.com\/fr\/wp-json\/wp\/v2\/posts\/258369\/revisions"}],"wp:featuredmedia":[{"embeddable":true,"href":"https:\/\/www.europesays.com\/fr\/wp-json\/wp\/v2\/media\/258370"}],"wp:attachment":[{"href":"https:\/\/www.europesays.com\/fr\/wp-json\/wp\/v2\/media?parent=258369"}],"wp:term":[{"taxonomy":"category","embeddable":true,"href":"https:\/\/www.europesays.com\/fr\/wp-json\/wp\/v2\/categories?post=258369"},{"taxonomy":"post_tag","embeddable":true,"href":"https:\/\/www.europesays.com\/fr\/wp-json\/wp\/v2\/tags?post=258369"}],"curies":[{"name":"wp","href":"https:\/\/api.w.org\/{rel}","templated":true}]}}