{"id":258379,"date":"2025-07-19T08:21:10","date_gmt":"2025-07-19T08:21:10","guid":{"rendered":"https:\/\/www.europesays.com\/fr\/258379\/"},"modified":"2025-07-19T08:21:10","modified_gmt":"2025-07-19T08:21:10","slug":"union-europeenne-renforcement-des-sanctions-contre-la-russie-linfo-re","status":"publish","type":"post","link":"https:\/\/www.europesays.com\/fr\/258379\/","title":{"rendered":"Union europ\u00e9enne : renforcement des sanctions contre la Russie &#8211; LINFO.re"},"content":{"rendered":"<p>Vendredi 18 juillet, l\u2019Union europ\u00e9enne a adopt\u00e9 un nouveau paquet de sanctions \u00e0 l\u2019encontre de la Russie. L\u2019objectif est d\u2019affaiblir l\u2019\u00e9conomie russe en ciblant notamment le secteur p\u00e9trolier et financier.<\/p>\n<p>\t\t\t\t\t\t<strong>L\u2019UE maintient la pression sur Moscou<\/strong><\/p>\n<p>L\u2019<a href=\"https:\/\/www.linfo.re\/tags\/union-europeene\" target=\"_blank\" rel=\"nofollow noopener\"><strong>Union europ\u00e9enne<\/strong><\/a> a franchi vendredi un nouveau cap dans sa r\u00e9ponse \u00e0 l\u2019<a href=\"https:\/\/www.linfo.re\/tags\/russie-ukraine-conflit\" target=\"_blank\" rel=\"nofollow noopener\"><strong>invasion de l\u2019Ukraine<\/strong><\/a>. Les 27 durcissent encore le ton face \u00e0 <strong>Moscou<\/strong> en adoptant un 18e paquet de sanctions. Cette fois, c\u2019est le p\u00e9trole russe qui est dans le viseur. C\u2019est un levier strat\u00e9gique, car les revenus \u00e9nerg\u00e9tiques restent un pilier de l\u2019\u00e9conomie du Kremlin.<\/p>\n<p>Malgr\u00e9 des d\u00e9bats tendus, notamment avec la Slovaquie, qui a longuement bloqu\u00e9 l\u2019accord, le texte a fini par \u00eatre adopt\u00e9. Un compromis difficile, qui traduit l\u2019usure des discussions entre pays membres, mais aussi une volont\u00e9 politique forte de maintenir la pression sur Vladimir Poutine. Pour Josep Borrell, chef de la diplomatie europ\u00e9enne, il s\u2019agit l\u00e0 des mesures \u00ab\u00a0les plus dures\u00a0\u00bb prises depuis le d\u00e9but du conflit en 2022.<\/p>\n<p>L\u2019UE veut non seulement freiner l\u2019effort de guerre russe, mais aussi ass\u00e9cher ses principales sources de financement. Dans les faits, les sanctions ciblent davantage les exportations russes de p\u00e9trole, d\u00e9j\u00e0 encadr\u00e9es depuis plusieurs mois. En r\u00e9duisant les possibilit\u00e9s de contournement et en abaissant certains plafonds, Bruxelles tente de limiter l\u2019impact \u00e9nerg\u00e9tique de la <a href=\"https:\/\/www.linfo.re\/tags\/russie\" target=\"_blank\" rel=\"nofollow noopener\"><strong>Russie<\/strong><\/a> sur les march\u00e9s internationaux.<\/p>\n<p><strong>Bruxelles frappe fort, Washington reste en retrait<\/strong><\/p>\n<p>Mais alors que l\u2019<strong>Union europ\u00e9enne<\/strong> avance en imposant un nouveau plafond sur le prix du p\u00e9trole russe, Washington reste pour l\u2019instant en retrait. La Maison-Blanche n\u2019a pas encore donn\u00e9 son feu vert pour appuyer cette mesure, et le\u00a0silence laisse planer une incertitude sur le front international.<\/p>\n<p>Le ministre fran\u00e7ais des Affaires \u00e9trang\u00e8res, Jean-No\u00ebl Barrot, a pourtant soulign\u00e9 l\u2019importance du r\u00f4le am\u00e9ricain dans cette phase cruciale. Il estime que l\u2019engagement des \u00c9tats-Unis est indispensable pour faire pression sur Vladimir Poutine et pousser \u00e0 un cessez-le-feu.<\/p>\n<p>Par ailleurs, les Europ\u00e9ens renforcent la pression en excluant 22 banques russes des syst\u00e8mes de paiement internationaux, ciblant ainsi le c\u0153ur financier du Kremlin. Cette double strat\u00e9gie d\u00e9montre la volont\u00e9 de Bruxelles d\u2019affaiblir Moscou sur plusieurs fronts, m\u00eame sans le soutien imm\u00e9diat de Washington.<\/p>\n<p>Sources\u00a0: Europe1, Ouest France\u00a0<\/p>\n<p>&gt; Toute l\u2019<a href=\"https:\/\/www.linfo.re\/monde\/\" target=\"_blank\" rel=\"nofollow noopener\"><strong>actualit\u00e9 dans le monde<\/strong><\/a> \u00e0 suivre sur Linfo.re\u00a0<\/p>\n","protected":false},"excerpt":{"rendered":"Vendredi 18 juillet, l\u2019Union europ\u00e9enne a adopt\u00e9 un nouveau paquet de sanctions \u00e0 l\u2019encontre de la Russie. L\u2019objectif&hellip;\n","protected":false},"author":2,"featured_media":258380,"comment_status":"","ping_status":"","sticky":false,"template":"","format":"standard","meta":{"footnotes":""},"categories":[1591],"tags":[47,11,674,1887,1922,74,12,1885,1886,132,364],"class_list":{"0":"post-258379","1":"post","2":"type-post","3":"status-publish","4":"format-standard","5":"has-post-thumbnail","7":"category-russie","8":"tag-actualite","9":"tag-actualites","10":"tag-europe","11":"tag-federation-de-russie","12":"tag-info","13":"tag-monde","14":"tag-news","15":"tag-russia","16":"tag-russian-federation","17":"tag-russie","18":"tag-union-europeenne"},"share_on_mastodon":{"url":"https:\/\/pubeurope.com\/@fr\/114878931557861900","error":""},"_links":{"self":[{"href":"https:\/\/www.europesays.com\/fr\/wp-json\/wp\/v2\/posts\/258379","targetHints":{"allow":["GET"]}}],"collection":[{"href":"https:\/\/www.europesays.com\/fr\/wp-json\/wp\/v2\/posts"}],"about":[{"href":"https:\/\/www.europesays.com\/fr\/wp-json\/wp\/v2\/types\/post"}],"author":[{"embeddable":true,"href":"https:\/\/www.europesays.com\/fr\/wp-json\/wp\/v2\/users\/2"}],"replies":[{"embeddable":true,"href":"https:\/\/www.europesays.com\/fr\/wp-json\/wp\/v2\/comments?post=258379"}],"version-history":[{"count":0,"href":"https:\/\/www.europesays.com\/fr\/wp-json\/wp\/v2\/posts\/258379\/revisions"}],"wp:featuredmedia":[{"embeddable":true,"href":"https:\/\/www.europesays.com\/fr\/wp-json\/wp\/v2\/media\/258380"}],"wp:attachment":[{"href":"https:\/\/www.europesays.com\/fr\/wp-json\/wp\/v2\/media?parent=258379"}],"wp:term":[{"taxonomy":"category","embeddable":true,"href":"https:\/\/www.europesays.com\/fr\/wp-json\/wp\/v2\/categories?post=258379"},{"taxonomy":"post_tag","embeddable":true,"href":"https:\/\/www.europesays.com\/fr\/wp-json\/wp\/v2\/tags?post=258379"}],"curies":[{"name":"wp","href":"https:\/\/api.w.org\/{rel}","templated":true}]}}