{"id":258381,"date":"2025-07-19T08:22:23","date_gmt":"2025-07-19T08:22:23","guid":{"rendered":"https:\/\/www.europesays.com\/fr\/258381\/"},"modified":"2025-07-19T08:22:23","modified_gmt":"2025-07-19T08:22:23","slug":"en-direct-guerre-en-ukraine-300-drones-et-30-missiles-tires-par-la-russie-cette-nuit","status":"publish","type":"post","link":"https:\/\/www.europesays.com\/fr\/258381\/","title":{"rendered":"EN DIRECT &#8211; Guerre en Ukraine : 300 drones et 30 missiles tir\u00e9s par la Russie cette nuit"},"content":{"rendered":"<ul class=\"jsx-862013697 ArticleChapo__List\">\n<li class=\"jsx-862013697 ArticleChapo__List_Item flex\">Ce samedi matin, Volodymyr Zelensky annonce que la Russie a tir\u00e9 la nuit derni\u00e8re 300 drones et 30 missiles en direction de l&rsquo;Ukraine.<\/li>\n<li class=\"jsx-862013697 ArticleChapo__List_Item flex\">Ces derni\u00e8res semaines, la Russie attaque quasi quotidiennement l&rsquo;Ukraine en pleine nuit.<\/li>\n<li class=\"jsx-862013697 ArticleChapo__List_Item flex\">Suivez les derni\u00e8res informations sur le conflit.<\/li>\n<\/ul>\n<p>Minute par minuteLES OP\u00c9RATIONS DE SECOURS TOUJOURS EN COURS10:16<\/p>\n<p>Cette nuit, la Russie a lanc\u00e9 une nouvelle attaque de missiles et de drones contre l&rsquo;Ukraine. \u00ab\u00a0L&rsquo;\u00e9limination des cibles est toujours en cours ; des drones restent en vol\u00a0\u00bb, a pr\u00e9cis\u00e9 Volodymyr Zelensky sur X.\u00a0<\/p>\n<p>\u00ab\u00a0Tous les services comp\u00e9tents sont d\u00e9sormais sur place, partout o\u00f9 cela est n\u00e9cessaire, pour restaurer les zones touch\u00e9es et porter assistance aux populations apr\u00e8s l&rsquo;attaque\u00a0\u00bb, a-t-il ajout\u00e9.<\/p>\n<p>Six personnes ont \u00e9t\u00e9 bless\u00e9es, dont un enfant, suite \u00e0 une frappe sur un immeuble, \u00e0 Odessa. Une personne a \u00e9t\u00e9 tu\u00e9e. \u00c0 Soumy, ville du nord-est du pays, plusieurs milliers de personnes ont \u00e9t\u00e9 priv\u00e9s d&rsquo;\u00e9lectricit\u00e9.\u00a0<\/p>\n<p>PLUS DE 300 DRONES ET 30 MISSILES LANC\u00c9S EN UKRAINE 10:08<\/p>\n<p>\u00ab\u00a0Hier soir, nos combattants de diff\u00e9rentes unit\u00e9s ont repouss\u00e9 une nouvelle attaque russe\u00a0\u00bb, a d\u00e9clar\u00e9 le Pr\u00e9sident ukrainien <a href=\"https:\/\/x.com\/ZelenskyyUa\/status\/1946461822078591261\" target=\"_blank\">sur X (nouvelle fen\u00eatre)<\/a>, samedi 19 juillet. Selon lui, plus de 300 drones et 30 missiles de diff\u00e9rents types ont \u00e9t\u00e9 lanc\u00e9s sur le territoire.\u00a0<\/p>\n<p>Les r\u00e9gions de Donetsk, Kirovohrad, Dnipro, Soumy, Kherson, Volhynie, Zaporijia, Mykola\u00efv, Odessa et Jytomyr ont \u00e9t\u00e9 touch\u00e9es.\u00a0<\/p>\n<p>Les frappes ont fait un mort et six bless\u00e9s, selon Volodymyr Zelensky qui adresse ses condol\u00e9ances aux familles.\u00a0<\/p>\n<p>87 DRONES INTERCEPT\u00c9S PAR LA RUSSIE07:00<\/p>\n<p>Le minist\u00e8re de la D\u00e9fense russe a annonc\u00e9 sur Telegram de \u00ab\u00a0la destruction et l&rsquo;interception vendredi soir de 87 drones ukrainiens\u00a0\u00bb dont \u00ab\u00a048 dans la r\u00e9gion de Briansk\u00a0\u00bb, frontali\u00e8re de l&rsquo;Ukraine, et \u00ab\u00a0cinq dans la r\u00e9gion de Moscou, dont deux se dirigeant sur Moscou\u00a0\u00bb.<\/p>\n<p>ODESSA BOMBARD\u00c9E06:59<\/p>\n<p>La ville d&rsquo;Odessa, situ\u00e9e dans le sud de l&rsquo;Ukraine, a \u00e9t\u00e9 la cible cette nuit d&rsquo;une attaque massive de drones dans laquelle une personne a \u00e9t\u00e9 tu\u00e9e, selon son maire Gennadiy Trukhanov.<\/p>\n<p>\u00ab\u00a0Odessa a \u00e9t\u00e9 attaqu\u00e9e par les drones de l&rsquo;ennemi, plus de 20 appareils se sont approch\u00e9s de la ville, venant de diff\u00e9rentes directions\u00a0\u00bb, a indiqu\u00e9 le maire. \u00ab\u00a0Des infrastructures civiles ont \u00e9t\u00e9 endommag\u00e9es \u00e0 la suite de cette attaque. Un immeuble r\u00e9sidentiel est en feu, des sauveteurs sont en train de secourir des gens pi\u00e9g\u00e9s par l&rsquo;incendie\u00a0\u00bb, a-t-il ajout\u00e9. \u00ab\u00a0Pour l&rsquo;heure, nous avons la confirmation de la mort d&rsquo;une personne\u00a0\u00bb, a-t-il pr\u00e9cis\u00e9.\u00a0<\/p>\n<p data-module=\"article-paragraph\" class=\"jsx-3046738180 Paragraph Paragraph__End\">Le Kremlin a affirm\u00e9 vendredi qu&rsquo;il ferait en sorte de \u00ab\u00a0minimiser\u00a0\u00bb les cons\u00e9quences des <a href=\"https:\/\/www.tf1info.fr\/international\/guerre-ukraine-russie-union-europeenne-l-ue-adopte-un-18-paquet-de-sanctions-contre-la-russie-la-france-se-felicite-d-une-decision-sans-precedent-2383629.html\" target=\"_blank\" rel=\"noopener\">sanctions europ\u00e9ennes tout juste annonc\u00e9es<\/a>, promettant que celles-ci auraient des \u00ab\u00a0effets n\u00e9gatifs\u00a0\u00bb pour les pays qui les ont impos\u00e9es.<\/p>\n<p data-module=\"article-paragraph\" class=\"jsx-3046738180 Paragraph\">\u00ab\u00a0Il faudra bien s\u00fbr analyser le nouveau paquet (de sanctions, NDLR) afin d&rsquo;en minimiser les cons\u00e9quences\u00a0\u00bb, a r\u00e9agi le porte-parole du Kremlin, Dmitri Peskov, lors de son briefing quotidien auquel participait l&rsquo;AFP. \u00ab\u00a0Mais, en plus de cela, chaque nouveau paquet ajoute un effet n\u00e9gatif pour les pays qui s&rsquo;y joignent\u00a0\u00bb, a-t-il ajout\u00e9, jugeant qu&rsquo;il s&rsquo;agissait d&rsquo;une \u00ab\u00a0arme \u00e0 double tranchant\u00a0\u00bb.<\/p>\n<p data-module=\"article-paragraph\" class=\"jsx-3046738180 Paragraph Paragraph__End\">\u00ab\u00a0Nous avons d\u00e9clar\u00e9 \u00e0 plusieurs reprises que nous consid\u00e9rons ces restrictions unilat\u00e9rales comme ill\u00e9gales et que nous nous y opposons\u00a0\u00bb, a dit Dmitri Peskov. La Russie a cependant \u00ab\u00a0d\u00e9j\u00e0 acquis une certaine immunit\u00e9\u00a0\u00bb, a-t-il assur\u00e9. \u00ab\u00a0Nous nous sommes adapt\u00e9s \u00e0 la vie sous sanctions.\u00a0\u00bb<\/p>\n<p><a href=\"https:\/\/www.tf1info.fr\/international\/guerre-ukraine-russie-kiev-et-washington-envisagent-un-mega-deal-sur-les-drones-ukrainiens-affirme-volodymyr-zelensky-2383535.html\" rel=\"noopener\" class=\"jsx-3308031228 Link flex\" target=\"_blank\"><img decoding=\"async\" src=\"https:\/\/www.europesays.com\/fr\/wp-content\/uploads\/2025\/07\/zelensky-trump-collage-d8378b-0@1x.jpeg\" alt=\"ANDREW CABALLERO-REYNOLDS, Sergei GAPON \/ AFP\" loading=\"lazy\" importance=\"low\" fetchpriority=\"low\" class=\"\" aria-hidden=\"true\"\/><\/p>\n<p class=\"jsx-3657663356 ReadMoreArticle__Title\">Lire aussi<\/p>\n<p class=\"jsx-3657663356\">Kiev et Washington envisagent un \u00ab\u00a0m\u00e9ga deal\u00a0\u00bb sur les drones ukrainiens, affirme Zelensky<\/p>\n<p><\/a><\/p>\n<p data-module=\"article-paragraph\" class=\"jsx-3046738180 Paragraph Paragraph__End\">L&rsquo;UE a renforc\u00e9 vendredi ses sanctions contre Moscou, en ciblant la manne p\u00e9troli\u00e8re russe, avec l&rsquo;espoir d&rsquo;\u00eatre bient\u00f4t rejointe par les Etats-Unis, si Vladimir Poutine devait persister dans son offensive contre l&rsquo;Ukraine, lanc\u00e9e en 2022.<\/p>\n<p>La r\u00e9daction de TF1info<\/p>\n","protected":false},"excerpt":{"rendered":"Ce samedi matin, Volodymyr Zelensky annonce que la Russie a tir\u00e9 la nuit derni\u00e8re 300 drones et 30&hellip;\n","protected":false},"author":2,"featured_media":258382,"comment_status":"","ping_status":"","sticky":false,"template":"","format":"standard","meta":{"footnotes":""},"categories":[1590],"tags":[1111,11,1921,75,1777,674,28083,1922,12,136,132,220,1917,364,133,1920,135,134],"class_list":{"0":"post-258381","1":"post","2":"type-post","3":"status-publish","4":"format-standard","5":"has-post-thumbnail","7":"category-ukraine","8":"tag-actu","9":"tag-actualites","10":"tag-article-video","11":"tag-donald-trump","12":"tag-eu","13":"tag-europe","14":"tag-guerre-en-ukraine-une-treve-sera-t-elle-possible","15":"tag-info","16":"tag-news","17":"tag-otan","18":"tag-russie","19":"tag-ukraine","20":"tag-ukraine-4-annee-de-guerre","21":"tag-union-europeenne","22":"tag-video","23":"tag-video-international","24":"tag-vladimir-poutine","25":"tag-volodymyr-zelensky"},"share_on_mastodon":{"url":"https:\/\/pubeurope.com\/@fr\/114878935817664507","error":""},"_links":{"self":[{"href":"https:\/\/www.europesays.com\/fr\/wp-json\/wp\/v2\/posts\/258381","targetHints":{"allow":["GET"]}}],"collection":[{"href":"https:\/\/www.europesays.com\/fr\/wp-json\/wp\/v2\/posts"}],"about":[{"href":"https:\/\/www.europesays.com\/fr\/wp-json\/wp\/v2\/types\/post"}],"author":[{"embeddable":true,"href":"https:\/\/www.europesays.com\/fr\/wp-json\/wp\/v2\/users\/2"}],"replies":[{"embeddable":true,"href":"https:\/\/www.europesays.com\/fr\/wp-json\/wp\/v2\/comments?post=258381"}],"version-history":[{"count":0,"href":"https:\/\/www.europesays.com\/fr\/wp-json\/wp\/v2\/posts\/258381\/revisions"}],"wp:featuredmedia":[{"embeddable":true,"href":"https:\/\/www.europesays.com\/fr\/wp-json\/wp\/v2\/media\/258382"}],"wp:attachment":[{"href":"https:\/\/www.europesays.com\/fr\/wp-json\/wp\/v2\/media?parent=258381"}],"wp:term":[{"taxonomy":"category","embeddable":true,"href":"https:\/\/www.europesays.com\/fr\/wp-json\/wp\/v2\/categories?post=258381"},{"taxonomy":"post_tag","embeddable":true,"href":"https:\/\/www.europesays.com\/fr\/wp-json\/wp\/v2\/tags?post=258381"}],"curies":[{"name":"wp","href":"https:\/\/api.w.org\/{rel}","templated":true}]}}