{"id":258386,"date":"2025-07-19T08:25:15","date_gmt":"2025-07-19T08:25:15","guid":{"rendered":"https:\/\/www.europesays.com\/fr\/258386\/"},"modified":"2025-07-19T08:25:15","modified_gmt":"2025-07-19T08:25:15","slug":"allemagne-un-petit-gout-de-revanche-face-a-leur-bete-noire-les-bleues-veulent-rallier-les-demies","status":"publish","type":"post","link":"https:\/\/www.europesays.com\/fr\/258386\/","title":{"rendered":"Allemagne\u00a0: \u00ab\u00a0Un petit go\u00fbt de revanche\u00a0\u00bb&#8230; face \u00e0 leur b\u00eate noire, les Bleues veulent rallier les demies"},"content":{"rendered":"<p class=\"app_entry_lead\">\n                                    <a title=\"\u00a0\u00a9\u00a0ter Bals\/MTB-Photo\/\/SIPA (publi\u00e9e le 19\/07\/2025)\" href=\"https:\/\/www.europesays.com\/fr\/wp-content\/uploads\/2025\/07\/77896317.jpg\" class=\"fancy\"><\/p>\n<p>                            <img loading=\"lazy\" decoding=\"async\" src=\"https:\/\/www.europesays.com\/fr\/wp-content\/uploads\/2025\/07\/77896317.jpg\" alt=\"France - Allemagne\u00a0: &quot;Un petit go\u00fbt de revanche&quot;... face \u00e0 leur b\u00eate noire, les Bleues veulent rallier les demies\" width=\"1500\" height=\"1000\"\/><\/p>\n<p>                    <\/a><br \/>\n                    Ce samedi soir, l&rsquo;\u00e9quipe de France affronte l&rsquo;Allemagne en quarts de finale de l&rsquo;Euro f\u00e9minin 2025. Un nouveau choc pour les Bleues face \u00e0 leur b\u00eate noire en comp\u00e9titions officielles.\n            <\/p>\n<p>Qui de la France ou de l&rsquo;Allemagne rejoindra l&rsquo;Espagne en demi-finales de l&rsquo;<a href=\"https:\/\/www.linternaute.com\/sport\/competitions\/8273203-euro-feminin-2025-le-calendrier-et-tous-les-resultats-de-la-phase-de-poules\/\" title=\"Euro f\u00e9minin 2025\" rel=\"nofollow noopener\" target=\"_blank\">Euro f\u00e9minin 2025<\/a>\u00a0?\u00a0Ce samedi soir, les Bleues affrontent la DFB-Brauen \u00e0 B\u00e2le en quarts de finale.\u00a0Une affiche all\u00e9chante entre deux nations majeures du football europ\u00e9en.\u00a0Apr\u00e8s \u00eatre sorties premi\u00e8res du \u00ab\u00a0groupe de la mort\u00a0\u00bb, les joueuses de Laurent Bonadei continuent leur s\u00e9rie de onze victoires de rang.\u00a0Mais face aux Allemandes, les Bleues retrouvent leur b\u00eate noire.\u00a0En effet,\u00a0l&rsquo;Allemagne est le pays que la France a le plus affront\u00e9 en comp\u00e9tition majeure (Euro + Coupe du monde +\u00a0Jeux olympiques) dans son histoire tout en ne s&rsquo;imposant jamais (4\u00a0revers, 1\u00a0nul).\u00a0N\u00e9anmoins, cette s\u00e9rie n\u00e9gative s&rsquo;est stopp\u00e9e en f\u00e9vrier 2024\u00a0avec une victoire tricolore en Ligue des Nations (2-1).\u00a0En demi-finales, la France ou l&rsquo;Allemagne affrontera l&rsquo;Espagne qui a fait tomb\u00e9 la Suisse, pays h\u00f4te (2-1).<\/p>\n<p>Trois ans apr\u00e8s leur d\u00e9faite lors du dernier Euro (2-1), Laurent Bonadei ne s&rsquo;estime pas favori pas face \u00e0 l&rsquo;Allemagne, deuxi\u00e8me de sa poule et lourdement battue lors de la derni\u00e8re rencontre par la Su\u00e8de (4-1)\u00a0: \u00ab\u00a0Pour \u00eatre favori, il faut avoir gagn\u00e9 un troph\u00e9e. On va jouer l&rsquo;Allemagne\u00a0(en quarts de finale, samedi)\u00a0qui a gagn\u00e9 8\u00a0fois l&rsquo;Euro. L&rsquo;Allemagne sera donc favorite. Mais on est des challengers coriaces, on va donner du fil \u00e0 retordre \u00e0 tous nos adversaires. L&rsquo;Allemagne est mieux class\u00e9e que nous au classement FIFA. Elles ont \u00e9t\u00e9 lourdement battues par la Su\u00e8de (4-1), elles vont certainement se remobiliser\u00a0\u00bb.\u00a0Pour le s\u00e9lectionneur tricolore, cette grande affiche est un test : \u00ab\u00a0C&rsquo;est un bon test. On va monter dans l&rsquo;intensit\u00e9, mais on a d\u00e9j\u00e0 \u00e9t\u00e9 servis. C&rsquo;est une bonne rencontre aussi pour s&rsquo;\u00e9valuer et voir la progression de cette \u00e9quipe. Je disais il y a quelques semaines que les joueuses et ce groupe avaient progress\u00e9 un peu plus vite que ce que je l&rsquo;avais imagin\u00e9, et tant mieux, \u00e7a nous donne plus d&rsquo;ambition dans cet Euro. Demain (samedi), c&rsquo;est vraiment le match id\u00e9al pour voir o\u00f9 on en est\u00a0\u00bb.<\/p>\n<p>Adepte du 4-3-3 depuis son arriv\u00e9e \u00e0 la t\u00eate de l&rsquo;\u00e9quipe de France f\u00e9minine, Laurent Bonadei n&rsquo;h\u00e9site pas \u00e0 chambouler son dispositif en pleine rencontre, \u00e0 l&rsquo;image de la seconde p\u00e9riode face aux Pays-Bas en phase de poule.\u00a0En conf\u00e9rence de presse, l&rsquo;ancien adjoint d&rsquo;Herv\u00e9 Renard n&rsquo;a pas cach\u00e9 qu&rsquo;il pourrait r\u00e9server une surprise : \u00ab\u00a0On a toujours les possibilit\u00e9s de sortir une arme secr\u00e8te. Sur les quatre matches amicaux, j&rsquo;en avais profit\u00e9 pour en faire trois en 3-4-3\u00a0parce que selon moi, entre un 3-4-3\u00a0ou un 4-3-3, il n&rsquo;y a pas une grosse diff\u00e9rence, c&rsquo;est juste une question d&rsquo;animation. Les joueuses savent qu&rsquo;elles peuvent basculer d&rsquo;un syst\u00e8me \u00e0 l&rsquo;autre. Pour le moment, nous n&rsquo;avons pas eu besoin d&rsquo;y recourir, parce que je trouve qu&rsquo;on a un bon \u00e9quilibre sur ce syst\u00e8me-l\u00e0 de 4-3-3. M\u00eame dans celui-ci, on a plusieurs options possibles, en fonction du profil des joueuses, en termes de puissance, de technique, ou de vitesse. Mais cela reste toujours une option de pouvoir basculer d&rsquo;un syst\u00e8me \u00e0 l&rsquo;autre\u00a0\u00bb.<\/p>\n<p>\u00c0 quelle heure d\u00e9bute\u00a0France &#8211; Allemagne ?<\/p>\n<p>Le coup d&rsquo;envoi du quart de finale de l&rsquo;Euro f\u00e9minin\u00a0opposant la France \u00e0 l&rsquo;Allemagne\u00a0est pr\u00e9vu\u00a0<strong>samedi 19 juillet \u00e0 21h00<\/strong>\u00a0au stade St.Jakob Park de B\u00e2le (Suisse). La Su\u00e9doise Tess Olofsson sera au sifflet.\u00a0<\/p>\n<p>Sur quelle cha\u00eene regarder\u00a0France &#8211; Allemagne ?<\/p>\n<p>D\u00e9tenteur des droits TV de l&rsquo;Euro f\u00e9minin,\u00a0<strong>TF1<\/strong>\u00a0diffusera le quart de final entre les Fran\u00e7aises et les Allemandes.<\/p>\n<p>Comment suivre\u00a0France &#8211; Allemagne en streaming ?<\/p>\n<p>Si vous souhaitez regarder le choc des quarts de finale du championnat d&rsquo;Europe entre les Bleues et la\u00a0DFB-Frauen\u00a0sur votre ordinateur, smartphone ou tablette, vous devrez vous cr\u00e9er un compte sur <a href=\"https:\/\/www.tf1.fr\/compte\/inscription\" target=\"_top\" rel=\"nofollow noopener\">TF1+<\/a>.<\/p>\n<p>Quelles sont les compositions probables de\u00a0France &#8211; Allemagne ?<\/p>\n<p><strong>France :<\/strong>\u00a0Peyraud-Magnin\u202f (G) &#8211;\u00a0De Almeida, Mbock, Sombath, Bacha\u202f &#8211;\u00a0Geyoro, Jean-Francois, Karchaoui\u202f &#8211;\u00a0Cascarino, Mateo, Baltimore.<\/p>\n<p><strong>Allemagne :<\/strong>\u00a0Berger\u202f (G) &#8211;\u00a0Linder, Minge, Knaak, Kett\u202f &#8211;\u00a0Sen\u00df, N\u00fcsken\u202f &#8211;\u00a0Brand, Dallmann, B\u00fchl &#8211;\u00a0Sch\u00fcller.\u00a0\u00a0<\/p>\n<p>Quels sont les pronostics de\u00a0France &#8211; Allemagne ?<\/p>\n<ul>\n<li data-insertor-excluded=\"1\">Betclic\u00a0: France : 2,07 \/ Nul\u00a0: 3,60 \/ Allemagne : 3,45<\/li>\n<li data-insertor-excluded=\"1\">Bwin\u00a0: France\u00a0: 2,05 \/ Nul\u00a0: 3,10 \/ Allemagne\u00a0: 2,90<\/li>\n<li data-insertor-excluded=\"1\">Parions Sport en Ligne\u00a0:\u00a0France\u00a0: 2,10 \/ Nul\u00a0: 3,55 \/ Allemagne\u00a0: 3,45<\/li>\n<li data-insertor-excluded=\"1\">Unibet\u00a0:\u00a0France\u00a0: 2,10 \/ Nul\u00a0: 3,55 \/ Allemagne\u00a0: 3,42\u00a0<\/li>\n<\/ul>\n","protected":false},"excerpt":{"rendered":"Ce samedi soir, l&rsquo;\u00e9quipe de France affronte l&rsquo;Allemagne en quarts de finale de l&rsquo;Euro f\u00e9minin 2025. Un nouveau&hellip;\n","protected":false},"author":2,"featured_media":258387,"comment_status":"","ping_status":"","sticky":false,"template":"","format":"standard","meta":{"footnotes":""},"categories":[1587],"tags":[11,672,1804,1805,1803,1777,674,1801,12,1802],"class_list":{"0":"post-258386","1":"post","2":"type-post","3":"status-publish","4":"format-standard","5":"has-post-thumbnail","7":"category-allemagne","8":"tag-actualites","9":"tag-allemagne","10":"tag-bundesrepublik-deutschland","11":"tag-de","12":"tag-deutschland","13":"tag-eu","14":"tag-europe","15":"tag-germany","16":"tag-news","17":"tag-republique-federale-dallemagne"},"share_on_mastodon":{"url":"https:\/\/pubeurope.com\/@fr\/114878947291354020","error":""},"_links":{"self":[{"href":"https:\/\/www.europesays.com\/fr\/wp-json\/wp\/v2\/posts\/258386","targetHints":{"allow":["GET"]}}],"collection":[{"href":"https:\/\/www.europesays.com\/fr\/wp-json\/wp\/v2\/posts"}],"about":[{"href":"https:\/\/www.europesays.com\/fr\/wp-json\/wp\/v2\/types\/post"}],"author":[{"embeddable":true,"href":"https:\/\/www.europesays.com\/fr\/wp-json\/wp\/v2\/users\/2"}],"replies":[{"embeddable":true,"href":"https:\/\/www.europesays.com\/fr\/wp-json\/wp\/v2\/comments?post=258386"}],"version-history":[{"count":0,"href":"https:\/\/www.europesays.com\/fr\/wp-json\/wp\/v2\/posts\/258386\/revisions"}],"wp:featuredmedia":[{"embeddable":true,"href":"https:\/\/www.europesays.com\/fr\/wp-json\/wp\/v2\/media\/258387"}],"wp:attachment":[{"href":"https:\/\/www.europesays.com\/fr\/wp-json\/wp\/v2\/media?parent=258386"}],"wp:term":[{"taxonomy":"category","embeddable":true,"href":"https:\/\/www.europesays.com\/fr\/wp-json\/wp\/v2\/categories?post=258386"},{"taxonomy":"post_tag","embeddable":true,"href":"https:\/\/www.europesays.com\/fr\/wp-json\/wp\/v2\/tags?post=258386"}],"curies":[{"name":"wp","href":"https:\/\/api.w.org\/{rel}","templated":true}]}}