{"id":258399,"date":"2025-07-19T08:34:09","date_gmt":"2025-07-19T08:34:09","guid":{"rendered":"https:\/\/www.europesays.com\/fr\/258399\/"},"modified":"2025-07-19T08:34:09","modified_gmt":"2025-07-19T08:34:09","slug":"tennis-lois-boisson-retrouve-une-demi-finale-au-wta-250-de-hambourg-sud-ouest","status":"publish","type":"post","link":"https:\/\/www.europesays.com\/fr\/258399\/","title":{"rendered":"Tennis : Lo\u00efs Boisson retrouve une demi-finale au WTA 250 de Hambourg &#8211; Sud Ouest"},"content":{"rendered":"<ol>\n<li><a href=\"https:\/\/news.google.com\/rss\/articles\/CBMirwFBVV95cUxPaVZ5b3ZXRDVwZ1JFc2hoSUY4dVNMbm1fUkp4LWQyT0gtd2FpaEczUUdXRlpqeGl3djB3LUJMQ2U0TXJCQ3UxaWxIVlJVdUQ4RnVWeTRFWGRvRkZfTEU2UGQ3TWt2YlZtYXFOaDdWSi1DWXRaYWgtRy16QTFnbEo1LV96UjNEaUE3aFEyZFgwWHZHNE9PZ1hWTm9NUHhBalpLRUpHUTZJRkNnNGswdHBN?oc=5\" target=\"_blank\" rel=\"nofollow noopener\">Tennis : Lo\u00efs Boisson retrouve une demi-finale au WTA 250 de Hambourg<\/a>&nbsp;&nbsp;Sud Ouest<\/li>\n<li><a href=\"https:\/\/news.google.com\/rss\/articles\/CBMi7gFBVV95cUxQTVNiY3REUW1zMWRadU1acnhIZDlXbkJpYUhlMmlXQWlRdmh1QUgyQTk0ZVlOUm4tYVcyeTJRZEdScUJ3djR3TjlNMjRTU2lTZzc0S2VBQkdsMWM5S3NNeUtxN0VhQmhaX001am92NUxicndHNGZpRDhuWXBqZ3ZVRHRYVXFYaEx3UEo2ODRPUTZmaVVpcmx4UDNOQUFCWHA1eEUyM2d4QWpQbHQ2dENJZ0dpTF9Qbk1qXzZtdVlRQngyZEpTcDNpWHBUVlRfM19uY1pUdU9QOXBtdExmSVJCM0N0OFA4Qkg1OW1hekFB?oc=5\" target=\"_blank\" rel=\"nofollow noopener\">Lo\u00efs Boisson tient son rang \u00e0 Hambourg et rallie les demi-finales pour la premi\u00e8re fois depuis Roland-Garros<\/a>&nbsp;&nbsp;L&rsquo;\u00c9quipe<\/li>\n<li><a href=\"https:\/\/news.google.com\/rss\/articles\/CBMitwFBVV95cUxNbWdpaDBSTVVaelhIanc5MzJNb0ZEdlVQOE5Ea3RXOVFETUpNVVRmc0Y1ZHdqNFBuS2dsN1Y5N2tzUUVNZVZWUXp3a3dUZEstVmZHYXNJTEJNNnR4dUx3MUc0NG80MHhZak9zMk01TjA4TDY2TExGbVVXTTNEZVJGV3JQV2hqRGZERlhQanhyb1c1N3A4UzFfcjFrekFzQzlxMEwwbzdtUUszbUsyQ01vT1o1bl9SQWvSAbYBQVVfeXFMT0ZsQWJNOHZWMU5BZVBjeXhHX2cyTzhCUGpGOFhVTHhHQlRBVVRJOERMTS1HYUYzRzNxZi1PZkM4YUFIZFZxanN4N1NSS2FObzZ4MUk0OC00NjZONmZsdDNaZFBPcUVQbF9La3dQY2Ytc1o0aHJrOWZJUUlGUDk0ajd1Y2dhbVJNd0ZabXpsMG02UE1FS0UzXzdFOUFpTzYxUTdPbnJKT2Y3TzhwX1dNZldUWjJDQlE?oc=5\" target=\"_blank\" rel=\"nofollow noopener\">WTA &#8211; Hambourg : Boisson qualifi\u00e9e pour les demi-finales<\/a>&nbsp;&nbsp;Orange Actualit\u00e9s | Sports<\/li>\n<li><a href=\"https:\/\/news.google.com\/rss\/articles\/CBMijgJBVV95cUxQdVZjWUxGZnRjN3BoT0t1dzgxRXQ2UV9kRTdKVEU4ekVjNGxpMkVkemJnMkxjUTh6UGt6Zkt4OW9xOUJ0eUtsc3QzQ3htVEJaTUtkTWZwUkhFMzN0Q1M5OHVKeFRyR3dFSUczUTlLOTN1cU1kOFJRc2Z0Y2FHMHJFSzlPODFzRHhLenVjU1dGUnR1b18zQ1RqWUppblJDZ05OX0hTXzJUODQ2Y1loMkx1NDlLVEQ2a2lwUkFfRndFNEhSRDlsVlZUam1GUzVRR3R3aDctZlV4ZGNZLWVFZi1tbU1Fb1FUUWt0eFg2WWlTS1FOaWhjMmkyUGxFOXdITGJwZnZrS2ZkR0ZIMmVBNWc?oc=5\" target=\"_blank\" rel=\"nofollow noopener\">Tennis. Lo\u00efs Boisson, r\u00e9v\u00e9lation du dernier Roland-Garros, se hisse en demi-finale \u00e0 Hambourg<\/a>&nbsp;&nbsp;Ouest-France<\/li>\n<li><a href=\"https:\/\/news.google.com\/rss\/articles\/CBMi_gFBVV95cUxPZ1JmazlYUFpCQmdmLXdaTmlCbUZTXzB2LUFiZVFhWkpsTWZPUm9Od2s3UHVEcTh5UzhxaWp3QWVpX0tGdDRIVkRxVDVrbG1NUDdabkNacTNrZUNMMzlLY0FVdHRzZXhVaWx2QXhiY2lfbXMybkFnYXo5RXF4RlVHelQ1N2pLS2NERF8tZEZlTEt6X3diXzhBc2FWUTR0ZS1fWXFsS0VRY284ZWJCeFE0amZCQVFOTlAweTVCTlBMZDdRcXllUHFFMTBHRUxUWU0xLWpjNFpFOGpFSnpjM1VVZDJlaG5EZExRVUhEdEpRUXNDZ2lZaVl0dmtVV2dvUQ?oc=5\" target=\"_blank\" rel=\"nofollow noopener\">Elle (re)monte en puissance : Boisson file en demi-finale<\/a>&nbsp;&nbsp;Eurosport<\/li>\n<\/ol>\n","protected":false},"excerpt":{"rendered":"Tennis : Lo\u00efs Boisson retrouve une demi-finale au WTA 250 de Hambourg&nbsp;&nbsp;Sud Ouest Lo\u00efs Boisson tient son rang&hellip;\n","protected":false},"author":2,"featured_media":258400,"comment_status":"","ping_status":"","sticky":false,"template":"","format":"standard","meta":{"footnotes":""},"categories":[1415],"tags":[1011,27,60,1467],"class_list":{"0":"post-258399","1":"post","2":"type-post","3":"status-publish","4":"format-standard","5":"has-post-thumbnail","7":"category-tennis","8":"tag-fr","9":"tag-france","10":"tag-sports","11":"tag-tennis"},"share_on_mastodon":{"url":"https:\/\/pubeurope.com\/@fr\/114878982597924545","error":""},"_links":{"self":[{"href":"https:\/\/www.europesays.com\/fr\/wp-json\/wp\/v2\/posts\/258399","targetHints":{"allow":["GET"]}}],"collection":[{"href":"https:\/\/www.europesays.com\/fr\/wp-json\/wp\/v2\/posts"}],"about":[{"href":"https:\/\/www.europesays.com\/fr\/wp-json\/wp\/v2\/types\/post"}],"author":[{"embeddable":true,"href":"https:\/\/www.europesays.com\/fr\/wp-json\/wp\/v2\/users\/2"}],"replies":[{"embeddable":true,"href":"https:\/\/www.europesays.com\/fr\/wp-json\/wp\/v2\/comments?post=258399"}],"version-history":[{"count":0,"href":"https:\/\/www.europesays.com\/fr\/wp-json\/wp\/v2\/posts\/258399\/revisions"}],"wp:featuredmedia":[{"embeddable":true,"href":"https:\/\/www.europesays.com\/fr\/wp-json\/wp\/v2\/media\/258400"}],"wp:attachment":[{"href":"https:\/\/www.europesays.com\/fr\/wp-json\/wp\/v2\/media?parent=258399"}],"wp:term":[{"taxonomy":"category","embeddable":true,"href":"https:\/\/www.europesays.com\/fr\/wp-json\/wp\/v2\/categories?post=258399"},{"taxonomy":"post_tag","embeddable":true,"href":"https:\/\/www.europesays.com\/fr\/wp-json\/wp\/v2\/tags?post=258399"}],"curies":[{"name":"wp","href":"https:\/\/api.w.org\/{rel}","templated":true}]}}