{"id":258401,"date":"2025-07-19T08:36:14","date_gmt":"2025-07-19T08:36:14","guid":{"rendered":"https:\/\/www.europesays.com\/fr\/258401\/"},"modified":"2025-07-19T08:36:14","modified_gmt":"2025-07-19T08:36:14","slug":"une-strategie-manquee-laisse-bagnaia-amer","status":"publish","type":"post","link":"https:\/\/www.europesays.com\/fr\/258401\/","title":{"rendered":"Une strat\u00e9gie manqu\u00e9e laisse Bagnaia amer"},"content":{"rendered":"<p>C&rsquo;est une nouvelle d\u00e9ception pour <a href=\"https:\/\/fr.motorsport.com\/driver\/pecco-bagnaia\/109394\/\" target=\"_blank\" rel=\"noopener\">Pecco Bagnaia<\/a> : il n&rsquo;a pas r\u00e9ussi \u00e0 se qualifier directement pour la Q2 vendredi, n&rsquo;ayant obtenu que le 13e temps de la s\u00e9ance dont l&rsquo;entr\u00e9e dans le top 10 \u00e9tait indispensable pour obtenir son ticket. Certes, la s\u00e9ance a \u00e9t\u00e9 perturb\u00e9e par la pluie et n&rsquo;a donc probablement pas montr\u00e9 ce qui aurait \u00e9t\u00e9 la hi\u00e9rarchie \u00e0 la r\u00e9guli\u00e8re, n\u00e9anmoins ses principaux adversaires ont bien r\u00e9ussi \u00e0 se qualifier, et m\u00eame <a href=\"https:\/\/fr.motorsport.com\/driver\/alex-marquez\/96324\/\" target=\"_blank\" rel=\"noopener\">\u00c1lex M\u00e1rquez<\/a> malgr\u00e9 sa chute \u00e0 sept minutes de la fin.<\/p>\n<p>Lire aussi :<\/p>\n<p>\u00ab\u00a0Je n&rsquo;y suis pas parce qu&rsquo;on a compl\u00e8tement manqu\u00e9 notre strat\u00e9gie\u00a0\u00bb, a expliqu\u00e9 le pilote Ducati lorsqu&rsquo;il lui a \u00e9t\u00e9 demand\u00e9 pourquoi lui ne figurait pas parmi les dix premiers. \u00ab\u00a0J&rsquo;\u00e9tais au box quand les autres \u00e9taient en train d&rsquo;am\u00e9liorer leur chrono. Chaque fois que j&rsquo;entrais au stand, j&rsquo;\u00e9tais dans le top 10, mais au moment d\u00e9cisif j&rsquo;en suis sorti.\u00a0\u00bb\u00a0Et de pr\u00e9ciser :\u00a0\u00ab\u00a0On a d\u00e9cid\u00e9 d&rsquo;essayer quelque chose qui \u00e9tait trop long \u00e0 changer. On a manqu\u00e9 le moment o\u00f9 tout le monde faisait son temps le plus rapide.\u00a0\u00bb<\/p>\n<p>\u00ab\u00a0Au dernier moment, la seule possibilit\u00e9 de figurer dans le top 10 \u00e9tait de sortir avec le pneu arri\u00e8re medium, or on a d\u00e9cid\u00e9 de prendre le soft. C&rsquo;\u00e9tait la mauvaise strat\u00e9gie\u00a0\u00bb,\u00a0a poursuivi Bagnaia.\u00a0\u00ab\u00a0Dans la derni\u00e8re partie, je voyais qu&rsquo;il valait mieux prendre le medium, mais les techniciens \u00e9taient convaincus qu&rsquo;il fallait le soft. J&rsquo;ai donc d\u00e9cid\u00e9 de suivre leur strat\u00e9gie, mais elle n&rsquo;\u00e9tait pas bonne.\u00a0\u00bb<\/p>\n<p>\u00ab\u00a0Je pense que le potentiel pour \u00eatre dans le top 10 \u00e9tait clairement l\u00e0, on a juste pris toutes les mauvaises d\u00e9cisions\u00a0\u00bb, a r\u00e9sum\u00e9 Pecco Bagnaia, implacable et visiblement lass\u00e9 de l&rsquo;accumulation de revers qu&rsquo;il subit.<\/p>\n<blockquote>\n<p>C&rsquo;est d\u00e9j\u00e0 une saison compliqu\u00e9e. Si on la complique encore plus, c&rsquo;est dommage.<\/p>\n<\/blockquote>\n<p>C&rsquo;est en effet un nouvel \u00e9pisode dans une saison compliqu\u00e9e pour le pilote italien. Malgr\u00e9 la positivit\u00e9 qu&rsquo;il tentait d&rsquo;afficher jeudi \u00e0 son arriv\u00e9e \u00e0 Brno, la r\u00e9alit\u00e9 l&rsquo;a encore une fois rattrap\u00e9 et c&rsquo;est abattu qu&rsquo;il a boucl\u00e9 cette premi\u00e8re journ\u00e9e.<\/p>\n<p>\u00ab\u00a0Honn\u00eatement, c&rsquo;est d\u00e9j\u00e0 une saison compliqu\u00e9e, durant laquelle mes sensations ne sont pas les meilleures. Et si on complique encore plus la situation, alors c&rsquo;est dommage, et \u00e7a a \u00e9t\u00e9 le cas aujourd&rsquo;hui\u00a0\u00bb, a-t-il regrett\u00e9 avec amertume, et ce d&rsquo;autant plus qu&rsquo;il ne se sentait pas si mal durant cette s\u00e9ance.<\/p>\n<p>\u00ab\u00a0Ce matin j&rsquo;\u00e9tais plut\u00f4t comp\u00e9titif, je faisais de bons chronos. Cet apr\u00e8s-midi, j&rsquo;\u00e9tais toujours en difficult\u00e9 mais je crois qu&rsquo;on avait trouv\u00e9 quelque chose pour s&rsquo;am\u00e9liorer, puis dans le dernier instant de la s\u00e9ance on a tout simplement manqu\u00e9 la strat\u00e9gie.\u00a0\u00bb<\/p>\n<p>   <img decoding=\"async\" draggable=\"false\" src=\"https:\/\/www.europesays.com\/fr\/wp-content\/uploads\/2025\/07\/1752914174_852_francesco-bagnaia-ducati-team.jpg\" alt=\"Pecco Bagnaia va disputer la Q1 pour la deuxi\u00e8me fois cette saison.\" width=\"1200\" height=\"800\" loading=\"lazy\"\/> <\/p>\n<p class=\"title\">Pecco Bagnaia va disputer la Q1 pour la deuxi\u00e8me fois cette saison.<\/p>\n<p class=\"photographer\">Photo de: Gold and Goose Photography \/ LAT Images \/ via Getty Images<\/p>\n<p>\u00ab\u00a0Quoi qu&rsquo;il en soit, il faut qu&rsquo;on se montre positifs et aujourd&rsquo;hui, on a trouv\u00e9 quelque chose qui m&rsquo;aide sur le mouill\u00e9, donc c&rsquo;est une bonne chose. Demain, il sera important de cumuler les tours avec le soft et ensuite d&rsquo;exploiter pleinement notre potentiel pour passer en Q2. Je pense que tous les pilotes les plus rapides sont dans le top 10, donc j&rsquo;esp\u00e8re r\u00e9ussir \u00e0 survivre \u00e0 la Q1 pour peut-\u00eatre avoir plus de potentiel en Q2\u00a0\u00bb, a conclu Pecco Bagnaia.<\/p>\n<p>C&rsquo;est la deuxi\u00e8me fois cette saison que le double champion du monde va devoir disputer la Q1. En Tha\u00eflande, lors du Grand Prix d&rsquo;ouverture du championnat, il s&rsquo;en \u00e9tait sorti en signant le meilleur temps de cette courte s\u00e9ance qui met en jeu deux tickets de rep\u00eachage.<\/p>\n<p>Parmi les autres d\u00e9\u00e7us des Essais, vendredi, on trouve <a href=\"https:\/\/fr.motorsport.com\/driver\/raul-fernandez\/443094\/\" target=\"_blank\" rel=\"noopener\">Ra\u00fal Fern\u00e1ndez<\/a>, que l&rsquo;am\u00e9lioration spectaculaire d&rsquo;\u00c1lex M\u00e1rquez a exclu du top 10 pour 39 milli\u00e8mes, ainsi que <a href=\"https:\/\/fr.motorsport.com\/driver\/fermin-aldeguer\/945314\/\" target=\"_blank\" rel=\"noopener\">Ferm\u00edn Aldeguer<\/a> et <a href=\"https:\/\/fr.motorsport.com\/driver\/fabio-di-giannantonio\/289538\/\" target=\"_blank\" rel=\"noopener\">Fabio Di Giannantonio<\/a>, entre autres. Fait rare, seules deux Ducati ont r\u00e9ussi \u00e0 obtenir une place parmi les dix premiers dans cette s\u00e9ance.<\/p>\n<p>Lire aussi :<\/p>\n<p>Dans cet article<\/p>\n<p>Soyez le premier inform\u00e9 et souscrivez aux alertes mails pour recevoir les infos en temps r\u00e9el<\/p>\n<p>    S&rsquo;abonner aux alertes de news<\/p>\n","protected":false},"excerpt":{"rendered":"C&rsquo;est une nouvelle d\u00e9ception pour Pecco Bagnaia : il n&rsquo;a pas r\u00e9ussi \u00e0 se qualifier directement pour la&hellip;\n","protected":false},"author":2,"featured_media":258402,"comment_status":"","ping_status":"","sticky":false,"template":"","format":"standard","meta":{"footnotes":""},"categories":[1413],"tags":[37813,4950,1011,27,37812,1457,1456,1458,4951,60],"class_list":{"0":"post-258401","1":"post","2":"type-post","3":"status-publish","4":"format-standard","5":"has-post-thumbnail","7":"category-moto","8":"tag-brno-circuit","9":"tag-ducati-team","10":"tag-fr","11":"tag-france","12":"tag-gp-de-ru00e9publique-tchu00e8que","13":"tag-moto","14":"tag-motocycle","15":"tag-motogp","16":"tag-pecco-bagnaia","17":"tag-sports"},"share_on_mastodon":{"url":"https:\/\/pubeurope.com\/@fr\/114878990895748046","error":""},"_links":{"self":[{"href":"https:\/\/www.europesays.com\/fr\/wp-json\/wp\/v2\/posts\/258401","targetHints":{"allow":["GET"]}}],"collection":[{"href":"https:\/\/www.europesays.com\/fr\/wp-json\/wp\/v2\/posts"}],"about":[{"href":"https:\/\/www.europesays.com\/fr\/wp-json\/wp\/v2\/types\/post"}],"author":[{"embeddable":true,"href":"https:\/\/www.europesays.com\/fr\/wp-json\/wp\/v2\/users\/2"}],"replies":[{"embeddable":true,"href":"https:\/\/www.europesays.com\/fr\/wp-json\/wp\/v2\/comments?post=258401"}],"version-history":[{"count":0,"href":"https:\/\/www.europesays.com\/fr\/wp-json\/wp\/v2\/posts\/258401\/revisions"}],"wp:featuredmedia":[{"embeddable":true,"href":"https:\/\/www.europesays.com\/fr\/wp-json\/wp\/v2\/media\/258402"}],"wp:attachment":[{"href":"https:\/\/www.europesays.com\/fr\/wp-json\/wp\/v2\/media?parent=258401"}],"wp:term":[{"taxonomy":"category","embeddable":true,"href":"https:\/\/www.europesays.com\/fr\/wp-json\/wp\/v2\/categories?post=258401"},{"taxonomy":"post_tag","embeddable":true,"href":"https:\/\/www.europesays.com\/fr\/wp-json\/wp\/v2\/tags?post=258401"}],"curies":[{"name":"wp","href":"https:\/\/api.w.org\/{rel}","templated":true}]}}