{"id":258410,"date":"2025-07-19T08:41:12","date_gmt":"2025-07-19T08:41:12","guid":{"rendered":"https:\/\/www.europesays.com\/fr\/258410\/"},"modified":"2025-07-19T08:41:12","modified_gmt":"2025-07-19T08:41:12","slug":"lenfant-terrible-de-la-peinture-le-genial-et-imprevisible-did-dontzoff-fascine-a-la-galerie-serventi","status":"publish","type":"post","link":"https:\/\/www.europesays.com\/fr\/258410\/","title":{"rendered":"L\u2019enfant terrible de la peinture, le g\u00e9nial et impr\u00e9visible Did Dontzoff, fascine \u00e0 la Galerie Serventi"},"content":{"rendered":"<p>\n                                                                    l&rsquo;essentiel<br \/>\n                                                                Artiste atypique et de talent, Did Dontzoff expose Galerie Serventi \u00e0 Toulouse. Une exposition permanente renouvel\u00e9e tous les deux mois. Coup de c\u0153ur assur\u00e9.\n                            <\/p>\n<p>\u00ab\u00a0Cela fait dix ans que cette galerie expose Did Dontzoff, peintre talentueux mais peu tourn\u00e9 vers la communication\u00a0\u00bb, remarquent L\u00e9a et Alix Serventi, les deux s\u0153urs qui ont repris en 2018 les r\u00eanes de la Galerie Serventi, cr\u00e9\u00e9e il y a quarante ans par leurs parents, Andr\u00e9 et Catherine, antiquaires et marchands d\u2019art. Dans ce lieu o\u00f9 se c\u00f4toient peintures, sculptures et meubles d\u2019\u00e9poque, les couleurs \u00e9clatantes des toiles du peintre toulousain Did Dontzoff illuminent les murs de la galerie. \u00ab\u00a0Nous accueillons cet artiste via une expo permanente renouvel\u00e9e tous les deux mois, poursuit le duo. Avec le peintre Juzzu, Did Dontzoff apporte dans cette galerie une touche contemporaine.\u00a0\u00bb<\/p>\n<p>        <img decoding=\"async\" class=\"std-img__img responsive-img\" src=\"https:\/\/www.europesays.com\/fr\/wp-content\/uploads\/2025\/07\/1752914472_809_image.jpg\" alt=\"Did Dontzoff dans son atelier \u00e0 Toulouse.\"\/><\/p>\n<p>                Did Dontzoff dans son atelier \u00e0 Toulouse.<br \/>\n                                    DDM archive &#8211; MICHEL VIALA<\/p>\n<p>Cet artiste, bien connu \u00e0 Toulouse, est \u00e0 part. N\u00e9 \u00e0 Paris en 1956 d\u2019une lign\u00e9e d\u2019artistes, Did Dontzoff, aristocrate d\u2019origine russe, exerce la danse contemporaine de 1973 \u00e0 1985 avant de se tourner vers la peinture. \u00ab\u00a0Influenc\u00e9s par la culture du graffiti, ses personnages, constamment en \u00e9veil, hantent son imaginaire\u00a0\u00bb, expliquent les deux s\u0153urs. \u00ab\u00a0Ses voyages, la musique baignent sa cr\u00e9ation via des \u00eatres \u00e0 la fois fig\u00e9s mais qui vivent dans la toile en perp\u00e9tuelle m\u00e9tamorphose.\u00a0\u00bb Avec une peinture \u00e9nergique, via des cr\u00e9atures dansantes, exub\u00e9rantes, cet artiste aime aussi rappeler la stupidit\u00e9, la violence, la beaut\u00e9, la haine, l\u2019amour, le dr\u00f4le et l\u2019absurde qui entourent notre quotidien. \u00ab\u00a0Une peinture lib\u00e9r\u00e9e de toute entrave, d\u00e9gag\u00e9e de la s\u00e9cheresse des codes classiques.\u00a0\u00bb<\/p>\n<p>Un talent reconnu et une personnalit\u00e9 controvers\u00e9e<\/p>\n<p>Si le talent de cet artiste, qui r\u00e9side \u00e0 Toulouse depuis trente ans, est largement reconnu au-del\u00e0 de la Ville rose, sa personnalit\u00e9 complexe et versatile est controvers\u00e9e\u00a0: \u00ab\u00a0Il peint selon son humeur, en instantan\u00e9, estiment L\u00e9a et Alix. Un manque de rigueur qui lui a bien s\u00fbr fait perdre des clients.\u00a0\u00bb Et si les plus grands marchands de France se sont pench\u00e9s sur son travail, reconnaissant quasi unanimement son talent, Did a beaucoup donn\u00e9, vendu au gr\u00e9 de sa fantaisie.<\/p>\n<p>L\u2019exposition Galerie Serventi a \u00e9t\u00e9 pr\u00e9sent\u00e9e au Mexique en 2024, o\u00f9 l\u2019artiste a r\u00e9sid\u00e9 un an\u00a0: \u00ab\u00a0Je suis de retour \u00e0 Toulouse, explique le sexag\u00e9naire. Cela fait plus de trente ans que j\u2019y vis. J\u2019y reviens toujours. C\u2019est comme une histoire d\u2019amour\u00a0\u00bb, estime celui qui dit avoir vendu plus de 10\u00a0000 tableaux, achet\u00e9s par des copains, des m\u00e9c\u00e8nes fid\u00e8les depuis le d\u00e9but. \u00ab\u00a0Ce travail m\u2019a demand\u00e9 trois mois.\u00a0\u00bb<\/p>\n<p>Des toiles sublimes, aux couleurs intenses, faisant comprendre que l\u2019artiste est parvenu \u00e0 son apog\u00e9e. Selon Alix et L\u00e9a, Did restera dans la m\u00e9moire des Toulousains pour l\u2019invention d\u2019un mouvement, d\u2019un style intemporels. Un artiste \u00ab\u00a0\u00e9corch\u00e9 vif\u00a0\u00bb inoubliable, \u00e0 la fois par son audace artistique et son regard sur la vie.<\/p>\n<p>Galerie Serventi, 7 rue d\u2019Astdorg \u00e0 Toulouse \u2013 05\u00a061\u00a012\u00a022\u00a046 \u2013 Ouverte du lundi au vendredi, de 14\u00a0h \u00e0 18\u00a0h\u00a030.<\/p>\n","protected":false},"excerpt":{"rendered":"l&rsquo;essentiel Artiste atypique et de talent, Did Dontzoff expose Galerie Serventi \u00e0 Toulouse. Une exposition permanente renouvel\u00e9e tous&hellip;\n","protected":false},"author":2,"featured_media":258411,"comment_status":"","ping_status":"","sticky":false,"template":"","format":"standard","meta":{"footnotes":""},"categories":[1358],"tags":[1348,1384,1385,1386,58,59,1011,27],"class_list":{"0":"post-258410","1":"post","2":"type-post","3":"status-publish","4":"format-standard","5":"has-post-thumbnail","7":"category-arts-et-design","8":"tag-arts","9":"tag-arts-and-design","10":"tag-arts-et-design","11":"tag-design","12":"tag-divertissement","13":"tag-entertainment","14":"tag-fr","15":"tag-france"},"share_on_mastodon":{"url":"https:\/\/pubeurope.com\/@fr\/114879010559979116","error":""},"_links":{"self":[{"href":"https:\/\/www.europesays.com\/fr\/wp-json\/wp\/v2\/posts\/258410","targetHints":{"allow":["GET"]}}],"collection":[{"href":"https:\/\/www.europesays.com\/fr\/wp-json\/wp\/v2\/posts"}],"about":[{"href":"https:\/\/www.europesays.com\/fr\/wp-json\/wp\/v2\/types\/post"}],"author":[{"embeddable":true,"href":"https:\/\/www.europesays.com\/fr\/wp-json\/wp\/v2\/users\/2"}],"replies":[{"embeddable":true,"href":"https:\/\/www.europesays.com\/fr\/wp-json\/wp\/v2\/comments?post=258410"}],"version-history":[{"count":0,"href":"https:\/\/www.europesays.com\/fr\/wp-json\/wp\/v2\/posts\/258410\/revisions"}],"wp:featuredmedia":[{"embeddable":true,"href":"https:\/\/www.europesays.com\/fr\/wp-json\/wp\/v2\/media\/258411"}],"wp:attachment":[{"href":"https:\/\/www.europesays.com\/fr\/wp-json\/wp\/v2\/media?parent=258410"}],"wp:term":[{"taxonomy":"category","embeddable":true,"href":"https:\/\/www.europesays.com\/fr\/wp-json\/wp\/v2\/categories?post=258410"},{"taxonomy":"post_tag","embeddable":true,"href":"https:\/\/www.europesays.com\/fr\/wp-json\/wp\/v2\/tags?post=258410"}],"curies":[{"name":"wp","href":"https:\/\/api.w.org\/{rel}","templated":true}]}}