{"id":258414,"date":"2025-07-19T08:43:10","date_gmt":"2025-07-19T08:43:10","guid":{"rendered":"https:\/\/www.europesays.com\/fr\/258414\/"},"modified":"2025-07-19T08:43:10","modified_gmt":"2025-07-19T08:43:10","slug":"marianne-secret-story-en-vacances-au-maroc-la-candidate-est-deja-sortie-de-lhopital","status":"publish","type":"post","link":"https:\/\/www.europesays.com\/fr\/258414\/","title":{"rendered":"Marianne (\u00ab\u00a0Secret Story\u00a0\u00bb) en vacances au Maroc, la candidate est d\u00e9j\u00e0 sortie de l&rsquo;h\u00f4pital"},"content":{"rendered":"<p>      R\u00e9sum\u00e9<\/p>\n<p>Apr\u00e8s une hospitalisation li\u00e9e aux attaques en ligne, Marianne de Secret Story a \u00e9t\u00e9 vue en vacances au Maroc, marquant un retour remarqu\u00e9 loin de la pol\u00e9mique.<\/p>\n<p>        Sommaire<\/p>\n<p>Au sortir de Secret Story, <strong>Marianne avait d\u00e9couvert la violence des r\u00e9seaux sociaux<\/strong>. Confront\u00e9e aux insultes et aux menaces qui la visaient depuis plusieurs semaines, la jeune femme ne les a pas support\u00e9es, et a craqu\u00e9. <a href=\"https:\/\/www.public.fr\/hospitalisation-de-marianne-une-ancienne-candidate-de-secret-story-vole-a-son-secours-et-accable-la-production\" target=\"_blank\" rel=\"noopener\">Dans une interview accord\u00e9e au blogueur Jeremstar<\/a>, Marianne r\u00e9v\u00e9lait, en pleurs, <strong>ne plus sortir de chez elle<\/strong>, ne plus dormir et ne plus manger.<br \/><strong><br \/>Face aux envies suicidaires de Marianne<\/strong>, la production de Secret Story avait pris les choses au s\u00e9rieux. Jean-Louis Blot, PDG d&rsquo;Endemol, avait alert\u00e9 sur la violence des r\u00e9seaux sociaux dans un article command\u00e9 au Parisien. La productrice de l&rsquo;\u00e9mission, <strong>Val\u00e9rie Jaunard<\/strong>, quant \u00e0 elle, avait propos\u00e9 \u00e0 Marianne de <a href=\"https:\/\/www.public.fr\/marianne-secret-story-hospitalisee-et-placee-en-maison-de-repos-en-extreme-urgence\" target=\"_blank\" rel=\"noopener\">partir se reposer dans un centre sp\u00e9cialis\u00e9<\/a> pendant quelques semaines. Une proposition que la jeune femme avait accept\u00e9e.<\/p>\n<p>Une admission \u00e9clair en h\u00f4pital psychiatrique<\/p>\n<p>Sur ses r\u00e9seaux sociaux, <strong>Jeremstar avait r\u00e9alis\u00e9 une nouvelle vid\u00e9o sur Marianne<\/strong> quelques jours plus tard. Il l&rsquo;avait d\u00e9voil\u00e9e dans son nouvel environnement. Admise dans un h\u00f4pital psychiatrique, Marianne paraissait encore tr\u00e8s affaiblie, les mains tremblotantes et le visage apeur\u00e9. <strong>Si l&rsquo;endroit n&rsquo;avait pas \u00e9t\u00e9 r\u00e9v\u00e9l\u00e9 par Jeremstar<\/strong>, il s&rsquo;agissait toutefois bel et bien d&rsquo;un h\u00f4pital psychiatrique, et non d&rsquo;un centre de repos comme affirm\u00e9 dans un premier temps.<\/p>\n<p><strong>Oui, mais voil\u00e0<\/strong>&#8230; Marianne semble avoir d\u00e9j\u00e0 repris du poil de la b\u00eate ! En effet, comme le r\u00e9v\u00e8le <a href=\"https:\/\/www.public.fr\/aqababe-place-en-garde-a-vue-son-anniversaire-totalement-gache\" target=\"_blank\" rel=\"noopener\">Aqababe<\/a> sur ses r\u00e9seaux sociaux, la jeune femme a \u00e9t\u00e9 aper\u00e7ue bien loin de la France. Marianne a en effet \u00e9t\u00e9 photographi\u00e9e <strong>dans un restaurant \u00e0 Marrakech<\/strong> ce vendredi et est donc d\u00e9j\u00e0 sortie de l&rsquo;h\u00f4pital. Les yeux riv\u00e9s sur son t\u00e9l\u00e9phone, Marianne semble avoir du mal \u00e0 d\u00e9crocher&#8230;<\/p>\n<p>Marianne de nouveau cible d&rsquo;attaques<\/p>\n<p>Sur X, les avis divergent&#8230; Si certains continuent de s&rsquo;en prendre \u00e0 la jeune femme, d&rsquo;autres lui t\u00e9moignent leurs soutiens. <strong>En effet, beaucoup n&rsquo;ont pas h\u00e9sit\u00e9 \u00e0 tacler Aqababe<\/strong>, en estimant que ce clich\u00e9 n&rsquo;allait pas l&rsquo;aider \u00e0 aller mieux. \u00ab\u00a0Avec tout l\u2019harc\u00e8lement qu&rsquo;elle se prend, vous postez \u00e7a ? Elle n&rsquo;a pas le droit d&rsquo;aller mieux parce qu&rsquo;elle a dit 3 ou 4 m\u00e9chancet\u00e9s dans une \u00e9mission de t\u00e9l\u00e9 ?\u00a0\u00bb s&rsquo;insurge un t\u00e9l\u00e9spectateur. Un autre lui souhaite \u00e9galement une pleine sant\u00e9 : \u00ab\u00a0<strong>J\u2019esp\u00e8re sinc\u00e8rement qu\u2019elle arrive \u00e0 rester \u00e0 l\u2019\u00e9cart de la haine<\/strong> qui s&rsquo;est propag\u00e9e \u00e0 son \u00e9gard sans fondement\u00a0\u00bb. Esp\u00e9rons que Marianne aille mieux&#8230;<\/p>\n<p>      Mentionn\u00e9s dans cet article<\/p>\n<p>\u00c0 lire aussi<\/p>\n","protected":false},"excerpt":{"rendered":"R\u00e9sum\u00e9 Apr\u00e8s une hospitalisation li\u00e9e aux attaques en ligne, Marianne de Secret Story a \u00e9t\u00e9 vue en vacances&hellip;\n","protected":false},"author":2,"featured_media":258415,"comment_status":"","ping_status":"","sticky":false,"template":"","format":"standard","meta":{"footnotes":""},"categories":[1356],"tags":[9001,58,59,1011,27,24499,16448,16492,29901,252,1364],"class_list":{"0":"post-258414","1":"post","2":"type-post","3":"status-publish","4":"format-standard","5":"has-post-thumbnail","7":"category-television","8":"tag-cyberharcelement","9":"tag-divertissement","10":"tag-entertainment","11":"tag-fr","12":"tag-france","13":"tag-hopital-psychiatrique","14":"tag-hospitalisation","15":"tag-jeremstar","16":"tag-secret-story","17":"tag-television","18":"tag-tv"},"share_on_mastodon":{"url":"https:\/\/pubeurope.com\/@fr\/114879018045113003","error":""},"_links":{"self":[{"href":"https:\/\/www.europesays.com\/fr\/wp-json\/wp\/v2\/posts\/258414","targetHints":{"allow":["GET"]}}],"collection":[{"href":"https:\/\/www.europesays.com\/fr\/wp-json\/wp\/v2\/posts"}],"about":[{"href":"https:\/\/www.europesays.com\/fr\/wp-json\/wp\/v2\/types\/post"}],"author":[{"embeddable":true,"href":"https:\/\/www.europesays.com\/fr\/wp-json\/wp\/v2\/users\/2"}],"replies":[{"embeddable":true,"href":"https:\/\/www.europesays.com\/fr\/wp-json\/wp\/v2\/comments?post=258414"}],"version-history":[{"count":0,"href":"https:\/\/www.europesays.com\/fr\/wp-json\/wp\/v2\/posts\/258414\/revisions"}],"wp:featuredmedia":[{"embeddable":true,"href":"https:\/\/www.europesays.com\/fr\/wp-json\/wp\/v2\/media\/258415"}],"wp:attachment":[{"href":"https:\/\/www.europesays.com\/fr\/wp-json\/wp\/v2\/media?parent=258414"}],"wp:term":[{"taxonomy":"category","embeddable":true,"href":"https:\/\/www.europesays.com\/fr\/wp-json\/wp\/v2\/categories?post=258414"},{"taxonomy":"post_tag","embeddable":true,"href":"https:\/\/www.europesays.com\/fr\/wp-json\/wp\/v2\/tags?post=258414"}],"curies":[{"name":"wp","href":"https:\/\/api.w.org\/{rel}","templated":true}]}}