{"id":258420,"date":"2025-07-19T08:46:11","date_gmt":"2025-07-19T08:46:11","guid":{"rendered":"https:\/\/www.europesays.com\/fr\/258420\/"},"modified":"2025-07-19T08:46:11","modified_gmt":"2025-07-19T08:46:11","slug":"au-canada-lepidemie-de-rougeole-fait-resurgir-les-tensions-autour-des-vaccins-actualites","status":"publish","type":"post","link":"https:\/\/www.europesays.com\/fr\/258420\/","title":{"rendered":"Au Canada, l&rsquo;\u00e9pid\u00e9mie de rougeole fait resurgir les tensions autour des vaccins : Actualit\u00e9s"},"content":{"rendered":"<p class=\"lead \">Dans la paisible ville canadienne d&rsquo;Aylmer, les mennonites conservateurs v\u00eatus d&rsquo;habits traditionnels c\u00f4toient les habitants la\u00efcs. Mais des divisions autour des vaccins, apparues lors de la pand\u00e9mie de Covid-19, se sont intensifi\u00e9es avec l&rsquo;\u00e9pid\u00e9mie de rougeole qui frappe actuellement le pays.<\/p>\n<p class=\"lead \">Le Canada a officiellement \u00e9radiqu\u00e9 cette maladie tr\u00e8s contagieuse et grave en 1998. <\/p>\n<p class=\"lead \">Mais avec 3.500 cas confirm\u00e9s cette ann\u00e9e, le pays de 40 millions d&rsquo;habitants d\u00e9nombre maintenant plus de cas que les Etats-Unis &#8211; qui connaissent leur pire \u00e9pid\u00e9mie de rougeole en plus de 30 ans &#8211; et que tout autre pays occidental, selon les chiffres de l&rsquo;Organisation mondiale de la sant\u00e9, mis \u00e0 jour le 9 juillet.<\/p>\n<p class=\"lead \">Diff\u00e9rentes communaut\u00e9s sont touch\u00e9es, mais selon les experts, ce sont des groupes anabaptistes anti-vaccins, dans les provinces de l&rsquo;Ontario (sud-est) et de l&rsquo;Alberta (ouest), qui contribuent le plus \u00e0 l&rsquo;\u00e9pid\u00e9mie. <\/p>\n<p class=\"lead \">Brett Hueston, qui a grandi \u00e0 Aylmer, une ville bucolique entour\u00e9e de terres agricoles dans le sud-ouest de l&rsquo;Ontario, confie \u00e0 l&rsquo;AFP qu&rsquo;avant le Covid, il ne r\u00e9fl\u00e9chissait pas aux deux visions du monde des habitants, la\u00efcs ou religieux, de sa ville.<\/p>\n<p class=\"lead \">Mais cela a chang\u00e9 avec la pand\u00e9mie. <\/p>\n<p class=\"lead \">\u00ab\u00a0J&rsquo;ai grandi en pensant, peut-\u00eatre na\u00efvement, que nous \u00e9tions tous sur la m\u00eame longueur d&rsquo;onde en tant que communaut\u00e9\u00a0\u00bb, souligne l&rsquo;homme de 40 ans, dont la famille publie le journal local Aylmer Express, vieux de 145 ans. <\/p>\n<p class=\"lead \">\u00ab\u00a0Le Covid a vraiment exploit\u00e9 les diff\u00e9rences qui existaient\u00a0\u00bb, souligne-t-il. <\/p>\n<p class=\"lead \">Aylmer et ses 13 \u00e9glises &#8211; pour 8.000 habitants &#8211; \u00e9tait une v\u00e9ritable poudri\u00e8re lors de la pand\u00e9mie.<\/p>\n<p class=\"lead \">L&rsquo;une des principales congr\u00e9gations, l&rsquo;\u00c9glise de Dieu d&rsquo;Aylmer, situ\u00e9e sur un vaste terrain bien entretenu, a d\u00e9fi\u00e9 les restrictions li\u00e9es au confinement et son pasteur, Henry Hildebrandt, a pay\u00e9 une amende de 65.000 dollars canadiens pour avoir rassembl\u00e9 des fid\u00e8les. <\/p>\n<p class=\"lead \">\u00ab\u00a0J&rsquo;ai ob\u00e9i \u00e0 Dieu plut\u00f4t qu&rsquo;\u00e0 l&rsquo;homme\u00a0\u00bb, avait alors affirm\u00e9 ce dernier, tout en reconnaissant qu&rsquo;il avait sciemment enfreint la loi.<\/p>\n<p class=\"lead \">\u00ab\u00a0Lorsque la rougeole est apparue, je me suis dit que je savais o\u00f9 cela allait nous mener\u00a0\u00bb, l\u00e2che Brett Hueston.<\/p>\n<p class=\"lead \">&#8211; \u00ab\u00a0Ressentiment\u00a0\u00bb &#8211;<\/p>\n<p class=\"lead \">Michelle Barton, qui dirige la division des maladies infectieuses \u00e0 l&rsquo;h\u00f4pital pour enfants du London Health Sciences Center, en Ontario, a vu cette ann\u00e9e certains des cas de rougeole p\u00e9diatrique les plus graves.<\/p>\n<p class=\"lead \">Il est \u00ab\u00a0difficile d&rsquo;assister\u00a0\u00bb \u00e0 la r\u00e9apparition d&rsquo;un virus autrefois \u00e9radiqu\u00e9, dit-elle, notant toutefois que tous les cas ne sont pas n\u00e9cessairement li\u00e9s \u00e0 des mennonites non vaccin\u00e9s.<\/p>\n<p class=\"lead \">Il y a par exemple eu des infections parmi de nouveaux immigr\u00e9s qui ne se sont pas fait vacciner apr\u00e8s s&rsquo;\u00eatre install\u00e9s au Canada, en raison notamment de la grave p\u00e9nurie de m\u00e9decins de famille.<\/p>\n<p class=\"lead \">Mais il est clair que des \u00ab\u00a0poches de personnes non vaccin\u00e9es\u00a0\u00bb rendent la r\u00e9gion vuln\u00e9rable \u00e0 la rougeole, estime la m\u00e9decin, ajoutant que les familles mennonites qu&rsquo;elle a trait\u00e9es ont des positions tr\u00e8s diverses \u00e0 l&rsquo;\u00e9gard des vaccins.<\/p>\n<p class=\"lead \">Certaines m\u00e8res confront\u00e9es \u00e0 la maladie de leurs enfants se sont par exemple montr\u00e9es ouvertes \u00e0 leur vaccination avant de se raviser, craignant la r\u00e9action de leur mari ou de leur pasteur.<\/p>\n<p class=\"lead \">\u00ab\u00a0Elles ne veulent pas aller \u00e0 l&rsquo;encontre de leur culture et des a\u00een\u00e9s (de l&rsquo;\u00e9glise)\u00a0\u00bb, explique-t-elle \u00e0 l&rsquo;AFP.<\/p>\n<p class=\"lead \">Michelle Barton a \u00e9galement de la sympathie pour la communaut\u00e9 mennonite qui fait face au \u00ab\u00a0ressentiment\u00a0\u00bb de certains professionnels de sant\u00e9, frustr\u00e9s face \u00e0 une \u00e9pid\u00e9mie qui aurait pu \u00eatre \u00e9vit\u00e9e.<\/p>\n<p class=\"lead \">L&rsquo;infectiologue esp\u00e8re que les relations forg\u00e9es entre le personnel m\u00e9dical et les familles sceptiques \u00e0 l&rsquo;\u00e9gard des vaccins pourront am\u00e9liorer la tol\u00e9rance, et elle encourage les responsables de sant\u00e9 publique \u00e0 persister dans leurs efforts pour rallier les leaders religieux \u00e0 leur cause.<\/p>\n<p class=\"lead \">&#8211; \u00ab\u00a0Un mur de mensonges\u00a0\u00bb &#8211;<\/p>\n<p class=\"lead \">Pour Alon Vaisman, m\u00e9decin sp\u00e9cialiste des maladies infectieuses au R\u00e9seau universitaire de sant\u00e9 de l&rsquo;Ontario, les responsables doivent pers\u00e9v\u00e9rer malgr\u00e9 les positions antivaccins de certaines communaut\u00e9s religieuses.<\/p>\n<p class=\"lead \">\u00ab\u00a0Du point de vue de la sant\u00e9 publique, nous ne devrions pas consid\u00e9rer que quelque chose est insurmontable lorsqu&rsquo;il s&rsquo;agit de campagnes de vaccination\u00a0\u00bb, estime-t-il.<\/p>\n<p class=\"lead \">Et les taux de vaccination des enfants restent tr\u00e8s inf\u00e9rieurs \u00e0 ce qu&rsquo;ils devraient \u00eatre, ce qui rend possible une nouvelle \u00e9pid\u00e9mie virale, notamment de rougeole, dit-il.<\/p>\n<p class=\"lead \">\u00ab\u00a0Il faut vraiment redoubler d&rsquo;efforts\u00a0\u00bb, insiste-t-il, tout en admettant toutefois que ce n&rsquo;est pas facile. \u00ab\u00a0On se bat contre le mur de d\u00e9sinformations et de mensonges\u00a0\u00bb.<\/p>\n<p class=\"small font-weight-bold text-gray3 \"> publi\u00e9 le 18 juillet \u00e0 22h24, AFP<\/p>\n<p>                             Partager<\/p>\n","protected":false},"excerpt":{"rendered":"Dans la paisible ville canadienne d&rsquo;Aylmer, les mennonites conservateurs v\u00eatus d&rsquo;habits traditionnels c\u00f4toient les habitants la\u00efcs. Mais des&hellip;\n","protected":false},"author":2,"featured_media":258421,"comment_status":"","ping_status":"","sticky":false,"template":"","format":"standard","meta":{"footnotes":""},"categories":[10],"tags":[4009,574,1719,1011,27,72,226,4020,585,71,4008,5336],"class_list":{"0":"post-258420","1":"post","2":"type-post","3":"status-publish","4":"format-standard","5":"has-post-thumbnail","7":"category-sante","8":"tag-pidmie","9":"tag-canada","10":"tag-enfants","11":"tag-fr","12":"tag-france","13":"tag-health","14":"tag-maladie","15":"tag-religion","16":"tag-sant","17":"tag-sante","18":"tag-vaccins","19":"tag-virus"},"share_on_mastodon":{"url":"https:\/\/pubeurope.com\/@fr\/114879029825516016","error":""},"_links":{"self":[{"href":"https:\/\/www.europesays.com\/fr\/wp-json\/wp\/v2\/posts\/258420","targetHints":{"allow":["GET"]}}],"collection":[{"href":"https:\/\/www.europesays.com\/fr\/wp-json\/wp\/v2\/posts"}],"about":[{"href":"https:\/\/www.europesays.com\/fr\/wp-json\/wp\/v2\/types\/post"}],"author":[{"embeddable":true,"href":"https:\/\/www.europesays.com\/fr\/wp-json\/wp\/v2\/users\/2"}],"replies":[{"embeddable":true,"href":"https:\/\/www.europesays.com\/fr\/wp-json\/wp\/v2\/comments?post=258420"}],"version-history":[{"count":0,"href":"https:\/\/www.europesays.com\/fr\/wp-json\/wp\/v2\/posts\/258420\/revisions"}],"wp:featuredmedia":[{"embeddable":true,"href":"https:\/\/www.europesays.com\/fr\/wp-json\/wp\/v2\/media\/258421"}],"wp:attachment":[{"href":"https:\/\/www.europesays.com\/fr\/wp-json\/wp\/v2\/media?parent=258420"}],"wp:term":[{"taxonomy":"category","embeddable":true,"href":"https:\/\/www.europesays.com\/fr\/wp-json\/wp\/v2\/categories?post=258420"},{"taxonomy":"post_tag","embeddable":true,"href":"https:\/\/www.europesays.com\/fr\/wp-json\/wp\/v2\/tags?post=258420"}],"curies":[{"name":"wp","href":"https:\/\/api.w.org\/{rel}","templated":true}]}}