{"id":258422,"date":"2025-07-19T08:47:09","date_gmt":"2025-07-19T08:47:09","guid":{"rendered":"https:\/\/www.europesays.com\/fr\/258422\/"},"modified":"2025-07-19T08:47:09","modified_gmt":"2025-07-19T08:47:09","slug":"en-video-tous-les-essais-dune-rencontre-tres-disputee","status":"publish","type":"post","link":"https:\/\/www.europesays.com\/fr\/258422\/","title":{"rendered":"en vid\u00e9o, tous les essais d\u2019une rencontre tr\u00e8s disput\u00e9e"},"content":{"rendered":"<p>Ce samedi \u00e0 Hamilton, les Bleus ont inscrit le premier essai de la rencontre face aux All Blacks mais les All Blacks ont imm\u00e9diatement r\u00e9agi.<\/p>\n<p class=\"fig-paragraph\">D\u2019entr\u00e9e, l\u2019<a href=\"https:\/\/www.lefigaro.fr\/sports\/rugby\/live\/test-match\/2025\/946102\/nouvelle-zelande-france\" data-fig-type=\"Live\" data-gtm-custom-categorie=\"navigation\" data-gtm-custom-action=\"crossclick\" data-gtm-custom-label=\"Contextuel\" data-gtm-event=\"customEventSPE\" data-fig-domain=\"LEFIGARO\" target=\"_blank\" rel=\"noopener\">\u00e9quipe de France<\/a>\u00a0a r\u00e9pondu pr\u00e9sent dans le d\u00e9fi physique, d\u00e9fendant parfaitement sur les premi\u00e8res offensives n\u00e9o-z\u00e9landaises. R\u00e9alistes, les Bleus ont m\u00eame inscrit le premier essai de la rencontre \u00e0 la 8e minute apr\u00e8s un bon ballon port\u00e9. Le demi de m\u00eal\u00e9e Nolann Le Garrec s\u2019est extirp\u00e9 dans le petit c\u00f4t\u00e9, a feint\u00e9 la passe et a r\u00e9ussi \u00e0 marquer.<\/p>\n<p class=\"fig-paragraph\">C\u2019\u00e9tait sans compter la r\u00e9action imm\u00e9diate des All Blacks. Apr\u00e8s un coup de renvoi r\u00e9cup\u00e9r\u00e9, le demi de m\u00eal\u00e9e Cortez Ratima analyse bien la situation, tape un coup de pied \u00e0 suivre que r\u00e9cup\u00e8re l\u2019in\u00e9vitable Will Jordan pour l\u2019essai de la r\u00e9action (22e). L\u2019ailier ou arri\u00e8re a inscrit l\u00e0 son 42e essai en 44 s\u00e9lections. Une machine.<\/p>\n<p>                                    <a class=\"fig-a11y-skip a11y-hidden\" href=\"#fig-a11y-skip-main-inarticle\"><br \/>\n        Passer la publicit\u00e9<br \/>\n    <\/a><\/p>\n<p class=\"fig-paragraph\">Avant la pause, les Bleus ont encaiss\u00e9 un nouvel essai du centre Anton Lienert-Brown sur une bonne attaque n\u00e9o-z\u00e9landaise.<\/p>\n","protected":false},"excerpt":{"rendered":"Ce samedi \u00e0 Hamilton, les Bleus ont inscrit le premier essai de la rencontre face aux All Blacks&hellip;\n","protected":false},"author":2,"featured_media":258423,"comment_status":"","ping_status":"","sticky":false,"template":"","format":"standard","meta":{"footnotes":""},"categories":[9],"tags":[2305,515,1011,27,33069,60],"class_list":{"0":"post-258422","1":"post","2":"type-post","3":"status-publish","4":"format-standard","5":"has-post-thumbnail","7":"category-sports","8":"tag-all-blacks","9":"tag-fabien-galthie","10":"tag-fr","11":"tag-france","12":"tag-gael-fickou","13":"tag-sports"},"share_on_mastodon":{"url":"https:\/\/pubeurope.com\/@fr\/114879033726192801","error":""},"_links":{"self":[{"href":"https:\/\/www.europesays.com\/fr\/wp-json\/wp\/v2\/posts\/258422","targetHints":{"allow":["GET"]}}],"collection":[{"href":"https:\/\/www.europesays.com\/fr\/wp-json\/wp\/v2\/posts"}],"about":[{"href":"https:\/\/www.europesays.com\/fr\/wp-json\/wp\/v2\/types\/post"}],"author":[{"embeddable":true,"href":"https:\/\/www.europesays.com\/fr\/wp-json\/wp\/v2\/users\/2"}],"replies":[{"embeddable":true,"href":"https:\/\/www.europesays.com\/fr\/wp-json\/wp\/v2\/comments?post=258422"}],"version-history":[{"count":0,"href":"https:\/\/www.europesays.com\/fr\/wp-json\/wp\/v2\/posts\/258422\/revisions"}],"wp:featuredmedia":[{"embeddable":true,"href":"https:\/\/www.europesays.com\/fr\/wp-json\/wp\/v2\/media\/258423"}],"wp:attachment":[{"href":"https:\/\/www.europesays.com\/fr\/wp-json\/wp\/v2\/media?parent=258422"}],"wp:term":[{"taxonomy":"category","embeddable":true,"href":"https:\/\/www.europesays.com\/fr\/wp-json\/wp\/v2\/categories?post=258422"},{"taxonomy":"post_tag","embeddable":true,"href":"https:\/\/www.europesays.com\/fr\/wp-json\/wp\/v2\/tags?post=258422"}],"curies":[{"name":"wp","href":"https:\/\/api.w.org\/{rel}","templated":true}]}}