{"id":258429,"date":"2025-07-19T08:51:10","date_gmt":"2025-07-19T08:51:10","guid":{"rendered":"https:\/\/www.europesays.com\/fr\/258429\/"},"modified":"2025-07-19T08:51:10","modified_gmt":"2025-07-19T08:51:10","slug":"en-syrie-la-presidence-annonce-un-cessez-le-feu-immediat-entre-druzes-et-bedouins","status":"publish","type":"post","link":"https:\/\/www.europesays.com\/fr\/258429\/","title":{"rendered":"En Syrie, la pr\u00e9sidence annonce un \u00abcessez-le-feu imm\u00e9diat\u00bb entre druzes et b\u00e9douins"},"content":{"rendered":"<p><strong>LE POINT SUR LA SITUATION<\/strong> &#8211; \u00abLes forces de la s\u00e9curit\u00e9 int\u00e9rieure ont commenc\u00e9 \u00e0 se d\u00e9ployer dans la province de Soue\u00efda (\u2026) dans le but de prot\u00e9ger les civils et de mettre un terme au chaos\u00bb, a indiqu\u00e9 le porte-parole du minist\u00e8re de l\u2019Int\u00e9rieur Noureddine al-Baba dans un communiqu\u00e9 sur Telegram.<\/p>\n<p class=\"fig-paragraph\">Les combats entre tribus b\u00e9douines et milices druzes se poursuivent, Isra\u00ebl signe un cessez-le-feu avec Damas, 80.000 d\u00e9plac\u00e9s dans la province de Soue\u00efda&#8230; Le Figaro fait le point sur la situation en Syrie.<\/p>\n<p>La pr\u00e9sidence syrienne annonce un cessez-le-feu \u00abimm\u00e9diat\u00bb dans la r\u00e9gion de Soue\u00efda<\/p>\n<p class=\"fig-paragraph\">Un accord de cessez-le-feu \u00abimm\u00e9diat\u00bb a \u00e9t\u00e9 annonc\u00e9 par le pr\u00e9sident syrien, Ahmed Al-Charaa. \u00c0 la suite\u00a0<a href=\"http:\/\/www.lefigaro.fr\/international\/israel-et-la-syrie-s-accordent-sur-un-cessez-le-feu-20250719\" data-fig-type=\"NewsFlash\" data-gtm-custom-categorie=\"navigation\" data-gtm-custom-action=\"crossclick\" data-gtm-custom-label=\"Contextuel\" data-gtm-event=\"customEventSPE\" data-fig-domain=\"LEFIGARO\" target=\"_blank\" rel=\"noopener\">d\u2019un accord avec Isra\u00ebl<\/a>, les forces de s\u00e9curit\u00e9 syriennes vont se d\u00e9ployer dans la province de Soue\u00efda pour mettre fin aux violences communautaires entre B\u00e9douins et druzes. Isra\u00ebl,\u00a0<a href=\"https:\/\/www.reuters.com\/world\/middle-east\/israel-syria-agree-ceasefire-israel-allows-syrian-troops-limited-access-sweida-2025-07-18\/\" target=\"_blank\" rel=\"sponsored noopener\" data-gtm-custom-categorie=\"navigation\" data-gtm-custom-action=\"crossclick\" data-gtm-custom-label=\"Contextuel\" data-gtm-event=\"customEventSPE\">selon Reuters<\/a>, refusait l\u2019entr\u00e9e de forces importantes et de blind\u00e9s. Toutefois un d\u00e9ploiement de forces de police a \u00e9t\u00e9 accept\u00e9. L\u2019\u00c9tat h\u00e9breu, qui s\u2019est \u00e9rig\u00e9 en protecteur des druzes, refuse la militarisation du sud syrien, proche de sa fronti\u00e8re.<\/p>\n<p>                                    <a class=\"fig-a11y-skip a11y-hidden\" href=\"#fig-a11y-skip-main-inarticle\"><br \/>\n        Passer la publicit\u00e9<br \/>\n    <\/a><\/p>\n<p class=\"fig-paragraph\">\u00abLes forces de la s\u00e9curit\u00e9 int\u00e9rieure ont commenc\u00e9 \u00e0 se d\u00e9ployer dans la province de Soue\u00efda (&#8230;) dans le but de prot\u00e9ger les civils et de mettre un terme au chaos\u00bb, a indiqu\u00e9 le porte-parole du minist\u00e8re de l\u2019Int\u00e9rieur Noureddine al-Baba dans un communiqu\u00e9 sur Telegram.<\/p>\n<p><strong>La Syrie et Isra\u00ebl s\u2019accordent sur un cessez-le-feu<\/strong><\/p>\n<p class=\"fig-paragraph\">Le gouvernement syrien et Isra\u00ebl se sont accord\u00e9s vendredi soir sur un cessez-le-feu sous l\u2019\u00e9gide des \u00c9tats-Unis, mais des affrontements opposent toujours des combattants tribaux et druzes \u00e0 l\u2019entr\u00e9e de\u00a0<a href=\"http:\/\/www.lefigaro.fr\/international\/fiasco-des-troupes-syriennes-face-aux-druzes-soutenus-par-israel-tout-comprendre-au-conflit-qui-a-enflamme-soueida-20250717\" data-fig-type=\"Article\" data-gtm-custom-categorie=\"navigation\" data-gtm-custom-action=\"crossclick\" data-gtm-custom-label=\"Contextuel\" data-gtm-event=\"customEventSPE\" data-fig-domain=\"LEFIGARO\" target=\"_blank\" rel=\"noopener\">Soue\u00efda<\/a>, dans le sud de la Syrie, o\u00f9 des violences ont d\u00e9j\u00e0 fait des centaines de morts et des dizaines de milliers de d\u00e9plac\u00e9s depuis pr\u00e8s d\u2019une semaine.<\/p>\n<p class=\"fig-paragraph\">Le premier ministre isra\u00e9lien Benyamin Netanyahou et le pr\u00e9sident int\u00e9rimaire syrien Ahmed al-Chareh \u00abont accept\u00e9 un cessez-le-feu\u00bb, a annonc\u00e9 l\u2019\u00e9missaire am\u00e9ricain pour la Syrie Tom Barrack, deux jours apr\u00e8s des bombardements isra\u00e9liens sur Damas. \u00abNous appelons les druzes, les B\u00e9douins et les sunnites \u00e0 d\u00e9poser les armes, et, ensemble, avec les autres minorit\u00e9s, \u00e0 construire une identit\u00e9 syrienne nouvelle et unie, dans la paix et la prosp\u00e9rit\u00e9 avec ses voisins\u00bb, a \u00e9crit M. Barrack sur le r\u00e9seau social X.<\/p>\n<p><strong>Le bilan des violences dans le sud de la Syrie s\u2019alourdit \u00e0 718 morts, selon une ONG<\/strong><\/p>\n<p class=\"fig-paragraph\">Les violences dans le sud de la Syrie ont fait depuis dimanche dernier 718 morts, selon un nouveau bilan fourni samedi par l\u2019Observatoire syrien des droits de l\u2019homme (OSDH).<\/p>\n<p class=\"fig-paragraph\">D\u2019apr\u00e8s l\u2019ONG, 391 druzes figurent parmi les morts, dont 146 combattants et 245 civils y compris 165 \u00abex\u00e9cut\u00e9s sommairement par des membres (des forces relevant) des minist\u00e8res de la D\u00e9fense et de l\u2019Int\u00e9rieur\u00bb aux premiers jours des combats. Parmi les morts figurent \u00e9galement 287 membres des forces du gouvernement et 21 combattants b\u00e9douins sunnites dont trois civils \u00abex\u00e9cut\u00e9s sommairement par des combattants druzes\u00bb, selon l\u2019OSDH. Par ailleurs, 15 membres des forces gouvernementales ont \u00e9t\u00e9 tu\u00e9s dans des frappes isra\u00e9liennes, d\u2019apr\u00e8s l\u2019ONG.<\/p>\n","protected":false},"excerpt":{"rendered":"LE POINT SUR LA SITUATION &#8211; \u00abLes forces de la s\u00e9curit\u00e9 int\u00e9rieure ont commenc\u00e9 \u00e0 se d\u00e9ployer dans&hellip;\n","protected":false},"author":2,"featured_media":258430,"comment_status":"","ping_status":"","sticky":false,"template":"","format":"standard","meta":{"footnotes":""},"categories":[5],"tags":[11,1011,27,14,12,32,28],"class_list":{"0":"post-258429","1":"post","2":"type-post","3":"status-publish","4":"format-standard","5":"has-post-thumbnail","7":"category-international","8":"tag-actualites","9":"tag-fr","10":"tag-france","11":"tag-international","12":"tag-news","13":"tag-syrie","14":"tag-world"},"share_on_mastodon":{"url":"https:\/\/pubeurope.com\/@fr\/114879049476059598","error":""},"_links":{"self":[{"href":"https:\/\/www.europesays.com\/fr\/wp-json\/wp\/v2\/posts\/258429","targetHints":{"allow":["GET"]}}],"collection":[{"href":"https:\/\/www.europesays.com\/fr\/wp-json\/wp\/v2\/posts"}],"about":[{"href":"https:\/\/www.europesays.com\/fr\/wp-json\/wp\/v2\/types\/post"}],"author":[{"embeddable":true,"href":"https:\/\/www.europesays.com\/fr\/wp-json\/wp\/v2\/users\/2"}],"replies":[{"embeddable":true,"href":"https:\/\/www.europesays.com\/fr\/wp-json\/wp\/v2\/comments?post=258429"}],"version-history":[{"count":0,"href":"https:\/\/www.europesays.com\/fr\/wp-json\/wp\/v2\/posts\/258429\/revisions"}],"wp:featuredmedia":[{"embeddable":true,"href":"https:\/\/www.europesays.com\/fr\/wp-json\/wp\/v2\/media\/258430"}],"wp:attachment":[{"href":"https:\/\/www.europesays.com\/fr\/wp-json\/wp\/v2\/media?parent=258429"}],"wp:term":[{"taxonomy":"category","embeddable":true,"href":"https:\/\/www.europesays.com\/fr\/wp-json\/wp\/v2\/categories?post=258429"},{"taxonomy":"post_tag","embeddable":true,"href":"https:\/\/www.europesays.com\/fr\/wp-json\/wp\/v2\/tags?post=258429"}],"curies":[{"name":"wp","href":"https:\/\/api.w.org\/{rel}","templated":true}]}}