{"id":258431,"date":"2025-07-19T08:52:09","date_gmt":"2025-07-19T08:52:09","guid":{"rendered":"https:\/\/www.europesays.com\/fr\/258431\/"},"modified":"2025-07-19T08:52:09","modified_gmt":"2025-07-19T08:52:09","slug":"dans-le-loir-et-cher-linternat-catholique-parraine-par-pierre-edouard-sterin-pourra-ouvrir-a-la-rentree","status":"publish","type":"post","link":"https:\/\/www.europesays.com\/fr\/258431\/","title":{"rendered":"Dans le Loir-et-Cher, l&rsquo;internat catholique parrain\u00e9 par Pierre-\u00c9douard St\u00e9rin pourra ouvrir \u00e0 la rentr\u00e9e"},"content":{"rendered":"<p>\u00abAucun motif pour lesquels le recteur, le maire, le pr\u00e9fet ou le procureur de la R\u00e9publique peuvent s\u2019opposer \u00e0 l\u2019ouverture d\u2019un \u00e9tablissement priv\u00e9 hors contrat, n\u2019a \u00e9t\u00e9 relev\u00e9\u00bb, indique le rectorat.<\/p>\n<p class=\"fig-paragraph\">Le projet d&rsquo;une Acad\u00e9mie Saint-Louis en Sologne, premier \u00e9tablissement d&rsquo;un projet d&rsquo;internats catholiques priv\u00e9s non-mixtes soutenus par le milliardaire conservateur\u00a0<a href=\"http:\/\/www.lefigaro.fr\/politique\/entrepreneuriat-philanthropie-education-la-galaxie-du-milliardaire-pierre-edouard-sterin-20250418\" data-fig-type=\"Article\" data-gtm-custom-categorie=\"navigation\" data-gtm-custom-action=\"crossclick\" data-gtm-custom-label=\"Contextuel\" data-gtm-event=\"customEventSPE\" data-fig-domain=\"LEFIGARO\" rel=\"nofollow noopener\" target=\"_blank\">Pierre-\u00c9douard St\u00e9rin<\/a>, a \u00e9t\u00e9 autoris\u00e9 par les autorit\u00e9s.<\/p>\n<p class=\"fig-paragraph\">Apr\u00e8s l&rsquo;\u00e9tude approfondie du dossier d\u00e9pos\u00e9 le 18 avril, \u00abaucun motif mentionn\u00e9 \u00e0 l&rsquo;article L. 441-1 du Code de l&rsquo;\u00e9ducation, pour lesquels le recteur, le maire, le pr\u00e9fet ou le procureur de la R\u00e9publique peuvent s&rsquo;opposer \u00e0 l&rsquo;ouverture d&rsquo;un \u00e9tablissement priv\u00e9 hors contrat, n&rsquo;a \u00e9t\u00e9 relev\u00e9\u00bb, a annonc\u00e9 le rectorat de l&rsquo;Acad\u00e9mie d&rsquo;Orl\u00e9ans-Tours, dans un message transmis \u00e0 l\u2019AFP.<\/p>\n<p>                                    <a class=\"fig-a11y-skip a11y-hidden\" href=\"#fig-a11y-skip-main-inarticle\"><br \/>\n        Passer la publicit\u00e9<br \/>\n    <\/a><\/p>\n<p class=\"fig-paragraph\">Ce premier projet d&rsquo;une Acad\u00e9mie Saint-Louis non-mixte au domaine de Chal\u00e8s, situ\u00e9 sur la commune de Nouan-le-Fuzelier (Loir-et-Cher), pourra donc ouvrir \u00e0 la rentr\u00e9e 2025. Dans une brochure, il \u00e9tait pr\u00e9cis\u00e9 que ce projet \u00e9ducatif \u00abtrouve sa source dans l&rsquo;\u201c\u00e9ducation int\u00e9grale\u201d (\u2026) qui consid\u00e8re la personne humaine tout enti\u00e8re: corps, esprit et \u00e2me\u00bb.<\/p>\n<p>Lettres ouvertes<\/p>\n<p class=\"fig-paragraph\">Plusieurs soutiens de l\u2019Acad\u00e9mie Saint-Louis de Chal\u00e8s, dont le d\u00e9put\u00e9 RN Roger Chudeau et le maire de la commune, avaient r\u00e9pondu ce mercredi dans une lettre\u00a0<a href=\"http:\/\/www.lefigaro.fr\/vox\/politique\/l-academie-saint-louis-de-chales-une-chance-pour-nos-enfants-et-notre-territoire-20250716\" data-fig-type=\"Article\" data-gtm-custom-categorie=\"navigation\" data-gtm-custom-action=\"crossclick\" data-gtm-custom-label=\"Contextuel\" data-gtm-event=\"customEventSPE\" data-fig-domain=\"LEFIGARO\" rel=\"nofollow noopener\" target=\"_blank\">publi\u00e9e dans Le Figaro<\/a> \u00a0\u00e0 \u00abcertains amalgames et attaques\u00bb visant \u00abune proposition alternative cr\u00e9dible\u00bb propos\u00e9e par l\u2019\u00e9cole, qui \u00abne b\u00e9n\u00e9ficiera d\u2019aucune subvention publique\u00bb. \u00abLa libert\u00e9 d\u2019enseignement est un principe fondamental de notre R\u00e9publique. Jusqu\u2019\u00e0 preuve du contraire, ce droit existe toujours en France. Cette libert\u00e9 est une chance\u00a0: elle permet d\u2019innover, d\u2019offrir des mod\u00e8les p\u00e9dagogiques diff\u00e9rents, de r\u00e9pondre \u00e0 la diversit\u00e9 des besoins \u00e9ducatifs et des attentes des familles.\u00bb<\/p>\n<p class=\"fig-paragraph\">La semaine derni\u00e8re, 160 personnalit\u00e9s politiques de gauche, syndicales et universitaires, parmi lesquelles l\u2019ancien ministre de l\u2019\u00c9ducation nationale Beno\u00eet Hamon ou la secr\u00e9taire g\u00e9n\u00e9rale de la CGT Sophie Binet, s\u2019\u00e9taient oppos\u00e9es au projet, notamment face au \u00abrisque d\u2019endoctrinement\u00bb. Le projet \u00abfait mine de s\u2019int\u00e9grer dans les principes r\u00e9publicains\u00bb, avaient critiqu\u00e9 les signataires de la lettre sign\u00e9e le 8 juillet.<\/p>\n<p class=\"fig-paragraph\">\u00abLes inqui\u00e9tudes suscit\u00e9es par ce projet ont \u00e9t\u00e9 entendues. D\u00e8s les premiers mois de l&rsquo;ann\u00e9e scolaire 2025-2026 l&rsquo;\u00e9tablissement fera l&rsquo;objet d&rsquo;un contr\u00f4le, comme le pr\u00e9voit la loi\u00bb, a ajout\u00e9 le rectorat. Un contr\u00f4le sur les champs \u00abadministratif et p\u00e9dagogique\u00bb, qui \u00abpermettra de s&rsquo;assurer que l&rsquo;\u00e9tablissement respecte l&rsquo;ordre public, la pr\u00e9vention sanitaire et sociale et la protection de l&rsquo;enfance et de la jeunesse, et que les enseignements dispens\u00e9s permettent aux \u00e9l\u00e8ves d&rsquo;acqu\u00e9rir les connaissances du socle commun\u00bb, est-il assur\u00e9.<\/p>\n<p>\u00abLe souci constant de servir au mieux les jeunes\u00bb<\/p>\n<p class=\"fig-paragraph\">\u00abNous apprenons cette bonne nouvelle pour les nombreuses familles ayant fait le choix d&rsquo;inscrire leurs enfants \u00e0 l&rsquo;Acad\u00e9mie Saint-Louis de Chal\u00e8s\u00bb, a r\u00e9agi l&rsquo;\u00e9tablissement, assurant se tourner \u00abvers la rentr\u00e9e, avec le souci constant de servir au mieux les jeunes et la r\u00e9gion qui nous accueille.\u00bb<\/p>\n<p>                                    <a class=\"fig-a11y-skip a11y-hidden\" href=\"#fig-a11y-skip-main-inarticle_mtf\"><br \/>\n        Passer la publicit\u00e9<br \/>\n    <\/a><\/p>\n<p class=\"fig-paragraph\">Selon les statuts de la soci\u00e9t\u00e9 immobili\u00e8re du domaine de Chal\u00e8s, deux entit\u00e9s cr\u00e9\u00e9es par Pierre-Edouard St\u00e9rin, Otium Impact France et la Fonci\u00e8re du Bien Commun, en ont la gestion.<\/p>\n","protected":false},"excerpt":{"rendered":"\u00abAucun motif pour lesquels le recteur, le maire, le pr\u00e9fet ou le procureur de la R\u00e9publique peuvent s\u2019opposer&hellip;\n","protected":false},"author":2,"featured_media":258432,"comment_status":"","ping_status":"","sticky":false,"template":"","format":"standard","meta":{"footnotes":""},"categories":[4],"tags":[11,1057,1011,27,12,25],"class_list":{"0":"post-258431","1":"post","2":"type-post","3":"status-publish","4":"format-standard","5":"has-post-thumbnail","7":"category-france","8":"tag-actualites","9":"tag-education","10":"tag-fr","11":"tag-france","12":"tag-news","13":"tag-republique-francaise"},"share_on_mastodon":{"url":"https:\/\/pubeurope.com\/@fr\/114879053483599838","error":""},"_links":{"self":[{"href":"https:\/\/www.europesays.com\/fr\/wp-json\/wp\/v2\/posts\/258431","targetHints":{"allow":["GET"]}}],"collection":[{"href":"https:\/\/www.europesays.com\/fr\/wp-json\/wp\/v2\/posts"}],"about":[{"href":"https:\/\/www.europesays.com\/fr\/wp-json\/wp\/v2\/types\/post"}],"author":[{"embeddable":true,"href":"https:\/\/www.europesays.com\/fr\/wp-json\/wp\/v2\/users\/2"}],"replies":[{"embeddable":true,"href":"https:\/\/www.europesays.com\/fr\/wp-json\/wp\/v2\/comments?post=258431"}],"version-history":[{"count":0,"href":"https:\/\/www.europesays.com\/fr\/wp-json\/wp\/v2\/posts\/258431\/revisions"}],"wp:featuredmedia":[{"embeddable":true,"href":"https:\/\/www.europesays.com\/fr\/wp-json\/wp\/v2\/media\/258432"}],"wp:attachment":[{"href":"https:\/\/www.europesays.com\/fr\/wp-json\/wp\/v2\/media?parent=258431"}],"wp:term":[{"taxonomy":"category","embeddable":true,"href":"https:\/\/www.europesays.com\/fr\/wp-json\/wp\/v2\/categories?post=258431"},{"taxonomy":"post_tag","embeddable":true,"href":"https:\/\/www.europesays.com\/fr\/wp-json\/wp\/v2\/tags?post=258431"}],"curies":[{"name":"wp","href":"https:\/\/api.w.org\/{rel}","templated":true}]}}