{"id":258437,"date":"2025-07-19T08:56:11","date_gmt":"2025-07-19T08:56:11","guid":{"rendered":"https:\/\/www.europesays.com\/fr\/258437\/"},"modified":"2025-07-19T08:56:11","modified_gmt":"2025-07-19T08:56:11","slug":"loire-et-haute-loire-humour-course-automobile-fete-medievale-des-idees-dactivites-pour-les-jours-a-venir","status":"publish","type":"post","link":"https:\/\/www.europesays.com\/fr\/258437\/","title":{"rendered":"Loire et Haute-Loire. Humour, course automobile, f\u00eate m\u00e9di\u00e9vale&#8230; Des id\u00e9es d&rsquo;activit\u00e9s pour les jours \u00e0 venir"},"content":{"rendered":"<p class=\"insetTitle\">Les Fous rires du ch\u00e2teau sont de retour \u00e0 Saint-Victor-sur-Loire<\/p>\n<p>La quatri\u00e8me \u00e9dition de ce festival d\u2019humour se d\u00e9roule du 15\u00a0juillet au 13\u00a0ao\u00fbt, tous les mardis et mercredis, dans le cadre enchanteur de l\u2019amphith\u00e9\u00e2tre du ch\u00e2teau.<\/p>\n<p>\u00c0 chaque date, deux spectacles seront propos\u00e9s\u00a0: un pour les enfants \u00e0 18\u00a0heures (\u00e0 partir de 4 ans), suivi d\u2019une repr\u00e9sentation tout public \u00e0 20\u00a0h\u00a030. Th\u00e9\u00e2tre, improvisation, magie, humour\u2026 Il y en aura pour tous les go\u00fbts\u00a0!<\/p>\n<p>Les jours de spectacles, d\u00e8s 16\u00a0h\u00a030, les spectateurs pourront profiter d\u2019une pause boisson et repas, en compagnie des membres de l\u2019association Les Amis de Saint-Victor.<\/p>\n<p class=\"note\">Jusqu\u2019au 13\u00a0ao\u00fbt, tous les mardis et mercredis, spectacle \u00e0 18\u00a0h et 20\u00a0h\u00a030. Amphith\u00e9\u00e2tre du ch\u00e2teau. Spectacles jeune public\u00a0: 10\u00a0\u20ac. Spectacles tout public\u00a0: 15\u00a0\u20ac, enfants (3-12 ans)\u00a0: 10\u00a0\u20ac. Pass plusieurs spectacles (2, 4 ou 6)\u00a0: de 18 \u00e0 78\u00a0\u20ac. Pass festival\u00a0: de 63 \u00e0 120\u00a0\u20ac. Rens. et billetterie\u00a0: <a href=\"http:\/\/www.lesfousriresduchateau.fr\" target=\"_blank\" rel=\"noopener\">www.lesfousriresduchateau.fr<\/a><\/p>\n","protected":false},"excerpt":{"rendered":"Les Fous rires du ch\u00e2teau sont de retour \u00e0 Saint-Victor-sur-Loire La quatri\u00e8me \u00e9dition de ce festival d\u2019humour se&hellip;\n","protected":false},"author":2,"featured_media":258438,"comment_status":"","ping_status":"","sticky":false,"template":"","format":"standard","meta":{"footnotes":""},"categories":[9653],"tags":[1111,11,39858,2430,39860,1687,39859,7359,7539,1777,674,1011,27,4002,3367,12,25,4001,3140],"class_list":{"0":"post-258437","1":"post","2":"type-post","3":"status-publish","4":"format-standard","5":"has-post-thumbnail","7":"category-saint-etienne","8":"tag-actu","9":"tag-actualites","10":"tag-allegre","11":"tag-auvergne-rhone-alpes","12":"tag-chalmazel-jeansagniere","13":"tag-culture-loisirs","14":"tag-dunieres","15":"tag-edition-loire-centre","16":"tag-edition-loire-sud","17":"tag-eu","18":"tag-europe","19":"tag-fr","20":"tag-france","21":"tag-haute-loire","22":"tag-loire","23":"tag-news","24":"tag-republique-francaise","25":"tag-saint-etienne","26":"tag-spectacle"},"share_on_mastodon":{"url":"https:\/\/pubeurope.com\/@fr\/114879069059776516","error":""},"_links":{"self":[{"href":"https:\/\/www.europesays.com\/fr\/wp-json\/wp\/v2\/posts\/258437","targetHints":{"allow":["GET"]}}],"collection":[{"href":"https:\/\/www.europesays.com\/fr\/wp-json\/wp\/v2\/posts"}],"about":[{"href":"https:\/\/www.europesays.com\/fr\/wp-json\/wp\/v2\/types\/post"}],"author":[{"embeddable":true,"href":"https:\/\/www.europesays.com\/fr\/wp-json\/wp\/v2\/users\/2"}],"replies":[{"embeddable":true,"href":"https:\/\/www.europesays.com\/fr\/wp-json\/wp\/v2\/comments?post=258437"}],"version-history":[{"count":0,"href":"https:\/\/www.europesays.com\/fr\/wp-json\/wp\/v2\/posts\/258437\/revisions"}],"wp:featuredmedia":[{"embeddable":true,"href":"https:\/\/www.europesays.com\/fr\/wp-json\/wp\/v2\/media\/258438"}],"wp:attachment":[{"href":"https:\/\/www.europesays.com\/fr\/wp-json\/wp\/v2\/media?parent=258437"}],"wp:term":[{"taxonomy":"category","embeddable":true,"href":"https:\/\/www.europesays.com\/fr\/wp-json\/wp\/v2\/categories?post=258437"},{"taxonomy":"post_tag","embeddable":true,"href":"https:\/\/www.europesays.com\/fr\/wp-json\/wp\/v2\/tags?post=258437"}],"curies":[{"name":"wp","href":"https:\/\/api.w.org\/{rel}","templated":true}]}}