{"id":258452,"date":"2025-07-19T09:07:11","date_gmt":"2025-07-19T09:07:11","guid":{"rendered":"https:\/\/www.europesays.com\/fr\/258452\/"},"modified":"2025-07-19T09:07:11","modified_gmt":"2025-07-19T09:07:11","slug":"grenoble-un-homme-grievement-blesse-par-balle-au-village-olympique","status":"publish","type":"post","link":"https:\/\/www.europesays.com\/fr\/258452\/","title":{"rendered":"Grenoble. Un homme gri\u00e8vement bless\u00e9 par balle au Village olympique"},"content":{"rendered":"<p>Ce samedi 19 juillet, vers 7 h 30, les sapeurs-pompiers sont intervenus rue Henri-Duhamel dans le quartier du Village olympique, \u00e0 Grenoble, pour porter secours \u00e0 un jeune homme d&rsquo;une vingtaine d&rsquo;ann\u00e9es bless\u00e9 par balle.<\/p>\n<p>Pr\u00e9sentant une plaie \u00e0 une cuisse, l&rsquo;homme a \u00e9t\u00e9 pris en charge et m\u00e9dicalis\u00e9 sur place par une \u00e9quipe du Samu avant d&rsquo;\u00eatre transport\u00e9 en urgence absolue au CHU Grenoble Alpes o\u00f9 il a \u00e9t\u00e9 admis dans le service de d\u00e9chocage.<\/p>\n<p>Ce contenu est bloqu\u00e9 car vous n&rsquo;avez pas accept\u00e9 les cookies et autres traceurs.<\/p>\n<p>En cliquant sur \u00ab J\u2019accepte \u00bb, les cookies et autres traceurs seront d\u00e9pos\u00e9s et vous pourrez visualiser les contenus  (<a href=\"\" class=\"consentModule_policy\" target=\"_blank\" title=\"Consulter la politique de protection des donn\u00e9es du fournisseur\">plus d&rsquo;informations<\/a>).<\/p>\n<p>En cliquant sur \u00ab J\u2019accepte tous les cookies \u00bb, vous autorisez des d\u00e9p\u00f4ts de cookies et autres traceurs pour le stockage de vos donn\u00e9es sur nos sites et applications \u00e0 des fins de personnalisation et de ciblage publicitaire.<\/p>\n<p class=\"consentModule_secondaryText\">Vous gardez la possibilit\u00e9 de retirer votre consentement \u00e0 tout moment en consultant notre <a href=\"https:\/\/www.ledauphine.com\/protection-des-donnees\" target=\"_blank\" title=\"Consulter notre politique de protection des donn\u00e9es\" rel=\"noopener\">politique de protection des donn\u00e9es<\/a>. <br \/>&#13;<br \/>\n            <a href=\"https:\/\/www.ledauphine.com\/faits-divers-justice\/2025\/07\/19\/javascript:Didomi.notice.show()\" class=\"consentModule_cmp\" target=\"_blank\" rel=\"noopener\">G\u00e9rer mes choix<\/a>&#13;\n        <\/p>\n<p>&#13;<br \/>\n                        J&rsquo;accepte&#13;<br \/>\n            J&rsquo;accepte tous les cookies&#13;\n        <\/p>\n<p>Une enqu\u00eate \u00e0 \u00e9t\u00e9 ouverte par les policiers grenoblois pour tenter de d\u00e9terminer les circonstances de ces faits et identifier le ou les auteurs du ou des tirs qui ont vis\u00e9 et atteint la victime.<\/p>\n","protected":false},"excerpt":{"rendered":"Ce samedi 19 juillet, vers 7 h 30, les sapeurs-pompiers sont intervenus rue Henri-Duhamel dans le quartier du&hellip;\n","protected":false},"author":2,"featured_media":258453,"comment_status":"","ping_status":"","sticky":false,"template":"","format":"standard","meta":{"footnotes":""},"categories":[9566],"tags":[1111,11,2430,271,272,112,1777,674,274,107,1011,27,2731,2732,108,12,25],"class_list":{"0":"post-258452","1":"post","2":"type-post","3":"status-publish","4":"format-standard","5":"has-post-thumbnail","7":"category-grenoble","8":"tag-actu","9":"tag-actualites","10":"tag-auvergne-rhone-alpes","11":"tag-crime","12":"tag-delit-et-contravention","13":"tag-edition-grenoble-agglomeration","14":"tag-eu","15":"tag-europe","16":"tag-faits-divers-justice","17":"tag-fil-info","18":"tag-fr","19":"tag-france","20":"tag-grenoble","21":"tag-grenoble-bassin","22":"tag-isere","23":"tag-news","24":"tag-republique-francaise"},"share_on_mastodon":{"url":"https:\/\/pubeurope.com\/@fr\/114879112351465688","error":""},"_links":{"self":[{"href":"https:\/\/www.europesays.com\/fr\/wp-json\/wp\/v2\/posts\/258452","targetHints":{"allow":["GET"]}}],"collection":[{"href":"https:\/\/www.europesays.com\/fr\/wp-json\/wp\/v2\/posts"}],"about":[{"href":"https:\/\/www.europesays.com\/fr\/wp-json\/wp\/v2\/types\/post"}],"author":[{"embeddable":true,"href":"https:\/\/www.europesays.com\/fr\/wp-json\/wp\/v2\/users\/2"}],"replies":[{"embeddable":true,"href":"https:\/\/www.europesays.com\/fr\/wp-json\/wp\/v2\/comments?post=258452"}],"version-history":[{"count":0,"href":"https:\/\/www.europesays.com\/fr\/wp-json\/wp\/v2\/posts\/258452\/revisions"}],"wp:featuredmedia":[{"embeddable":true,"href":"https:\/\/www.europesays.com\/fr\/wp-json\/wp\/v2\/media\/258453"}],"wp:attachment":[{"href":"https:\/\/www.europesays.com\/fr\/wp-json\/wp\/v2\/media?parent=258452"}],"wp:term":[{"taxonomy":"category","embeddable":true,"href":"https:\/\/www.europesays.com\/fr\/wp-json\/wp\/v2\/categories?post=258452"},{"taxonomy":"post_tag","embeddable":true,"href":"https:\/\/www.europesays.com\/fr\/wp-json\/wp\/v2\/tags?post=258452"}],"curies":[{"name":"wp","href":"https:\/\/api.w.org\/{rel}","templated":true}]}}